{"id":84,"date":"2019-09-29T21:00:39","date_gmt":"2019-09-29T21:00:39","guid":{"rendered":"http:\/\/www.vidasignificativa.org\/?p=84"},"modified":"2020-10-22T10:48:35","modified_gmt":"2020-10-22T10:48:35","slug":"un-dia-de-playa-sin-mama","status":"publish","type":"post","link":"https:\/\/www.vidasignificativa.org\/cat\/un-dia-de-playa-sin-mama\/","title":{"rendered":"Un d\u00eda de playa sin mam\u00e1"},"content":{"rendered":"<p><div class=\"fusion-fullwidth fullwidth-box fusion-builder-row-1 nonhundred-percent-fullwidth non-hundred-percent-height-scrolling\" style=\"--awb-background-position:left top;--awb-border-radius-top-left:0px;--awb-border-radius-top-right:0px;--awb-border-radius-bottom-right:0px;--awb-border-radius-bottom-left:0px;--awb-padding-top:120px;--awb-padding-bottom:0px;--awb-border-sizes-top:0px;--awb-border-sizes-bottom:0px;--awb-flex-wrap:wrap;\" ><div class=\"fusion-builder-row fusion-row\"><div class=\"fusion-layout-column fusion_builder_column fusion-builder-column-0 fusion_builder_column_1_1 1_1 fusion-one-full fusion-column-first fusion-column-last\" style=\"--awb-bg-size:cover;\"><div class=\"fusion-column-wrapper fusion-flex-column-wrapper-legacy\"><div class=\"fusion-text fusion-text-1\"><h3>UN SUE\u00d1O EN LAS OLAS<\/h3>\n<\/div><div class=\"fusion-sep-clear\"><\/div><div class=\"fusion-separator fusion-clearfix\" style=\"float:left;margin-top:0px;margin-bottom:30px;width:100%;max-width:200px;\"><div class=\"fusion-separator-border sep-single sep-solid\" style=\"--awb-height:20px;--awb-amount:20px;--awb-sep-color:#fec96b;border-color:#fec96b;border-top-width:3px;\"><\/div><\/div><div class=\"fusion-sep-clear\"><\/div><div class=\"fusion-text fusion-text-2\"><p>Mientras descarg\u00e1bamos el maletero lleno de comida y juguetes de playa para compartir un maravilloso d\u00eda de playa con los ni\u00f1os, ni\u00f1as y educador@s de la casa de acogida de Tei\u00e1, la Rosal\u00eda, se inici\u00f3 una conversaci\u00f3n con una bonita alma de 7 a\u00f1os.<\/p>\n<ul>\n<li>\u00a1Mam\u00e1! \u00bfning\u00fan ni\u00f1o y ni\u00f1a de los que est\u00e1n aqu\u00ed tienen padre ni madre?<\/li>\n<li>S\u00ed! La mayor\u00eda s\u00ed tienen.<\/li>\n<li>\u00bfY por qu\u00e9 no viven con ellos?<\/li>\n<li>Porque\u00a0a veces los adultos pasan por malos momentos. A veces la vida no trata\u00a0bien\u00a0a algunas personas, a veces estamos tan heridos que necesitamos tiempo para\u00a0reconectarnos, a veces tenemos que aprender a cuidar primero de nosotros mismos para poder cuidar a los dem\u00e1s. Y a veces, simplemente debemos darnos cuenta\u00a0de que\u00a0nos necesitamos los unos a los otros y que con un poquito de amor y confianza podemos conseguir grandes cambios.<\/li>\n<li>\u00bfY si consiguen todo esto podr\u00e1n volver a estar con sus hijos?<\/li>\n<li>Claro que s\u00ed. Algunos lo\u00a0conseguir\u00e1n, otros\u00a0quiz\u00e1\u00a0no.<\/li>\n<li>\u00bfEs por eso que hay casas de acogida?<\/li>\n<li>S\u00ed, casas con personas maravillosas que cuidan de estos ni\u00f1os y ni\u00f1as mientras sus pap\u00e1s o mam\u00e1s no pueden.<\/li>\n<li>\u00bfEl amor de una madre es infinito?<\/li>\n<li>Para mi s\u00ed.<\/li>\n<li>\u00bfHay madres malas?<\/li>\n<li>\u00a1Creo\u00a0que no! Creo que hay madres y padres con algunas\u00a0dificultades\u00a0y que necesitan de mucha ayuda y amor para solucionar algunos asuntos para poder volver a cuidar de sus hijos. Y eso no quiere decir que no amen a sus hijos.<\/li>\n<li>Si yo no tuviera amor estar\u00eda triste. Creo que tengo mucha suerte.<\/li>\n<li>S\u00ed, yo tambi\u00e9n estar\u00eda muy triste. Todos merecemos recibir amor en\u00a0abundancia. Sea de quien sea.<\/li>\n<\/ul>\n<\/div><div class=\"fusion-sep-clear\"><\/div><div class=\"fusion-separator fusion-full-width-sep\" style=\"margin-left: auto;margin-right: auto;margin-top:5px;width:100%;\"><\/div><div class=\"fusion-sep-clear\"><\/div><div class=\"fusion-text fusion-text-3\"><p>Fue\u00a0una buena oportunidad para\u00a0agradecer\u00a0a la vida de todo el amor que ten\u00edamos. Pero a la vez, se convirti\u00f3 tambi\u00e9n en una\u00a0posibilidad\u00a0para abrir bien los ojos, para estar atentos, para darnos cuenta\u00a0de que\u00a0juntos sumamos, que la mirada de la\u00a0infancia\u00a0nos\u00a0reconecta\u00a0con la solidaridad, que el altruismo se experimenta y que los peque\u00f1os detalles reaniman corazones entumecidos.<\/p>\n<\/div><div class=\"fusion-sep-clear\"><\/div><div class=\"fusion-separator fusion-full-width-sep\" style=\"margin-left: auto;margin-right: auto;margin-top:20px;width:100%;\"><\/div><div class=\"fusion-sep-clear\"><\/div><div class=\"fusion-clearfix\"><\/div><\/div><\/div><\/div><\/div><div class=\"fusion-fullwidth fullwidth-box fusion-builder-row-2 nonhundred-percent-fullwidth non-hundred-percent-height-scrolling\" style=\"--awb-background-position:left top;--awb-border-radius-top-left:0px;--awb-border-radius-top-right:0px;--awb-border-radius-bottom-right:0px;--awb-border-radius-bottom-left:0px;--awb-padding-top:50px;--awb-padding-bottom:50px;--awb-border-sizes-top:0px;--awb-border-sizes-bottom:0px;--awb-flex-wrap:wrap;\" ><div class=\"fusion-builder-row fusion-row\"><div class=\"fusion-layout-column fusion_builder_column fusion-builder-column-1 fusion_builder_column_1_1 1_1 fusion-one-full fusion-column-first fusion-column-last\" style=\"--awb-bg-size:cover;\"><div class=\"fusion-column-wrapper fusion-flex-column-wrapper-legacy\"><div class=\"fusion-image-element fusion-image-align-center in-legacy-container\" style=\"text-align:center;--awb-caption-title-font-family:var(--h2_typography-font-family);--awb-caption-title-font-weight:var(--h2_typography-font-weight);--awb-caption-title-font-style:var(--h2_typography-font-style);--awb-caption-title-size:var(--h2_typography-font-size);--awb-caption-title-transform:var(--h2_typography-text-transform);--awb-caption-title-line-height:var(--h2_typography-line-height);--awb-caption-title-letter-spacing:var(--h2_typography-letter-spacing);\"><div class=\"imageframe-align-center\"><span class=\"fusion-imageframe imageframe-none imageframe-1 hover-type-none\"><img decoding=\"async\" width=\"320\" height=\"212\" title=\"beach-sea-coast-water-sand-ocean-682047-pxhere.com (1)\" src=\"http:\/\/www.vidasignificativa.org\/wp-content\/uploads\/2019\/09\/beach-sea-coast-water-sand-ocean-682047-pxhere.com-1.jpg\" alt class=\"img-responsive wp-image-1352\" srcset=\"https:\/\/www.vidasignificativa.org\/wp-content\/uploads\/2019\/09\/beach-sea-coast-water-sand-ocean-682047-pxhere.com-1-200x133.jpg 200w, https:\/\/www.vidasignificativa.org\/wp-content\/uploads\/2019\/09\/beach-sea-coast-water-sand-ocean-682047-pxhere.com-1.jpg 320w\" sizes=\"(max-width: 1024px) 100vw, 320px\" \/><\/span><\/div><\/div><div class=\"fusion-clearfix\"><\/div><\/div><\/div><\/div><\/div><div class=\"fusion-fullwidth fullwidth-box fusion-builder-row-3 nonhundred-percent-fullwidth non-hundred-percent-height-scrolling\" style=\"--awb-background-position:left top;--awb-border-radius-top-left:0px;--awb-border-radius-top-right:0px;--awb-border-radius-bottom-right:0px;--awb-border-radius-bottom-left:0px;--awb-padding-top:20px;--awb-padding-bottom:20px;--awb-border-sizes-top:0px;--awb-border-sizes-bottom:0px;--awb-flex-wrap:wrap;\" ><div class=\"fusion-builder-row fusion-row\"><div class=\"fusion-layout-column fusion_builder_column fusion-builder-column-2 fusion_builder_column_1_1 1_1 fusion-one-full fusion-column-first fusion-column-last\" style=\"--awb-bg-size:cover;\"><div class=\"fusion-column-wrapper fusion-flex-column-wrapper-legacy\"><div class=\"fusion-text fusion-text-4\"><h3>TODOS LOS MOMENTOS CUENTAN<\/h3>\n<\/div><div class=\"fusion-sep-clear\"><\/div><div class=\"fusion-separator fusion-clearfix\" style=\"float:left;margin-top:0px;margin-bottom:30px;width:100%;max-width:200px;\"><div class=\"fusion-separator-border sep-single sep-solid\" style=\"--awb-height:20px;--awb-amount:20px;--awb-sep-color:#fec96b;border-color:#fec96b;border-top-width:3px;\"><\/div><\/div><div class=\"fusion-sep-clear\"><\/div><div class=\"fusion-text fusion-text-5\"><div>Esta\u00a0experiencia\u00a0nos regal\u00f3 un d\u00eda soleado, una agua cristalina repleta de peque\u00f1os peces que acariciaban nuestros pies, una brisa suave, una rica y saludable comida, tiempo, presencia, juegos, pelotas, castillos de arena, carreras hasta las boyas, risas, charlas, confidencias, miradas, ternura, abrazos, abrazos y m\u00e1s abrazos.<\/div>\n<div><\/div>\n<div>Cuando ofreces un amor sincero, cuando extiendes tus brazos y tus manos para dar un poquito de calor, cuando compartes un simple ba\u00f1o de agua salada poniendo solo tu cuerpo y tu coraz\u00f3n y cuando miras qu\u00e9 es lo poco que necesita el otro, es cuando suceden los milagros.<\/div>\n<div><\/div>\n<div>Des de Vida\u00a0Significativa, agradecemos a todos los ni\u00f1os, ni\u00f1as y\u00a0educador@s\u00a0de la Rosal\u00eda por ayudarnos a hacer un mundo mejor. Por permitirnos\u00a0conectar\u00a0con la\u00a0aut\u00e9ntica\u00a0esencia, por la simbiosis \u00edntima, por sus muestras de cari\u00f1o y sinceridad y por ayudarnos a tomar conciencia de que el altruismo sincero, sana viejas heridas, no solo las de quien recibe\u00a0sino\u00a0tambi\u00e9n las de quienes dan.<\/div>\n<div><\/div>\n<div><\/div>\n<div>Escrito por Helena Ramon.<\/div>\n<\/div><div class=\"fusion-clearfix\"><\/div><\/div><\/div><\/div><\/div><div class=\"fusion-fullwidth fullwidth-box fusion-builder-row-4 nonhundred-percent-fullwidth non-hundred-percent-height-scrolling\" style=\"--awb-background-position:left top;--awb-border-radius-top-left:0px;--awb-border-radius-top-right:0px;--awb-border-radius-bottom-right:0px;--awb-border-radius-bottom-left:0px;--awb-padding-top:30px;--awb-padding-bottom:150px;--awb-border-sizes-top:0px;--awb-border-sizes-bottom:0px;--awb-flex-wrap:wrap;\" ><div class=\"fusion-builder-row fusion-row\"><div class=\"fusion-layout-column fusion_builder_column fusion-builder-column-3 fusion_builder_column_1_1 1_1 fusion-one-full fusion-column-first fusion-column-last\" style=\"--awb-bg-size:cover;\"><div class=\"fusion-column-wrapper fusion-flex-column-wrapper-legacy\"><div class=\"fusion-sharing-box fusion-sharing-box-1 boxed-icons has-taglines layout-floated layout-medium-floated layout-small-floated\" style=\"background-color:rgba(255,255,255,0);padding:0;--awb-layout:row;--awb-alignment-small:space-between;\" data-title=\"Un d\u00eda de playa sin mam\u00e1\" data-description=\"UN SUE\u00d1O EN LAS OLAS Mientras descarg\u00e1bamos el maletero lleno de comida y juguetes de playa para compartir un maravilloso d\u00eda de playa con los ni\u00f1os, ni\u00f1as y educador@s de la casa de acogida de Tei\u00e1, la Rosal\u00eda, se inici\u00f3 una conversaci\u00f3n con una bonita alma de 7 a\u00f1os. \t\u00a1Mam\u00e1! \u00bfning\u00fan ni\u00f1o y ni\u00f1a\" data-link=\"https:\/\/www.vidasignificativa.org\/cat\/un-dia-de-playa-sin-mama\/\"><h4 class=\"tagline\" style=\"color:#1e1e1e;\">Comparteix aquest article<\/h4><div class=\"fusion-social-networks sharingbox-shortcode-icon-wrapper sharingbox-shortcode-icon-wrapper-1 boxed-icons\"><span><a href=\"https:\/\/www.facebook.com\/sharer.php?u=https%3A%2F%2Fwww.vidasignificativa.org%2Fcat%2Fun-dia-de-playa-sin-mama%2F&amp;t=Un%20d%C3%ADa%20de%20playa%20sin%20mam%C3%A1\" target=\"_blank\" rel=\"noreferrer\" title=\"Facebook\" aria-label=\"Facebook\" data-placement=\"top\" data-toggle=\"tooltip\" data-title=\"Facebook\"><i class=\"fusion-social-network-icon fusion-tooltip fusion-facebook awb-icon-facebook\" style=\"color:#ffffff;background-color:#3b5998;border-color:#3b5998;border-radius:4px;\" aria-hidden=\"true\"><\/i><\/a><\/span><span><a href=\"https:\/\/twitter.com\/share?text=Un%20d%C3%ADa%20de%20playa%20sin%20mam%C3%A1&amp;url=https%3A%2F%2Fwww.vidasignificativa.org%2Fcat%2Fun-dia-de-playa-sin-mama%2F\" target=\"_blank\" rel=\"noopener noreferrer\" title=\"X\" aria-label=\"X\" data-placement=\"top\" data-toggle=\"tooltip\" data-title=\"X\"><i class=\"fusion-social-network-icon fusion-tooltip fusion-twitter awb-icon-twitter\" style=\"color:#ffffff;background-color:#000000;border-color:#000000;border-radius:4px;\" aria-hidden=\"true\"><\/i><\/a><\/span><span><a href=\"https:\/\/www.linkedin.com\/shareArticle?mini=true&amp;url=https%3A%2F%2Fwww.vidasignificativa.org%2Fcat%2Fun-dia-de-playa-sin-mama%2F&amp;title=Un%20d%C3%ADa%20de%20playa%20sin%20mam%C3%A1&amp;summary=UN%20SUE%C3%91O%20EN%20LAS%20OLAS%20%20%0D%0A%0D%0AMientras%20descarg%C3%A1bamos%20el%20maletero%20lleno%20de%20comida%20y%20juguetes%20de%20playa%20para%20compartir%20un%20maravilloso%20d%C3%ADa%20de%20playa%20con%20los%20ni%C3%B1os%2C%20ni%C3%B1as%20y%20educador%40s%20de%20la%20casa%20de%20acogida%20de%20Tei%C3%A1%2C%20la%20Rosal%C3%ADa%2C%20se%20inici%C3%B3%20una%20conversaci%C3%B3n%20con%20una%20bonita%20alma%20de%207%20a%C3%B1os.%0D%0A%0D%0A%20%09%C2%A1Mam%C3%A1%21%20%C2%BFning%C3%BAn%20ni%C3%B1o%20y%20ni%C3%B1a\" target=\"_blank\" rel=\"noopener noreferrer\" title=\"LinkedIn\" aria-label=\"LinkedIn\" data-placement=\"top\" data-toggle=\"tooltip\" data-title=\"LinkedIn\"><i class=\"fusion-social-network-icon fusion-tooltip fusion-linkedin awb-icon-linkedin\" style=\"color:#ffffff;background-color:#0077b5;border-color:#0077b5;border-radius:4px;\" aria-hidden=\"true\"><\/i><\/a><\/span><span><a href=\"https:\/\/api.whatsapp.com\/send?text=https%3A%2F%2Fwww.vidasignificativa.org%2Fcat%2Fun-dia-de-playa-sin-mama%2F\" target=\"_blank\" rel=\"noopener noreferrer\" title=\"WhatsApp\" aria-label=\"WhatsApp\" data-placement=\"top\" data-toggle=\"tooltip\" data-title=\"WhatsApp\"><i class=\"fusion-social-network-icon fusion-tooltip fusion-whatsapp awb-icon-whatsapp\" style=\"color:#ffffff;background-color:#77e878;border-color:#77e878;border-radius:4px;\" aria-hidden=\"true\"><\/i><\/a><\/span><\/div><\/div><div class=\"fusion-clearfix\"><\/div><\/div><\/div><\/div><\/div><\/p>","protected":false},"excerpt":{"rendered":"","protected":false},"author":1,"featured_media":1485,"comment_status":"open","ping_status":"closed","sticky":false,"template":"","format":"standard","meta":{"give_campaign_id":0,"footnotes":""},"categories":[36,46,57,42,37,26],"tags":[39,66,65,64,67,58,40],"yoast_head":"<!-- This site is optimized with the Yoast SEO plugin v24.0 - https:\/\/yoast.com\/wordpress\/plugins\/seo\/ -->\n<title>Un d\u00eda de playa sin mam\u00e1 proyecto - Vida Significativa<\/title>\n<meta name=\"description\" content=\"Descubre nuestro proyecto Un d\u00eda de playa sin mam\u00e1. Pasamos el d\u00eda con ni\u00f1os que se encuentran en casas de acogida. \u00bfTe animas a colaborar?\" \/>\n<meta name=\"robots\" content=\"index, follow, max-snippet:-1, max-image-preview:large, max-video-preview:-1\" \/>\n<link rel=\"canonical\" href=\"https:\/\/www.vidasignificativa.org\/cat\/un-dia-de-playa-sin-mama\/\" \/>\n<meta property=\"og:locale\" content=\"ca_ES\" \/>\n<meta property=\"og:type\" content=\"article\" \/>\n<meta property=\"og:title\" content=\"Un d\u00eda de playa sin mam\u00e1 proyecto - Vida Significativa\" \/>\n<meta property=\"og:description\" content=\"Descubre nuestro proyecto Un d\u00eda de playa sin mam\u00e1. Pasamos el d\u00eda con ni\u00f1os que se encuentran en casas de acogida. \u00bfTe animas a colaborar?\" \/>\n<meta property=\"og:url\" content=\"https:\/\/www.vidasignificativa.org\/cat\/un-dia-de-playa-sin-mama\/\" \/>\n<meta property=\"og:site_name\" content=\"Vida Significativa\" \/>\n<meta property=\"article:published_time\" content=\"2019-09-29T21:00:39+00:00\" \/>\n<meta property=\"article:modified_time\" content=\"2020-10-22T10:48:35+00:00\" \/>\n<meta property=\"og:image\" content=\"https:\/\/www.vidasignificativa.org\/wp-content\/uploads\/2019\/09\/Blog-Vida-Significativa-2.jpg\" \/>\n\t<meta property=\"og:image:width\" content=\"940\" \/>\n\t<meta property=\"og:image:height\" content=\"788\" \/>\n\t<meta property=\"og:image:type\" content=\"image\/jpeg\" \/>\n<meta name=\"author\" content=\"vidasignificativa\" \/>\n<meta name=\"twitter:card\" content=\"summary_large_image\" \/>\n<meta name=\"twitter:label1\" content=\"Escrit per\" \/>\n\t<meta name=\"twitter:data1\" content=\"vidasignificativa\" \/>\n\t<meta name=\"twitter:label2\" content=\"Temps estimat de lectura\" \/>\n\t<meta name=\"twitter:data2\" content=\"7 minuts\" \/>\n<script type=\"application\/ld+json\" class=\"yoast-schema-graph\">{\"@context\":\"https:\/\/schema.org\",\"@graph\":[{\"@type\":\"Article\",\"@id\":\"https:\/\/www.vidasignificativa.org\/un-dia-de-playa-sin-mama\/#article\",\"isPartOf\":{\"@id\":\"https:\/\/www.vidasignificativa.org\/un-dia-de-playa-sin-mama\/\"},\"author\":{\"name\":\"vidasignificativa\",\"@id\":\"https:\/\/www.vidasignificativa.org\/#\/schema\/person\/a44966fcddbd5126c638240188e9c27e\"},\"headline\":\"Un d\u00eda de playa sin mam\u00e1\",\"datePublished\":\"2019-09-29T21:00:39+00:00\",\"dateModified\":\"2020-10-22T10:48:35+00:00\",\"mainEntityOfPage\":{\"@id\":\"https:\/\/www.vidasignificativa.org\/un-dia-de-playa-sin-mama\/\"},\"wordCount\":1456,\"commentCount\":0,\"publisher\":{\"@id\":\"https:\/\/www.vidasignificativa.org\/#organization\"},\"image\":{\"@id\":\"https:\/\/www.vidasignificativa.org\/un-dia-de-playa-sin-mama\/#primaryimage\"},\"thumbnailUrl\":\"https:\/\/www.vidasignificativa.org\/wp-content\/uploads\/2019\/09\/Blog-Vida-Significativa-2.jpg\",\"keywords\":[\"Altruismo\",\"casa residencial\",\"ni\u00f1as\",\"ni\u00f1os\",\"ni\u00f1os de acogida\",\"Playa\",\"Solidaridad\"],\"articleSection\":[\"Altruismo\",\"Excursi\u00f3n solidaria\",\"Playa\",\"Sensibilizaci\u00f3n\",\"Solidaridad\",\"Voluntariado\"],\"inLanguage\":\"ca\",\"potentialAction\":[{\"@type\":\"CommentAction\",\"name\":\"Comment\",\"target\":[\"https:\/\/www.vidasignificativa.org\/un-dia-de-playa-sin-mama\/#respond\"]}]},{\"@type\":\"WebPage\",\"@id\":\"https:\/\/www.vidasignificativa.org\/un-dia-de-playa-sin-mama\/\",\"url\":\"https:\/\/www.vidasignificativa.org\/un-dia-de-playa-sin-mama\/\",\"name\":\"Un d\u00eda de playa sin mam\u00e1 proyecto - Vida Significativa\",\"isPartOf\":{\"@id\":\"https:\/\/www.vidasignificativa.org\/#website\"},\"primaryImageOfPage\":{\"@id\":\"https:\/\/www.vidasignificativa.org\/un-dia-de-playa-sin-mama\/#primaryimage\"},\"image\":{\"@id\":\"https:\/\/www.vidasignificativa.org\/un-dia-de-playa-sin-mama\/#primaryimage\"},\"thumbnailUrl\":\"https:\/\/www.vidasignificativa.org\/wp-content\/uploads\/2019\/09\/Blog-Vida-Significativa-2.jpg\",\"datePublished\":\"2019-09-29T21:00:39+00:00\",\"dateModified\":\"2020-10-22T10:48:35+00:00\",\"description\":\"Descubre nuestro proyecto Un d\u00eda de playa sin mam\u00e1. Pasamos el d\u00eda con ni\u00f1os que se encuentran en casas de acogida. \u00bfTe animas a colaborar?\",\"breadcrumb\":{\"@id\":\"https:\/\/www.vidasignificativa.org\/un-dia-de-playa-sin-mama\/#breadcrumb\"},\"inLanguage\":\"ca\",\"potentialAction\":[{\"@type\":\"ReadAction\",\"target\":[\"https:\/\/www.vidasignificativa.org\/un-dia-de-playa-sin-mama\/\"]}]},{\"@type\":\"ImageObject\",\"inLanguage\":\"ca\",\"@id\":\"https:\/\/www.vidasignificativa.org\/un-dia-de-playa-sin-mama\/#primaryimage\",\"url\":\"https:\/\/www.vidasignificativa.org\/wp-content\/uploads\/2019\/09\/Blog-Vida-Significativa-2.jpg\",\"contentUrl\":\"https:\/\/www.vidasignificativa.org\/wp-content\/uploads\/2019\/09\/Blog-Vida-Significativa-2.jpg\",\"width\":940,\"height\":788,\"caption\":\"Blog-Vida-Significativa\"},{\"@type\":\"BreadcrumbList\",\"@id\":\"https:\/\/www.vidasignificativa.org\/un-dia-de-playa-sin-mama\/#breadcrumb\",\"itemListElement\":[{\"@type\":\"ListItem\",\"position\":1,\"name\":\"Portada\",\"item\":\"https:\/\/www.vidasignificativa.org\/\"},{\"@type\":\"ListItem\",\"position\":2,\"name\":\"Un d\u00eda de playa sin mam\u00e1\"}]},{\"@type\":\"WebSite\",\"@id\":\"https:\/\/www.vidasignificativa.org\/#website\",\"url\":\"https:\/\/www.vidasignificativa.org\/\",\"name\":\"Vida Significativa\",\"description\":\"ONG\",\"publisher\":{\"@id\":\"https:\/\/www.vidasignificativa.org\/#organization\"},\"potentialAction\":[{\"@type\":\"SearchAction\",\"target\":{\"@type\":\"EntryPoint\",\"urlTemplate\":\"https:\/\/www.vidasignificativa.org\/?s={search_term_string}\"},\"query-input\":{\"@type\":\"PropertyValueSpecification\",\"valueRequired\":true,\"valueName\":\"search_term_string\"}}],\"inLanguage\":\"ca\"},{\"@type\":\"Organization\",\"@id\":\"https:\/\/www.vidasignificativa.org\/#organization\",\"name\":\"Vida Significativa\",\"url\":\"https:\/\/www.vidasignificativa.org\/\",\"logo\":{\"@type\":\"ImageObject\",\"inLanguage\":\"ca\",\"@id\":\"https:\/\/www.vidasignificativa.org\/#\/schema\/logo\/image\/\",\"url\":\"https:\/\/www.vidasignificativa.org\/wp-content\/uploads\/2024\/01\/vida-sginificativa-logo-700x700-1.jpg\",\"contentUrl\":\"https:\/\/www.vidasignificativa.org\/wp-content\/uploads\/2024\/01\/vida-sginificativa-logo-700x700-1.jpg\",\"width\":700,\"height\":700,\"caption\":\"Vida Significativa\"},\"image\":{\"@id\":\"https:\/\/www.vidasignificativa.org\/#\/schema\/logo\/image\/\"}},{\"@type\":\"Person\",\"@id\":\"https:\/\/www.vidasignificativa.org\/#\/schema\/person\/a44966fcddbd5126c638240188e9c27e\",\"name\":\"vidasignificativa\"}]}<\/script>\n<!-- \/ Yoast SEO plugin. -->","yoast_head_json":{"title":"Un d\u00eda de playa sin mam\u00e1 proyecto - Vida Significativa","description":"Descubre nuestro proyecto Un d\u00eda de playa sin mam\u00e1. Pasamos el d\u00eda con ni\u00f1os que se encuentran en casas de acogida. \u00bfTe animas a colaborar?","robots":{"index":"index","follow":"follow","max-snippet":"max-snippet:-1","max-image-preview":"max-image-preview:large","max-video-preview":"max-video-preview:-1"},"canonical":"https:\/\/www.vidasignificativa.org\/cat\/un-dia-de-playa-sin-mama\/","og_locale":"ca_ES","og_type":"article","og_title":"Un d\u00eda de playa sin mam\u00e1 proyecto - Vida Significativa","og_description":"Descubre nuestro proyecto Un d\u00eda de playa sin mam\u00e1. Pasamos el d\u00eda con ni\u00f1os que se encuentran en casas de acogida. \u00bfTe animas a colaborar?","og_url":"https:\/\/www.vidasignificativa.org\/cat\/un-dia-de-playa-sin-mama\/","og_site_name":"Vida Significativa","article_published_time":"2019-09-29T21:00:39+00:00","article_modified_time":"2020-10-22T10:48:35+00:00","og_image":[{"width":940,"height":788,"url":"https:\/\/www.vidasignificativa.org\/wp-content\/uploads\/2019\/09\/Blog-Vida-Significativa-2.jpg","type":"image\/jpeg"}],"author":"vidasignificativa","twitter_card":"summary_large_image","twitter_misc":{"Escrit per":"vidasignificativa","Temps estimat de lectura":"7 minuts"},"schema":{"@context":"https:\/\/schema.org","@graph":[{"@type":"Article","@id":"https:\/\/www.vidasignificativa.org\/un-dia-de-playa-sin-mama\/#article","isPartOf":{"@id":"https:\/\/www.vidasignificativa.org\/un-dia-de-playa-sin-mama\/"},"author":{"name":"vidasignificativa","@id":"https:\/\/www.vidasignificativa.org\/#\/schema\/person\/a44966fcddbd5126c638240188e9c27e"},"headline":"Un d\u00eda de playa sin mam\u00e1","datePublished":"2019-09-29T21:00:39+00:00","dateModified":"2020-10-22T10:48:35+00:00","mainEntityOfPage":{"@id":"https:\/\/www.vidasignificativa.org\/un-dia-de-playa-sin-mama\/"},"wordCount":1456,"commentCount":0,"publisher":{"@id":"https:\/\/www.vidasignificativa.org\/#organization"},"image":{"@id":"https:\/\/www.vidasignificativa.org\/un-dia-de-playa-sin-mama\/#primaryimage"},"thumbnailUrl":"https:\/\/www.vidasignificativa.org\/wp-content\/uploads\/2019\/09\/Blog-Vida-Significativa-2.jpg","keywords":["Altruismo","casa residencial","ni\u00f1as","ni\u00f1os","ni\u00f1os de acogida","Playa","Solidaridad"],"articleSection":["Altruismo","Excursi\u00f3n solidaria","Playa","Sensibilizaci\u00f3n","Solidaridad","Voluntariado"],"inLanguage":"ca","potentialAction":[{"@type":"CommentAction","name":"Comment","target":["https:\/\/www.vidasignificativa.org\/un-dia-de-playa-sin-mama\/#respond"]}]},{"@type":"WebPage","@id":"https:\/\/www.vidasignificativa.org\/un-dia-de-playa-sin-mama\/","url":"https:\/\/www.vidasignificativa.org\/un-dia-de-playa-sin-mama\/","name":"Un d\u00eda de playa sin mam\u00e1 proyecto - Vida Significativa","isPartOf":{"@id":"https:\/\/www.vidasignificativa.org\/#website"},"primaryImageOfPage":{"@id":"https:\/\/www.vidasignificativa.org\/un-dia-de-playa-sin-mama\/#primaryimage"},"image":{"@id":"https:\/\/www.vidasignificativa.org\/un-dia-de-playa-sin-mama\/#primaryimage"},"thumbnailUrl":"https:\/\/www.vidasignificativa.org\/wp-content\/uploads\/2019\/09\/Blog-Vida-Significativa-2.jpg","datePublished":"2019-09-29T21:00:39+00:00","dateModified":"2020-10-22T10:48:35+00:00","description":"Descubre nuestro proyecto Un d\u00eda de playa sin mam\u00e1. Pasamos el d\u00eda con ni\u00f1os que se encuentran en casas de acogida. \u00bfTe animas a colaborar?","breadcrumb":{"@id":"https:\/\/www.vidasignificativa.org\/un-dia-de-playa-sin-mama\/#breadcrumb"},"inLanguage":"ca","potentialAction":[{"@type":"ReadAction","target":["https:\/\/www.vidasignificativa.org\/un-dia-de-playa-sin-mama\/"]}]},{"@type":"ImageObject","inLanguage":"ca","@id":"https:\/\/www.vidasignificativa.org\/un-dia-de-playa-sin-mama\/#primaryimage","url":"https:\/\/www.vidasignificativa.org\/wp-content\/uploads\/2019\/09\/Blog-Vida-Significativa-2.jpg","contentUrl":"https:\/\/www.vidasignificativa.org\/wp-content\/uploads\/2019\/09\/Blog-Vida-Significativa-2.jpg","width":940,"height":788,"caption":"Blog-Vida-Significativa"},{"@type":"BreadcrumbList","@id":"https:\/\/www.vidasignificativa.org\/un-dia-de-playa-sin-mama\/#breadcrumb","itemListElement":[{"@type":"ListItem","position":1,"name":"Portada","item":"https:\/\/www.vidasignificativa.org\/"},{"@type":"ListItem","position":2,"name":"Un d\u00eda de playa sin mam\u00e1"}]},{"@type":"WebSite","@id":"https:\/\/www.vidasignificativa.org\/#website","url":"https:\/\/www.vidasignificativa.org\/","name":"Vida Significativa","description":"ONG","publisher":{"@id":"https:\/\/www.vidasignificativa.org\/#organization"},"potentialAction":[{"@type":"SearchAction","target":{"@type":"EntryPoint","urlTemplate":"https:\/\/www.vidasignificativa.org\/?s={search_term_string}"},"query-input":{"@type":"PropertyValueSpecification","valueRequired":true,"valueName":"search_term_string"}}],"inLanguage":"ca"},{"@type":"Organization","@id":"https:\/\/www.vidasignificativa.org\/#organization","name":"Vida Significativa","url":"https:\/\/www.vidasignificativa.org\/","logo":{"@type":"ImageObject","inLanguage":"ca","@id":"https:\/\/www.vidasignificativa.org\/#\/schema\/logo\/image\/","url":"https:\/\/www.vidasignificativa.org\/wp-content\/uploads\/2024\/01\/vida-sginificativa-logo-700x700-1.jpg","contentUrl":"https:\/\/www.vidasignificativa.org\/wp-content\/uploads\/2024\/01\/vida-sginificativa-logo-700x700-1.jpg","width":700,"height":700,"caption":"Vida Significativa"},"image":{"@id":"https:\/\/www.vidasignificativa.org\/#\/schema\/logo\/image\/"}},{"@type":"Person","@id":"https:\/\/www.vidasignificativa.org\/#\/schema\/person\/a44966fcddbd5126c638240188e9c27e","name":"vidasignificativa"}]}},"_links":{"self":[{"href":"https:\/\/www.vidasignificativa.org\/cat\/wp-json\/wp\/v2\/posts\/84"}],"collection":[{"href":"https:\/\/www.vidasignificativa.org\/cat\/wp-json\/wp\/v2\/posts"}],"about":[{"href":"https:\/\/www.vidasignificativa.org\/cat\/wp-json\/wp\/v2\/types\/post"}],"author":[{"embeddable":true,"href":"https:\/\/www.vidasignificativa.org\/cat\/wp-json\/wp\/v2\/users\/1"}],"replies":[{"embeddable":true,"href":"https:\/\/www.vidasignificativa.org\/cat\/wp-json\/wp\/v2\/comments?post=84"}],"version-history":[{"count":0,"href":"https:\/\/www.vidasignificativa.org\/cat\/wp-json\/wp\/v2\/posts\/84\/revisions"}],"wp:featuredmedia":[{"embeddable":true,"href":"https:\/\/www.vidasignificativa.org\/cat\/wp-json\/wp\/v2\/media\/1485"}],"wp:attachment":[{"href":"https:\/\/www.vidasignificativa.org\/cat\/wp-json\/wp\/v2\/media?parent=84"}],"wp:term":[{"taxonomy":"category","embeddable":true,"href":"https:\/\/www.vidasignificativa.org\/cat\/wp-json\/wp\/v2\/categories?post=84"},{"taxonomy":"post_tag","embeddable":true,"href":"https:\/\/www.vidasignificativa.org\/cat\/wp-json\/wp\/v2\/tags?post=84"}],"curies":[{"name":"wp","href":"https:\/\/api.w.org\/{rel}","templated":true}]}}