{"id":7136,"date":"2025-06-07T08:39:05","date_gmt":"2025-06-07T07:39:05","guid":{"rendered":"https:\/\/www.vidasignificativa.org\/?p=7136"},"modified":"2025-06-07T08:40:42","modified_gmt":"2025-06-07T07:40:42","slug":"celebramos-el-dia-mundial-de-tejer-en-publico","status":"publish","type":"post","link":"https:\/\/www.vidasignificativa.org\/cat\/celebramos-el-dia-mundial-de-tejer-en-publico\/","title":{"rendered":"Celebramos el D\u00eda Mundial de Tejer en P\u00fablico!"},"content":{"rendered":"<p><div class=\"fusion-fullwidth fullwidth-box fusion-builder-row-1 nonhundred-percent-fullwidth non-hundred-percent-height-scrolling\" style=\"--awb-background-position:left top;--awb-border-sizes-top:0px;--awb-border-sizes-bottom:0px;--awb-border-sizes-left:0px;--awb-border-sizes-right:0px;--awb-border-radius-top-left:0px;--awb-border-radius-top-right:0px;--awb-border-radius-bottom-right:0px;--awb-border-radius-bottom-left:0px;--awb-padding-top:20px;--awb-padding-bottom:20px;--awb-flex-wrap:wrap;\" ><div class=\"fusion-builder-row fusion-row\"><div class=\"fusion-layout-column fusion_builder_column fusion-builder-column-0 fusion_builder_column_1_1 1_1 fusion-one-full fusion-column-first fusion-column-last\" style=\"--awb-bg-size:cover;\"><div class=\"fusion-column-wrapper fusion-flex-column-wrapper-legacy\"><div class=\"fusion-sep-clear\"><\/div><div class=\"fusion-separator fusion-full-width-sep\" style=\"margin-left: auto;margin-right: auto;margin-top:5px;width:100%;\"><\/div><div class=\"fusion-sep-clear\"><\/div><div class=\"fusion-text fusion-text-1\"><h3>ENCUENTROS DE GRUPOS DE TEJORAS 2025<\/h3>\n<\/div><div class=\"fusion-sep-clear\"><\/div><div class=\"fusion-separator fusion-clearfix\" style=\"float:left;margin-top:0px;margin-bottom:30px;width:100%;max-width:200px;\"><div class=\"fusion-separator-border sep-single sep-solid\" style=\"--awb-height:20px;--awb-amount:20px;--awb-sep-color:#fec96b;border-color:#fec96b;border-top-width:3px;\"><\/div><\/div><div class=\"fusion-sep-clear\"><\/div><div class=\"fusion-text fusion-text-2\"><p>En conmemoraci\u00f3n al Dia Mundial de Tejer en P\u00fablico, realizamos varios actos para visibilizar el arte de tejer en las calles, plazas,&#8230;<\/p>\n<p>Estos son algunos de los encuentros de grupos colaboradores del Proyecto Abriga. Puedes participar y venir a cualquier. \u00a1Te esperamos!<\/p>\n<p>&#8211; 8 Junio: en Sant Esteve de Palautordera, Pati de les Escoles Velles, de 10 a 12h.<br \/>\n&#8211; 14 Junio: en \u00d2dena, en el Centre C\u00edvic Pla d&#8217;\u00d2dena, de 16 a 20h.<br \/>\n&#8211; 15 Juny: en Matar\u00f3, cafeter\u00eda 365, a las 17h.<br \/>\n&#8211; 17 Juny: en Les Fonts, pla\u00e7a Enric Torrella, de 18 a 20h.<br \/>\n&#8211; 20 Junio: en L\u2019Hospitalet de Llobregat, Jard\u00ed de ca n&#8217;Ar\u00fas, de 10 a 13.30 i de 16 a 19h.<\/p>\n<p>Te esperamos!<\/p>\n<p>info@vidasignificativa.org<\/p>\n<\/div><div class=\"fusion-sep-clear\"><\/div><div class=\"fusion-separator fusion-full-width-sep\" style=\"margin-left: auto;margin-right: auto;margin-top:5px;width:100%;\"><\/div><div class=\"fusion-sep-clear\"><\/div><div class=\"fusion-sep-clear\"><\/div><div class=\"fusion-separator fusion-full-width-sep\" style=\"margin-left: auto;margin-right: auto;margin-top:5px;width:100%;\"><\/div><div class=\"fusion-sep-clear\"><\/div><div class=\"fusion-image-element in-legacy-container\" style=\"--awb-caption-title-font-family:var(--h2_typography-font-family);--awb-caption-title-font-weight:var(--h2_typography-font-weight);--awb-caption-title-font-style:var(--h2_typography-font-style);--awb-caption-title-size:var(--h2_typography-font-size);--awb-caption-title-transform:var(--h2_typography-text-transform);--awb-caption-title-line-height:var(--h2_typography-line-height);--awb-caption-title-letter-spacing:var(--h2_typography-letter-spacing);\"><span class=\"fusion-imageframe imageframe-none imageframe-1 hover-type-none\"><img decoding=\"async\" width=\"500\" height=\"625\" title=\"El dia 7 de maig, hi serem fent una activitat! WEB\" src=\"https:\/\/www.vidasignificativa.org\/wp-content\/uploads\/2025\/06\/El-dia-7-de-maig-hi-serem-fent-una-activitat-WEB.jpg\" alt class=\"img-responsive wp-image-7138\" srcset=\"https:\/\/www.vidasignificativa.org\/wp-content\/uploads\/2025\/06\/El-dia-7-de-maig-hi-serem-fent-una-activitat-WEB-200x250.jpg 200w, https:\/\/www.vidasignificativa.org\/wp-content\/uploads\/2025\/06\/El-dia-7-de-maig-hi-serem-fent-una-activitat-WEB-400x500.jpg 400w, https:\/\/www.vidasignificativa.org\/wp-content\/uploads\/2025\/06\/El-dia-7-de-maig-hi-serem-fent-una-activitat-WEB.jpg 500w\" sizes=\"(max-width: 1024px) 100vw, 500px\" \/><\/span><\/div><div class=\"fusion-sep-clear\"><\/div><div class=\"fusion-separator fusion-full-width-sep\" style=\"margin-left: auto;margin-right: auto;margin-top:5px;width:100%;\"><\/div><div class=\"fusion-sep-clear\"><\/div><div class=\"fusion-clearfix\"><\/div><\/div><\/div><\/div><\/div><div class=\"fusion-fullwidth fullwidth-box fusion-builder-row-2 nonhundred-percent-fullwidth non-hundred-percent-height-scrolling\" style=\"--awb-background-position:left top;--awb-border-sizes-top:0px;--awb-border-sizes-bottom:0px;--awb-border-sizes-left:0px;--awb-border-sizes-right:0px;--awb-border-radius-top-left:0px;--awb-border-radius-top-right:0px;--awb-border-radius-bottom-right:0px;--awb-border-radius-bottom-left:0px;--awb-padding-top:30px;--awb-padding-bottom:150px;--awb-flex-wrap:wrap;\" ><div class=\"fusion-builder-row fusion-row\"><div class=\"fusion-layout-column fusion_builder_column fusion-builder-column-1 fusion_builder_column_1_1 1_1 fusion-one-full fusion-column-first fusion-column-last\" style=\"--awb-bg-size:cover;\"><div class=\"fusion-column-wrapper fusion-flex-column-wrapper-legacy\"><div class=\"fusion-sharing-box fusion-sharing-box-1 boxed-icons has-taglines layout-floated layout-medium-floated layout-small-floated\" style=\"background-color:rgba(255,255,255,0);padding:0;--awb-layout:row;--awb-alignment-small:space-between;\" data-title=\"Celebramos el D\u00eda Mundial de Tejer en P\u00fablico!\" data-description=\"ENCUENTROS DE GRUPOS DE TEJORAS 2025 En conmemoraci\u00f3n al Dia Mundial de Tejer en P\u00fablico, realizamos varios actos para visibilizar el arte de tejer en las calles, plazas,...Estos son algunos de los encuentros de grupos colaboradores del Proyecto Abriga. Puedes participar y venir a cualquier. \u00a1Te esperamos!- 8 Junio: en Sant Esteve de\" data-link=\"https:\/\/www.vidasignificativa.org\/cat\/celebramos-el-dia-mundial-de-tejer-en-publico\/\"><h4 class=\"tagline\" style=\"color:#1e1e1e;\">Comparteix aquest article<\/h4><div class=\"fusion-social-networks sharingbox-shortcode-icon-wrapper sharingbox-shortcode-icon-wrapper-1 boxed-icons\"><span><a href=\"https:\/\/www.facebook.com\/sharer.php?u=https%3A%2F%2Fwww.vidasignificativa.org%2Fcat%2Fcelebramos-el-dia-mundial-de-tejer-en-publico%2F&amp;t=Celebramos%20el%20D%C3%ADa%20Mundial%20de%20Tejer%20en%20P%C3%BAblico%21\" target=\"_blank\" rel=\"noreferrer\" title=\"Facebook\" aria-label=\"Facebook\" data-placement=\"top\" data-toggle=\"tooltip\" data-title=\"Facebook\"><i class=\"fusion-social-network-icon fusion-tooltip fusion-facebook awb-icon-facebook\" style=\"color:#ffffff;background-color:#3b5998;border-color:#3b5998;border-radius:4px;\" aria-hidden=\"true\"><\/i><\/a><\/span><span><a href=\"https:\/\/twitter.com\/share?text=Celebramos%20el%20D%C3%ADa%20Mundial%20de%20Tejer%20en%20P%C3%BAblico%21&amp;url=https%3A%2F%2Fwww.vidasignificativa.org%2Fcat%2Fcelebramos-el-dia-mundial-de-tejer-en-publico%2F\" target=\"_blank\" rel=\"noopener noreferrer\" title=\"X\" aria-label=\"X\" data-placement=\"top\" data-toggle=\"tooltip\" data-title=\"X\"><i class=\"fusion-social-network-icon fusion-tooltip fusion-twitter awb-icon-twitter\" style=\"color:#ffffff;background-color:#000000;border-color:#000000;border-radius:4px;\" aria-hidden=\"true\"><\/i><\/a><\/span><span><a href=\"https:\/\/www.linkedin.com\/shareArticle?mini=true&amp;url=https%3A%2F%2Fwww.vidasignificativa.org%2Fcat%2Fcelebramos-el-dia-mundial-de-tejer-en-publico%2F&amp;title=Celebramos%20el%20D%C3%ADa%20Mundial%20de%20Tejer%20en%20P%C3%BAblico%21&amp;summary=ENCUENTROS%20DE%20GRUPOS%20DE%20TEJORAS%202025%20%20%0D%0A%0D%0AEn%20conmemoraci%C3%B3n%20al%20Dia%20Mundial%20de%20Tejer%20en%20P%C3%BAblico%2C%20realizamos%20varios%20actos%20para%20visibilizar%20el%20arte%20de%20tejer%20en%20las%20calles%2C%20plazas%2C...%0D%0A%0D%0AEstos%20son%20algunos%20de%20los%20encuentros%20de%20grupos%20colaboradores%20del%20Proyecto%20Abriga.%20Puedes%20participar%20y%20venir%20a%20cualquier.%20%C2%A1Te%20esperamos%21%0D%0A%0D%0A-%208%20Junio%3A%20en%20Sant%20Esteve%20de\" target=\"_blank\" rel=\"noopener noreferrer\" title=\"LinkedIn\" aria-label=\"LinkedIn\" data-placement=\"top\" data-toggle=\"tooltip\" data-title=\"LinkedIn\"><i class=\"fusion-social-network-icon fusion-tooltip fusion-linkedin awb-icon-linkedin\" style=\"color:#ffffff;background-color:#0077b5;border-color:#0077b5;border-radius:4px;\" aria-hidden=\"true\"><\/i><\/a><\/span><span><a href=\"https:\/\/api.whatsapp.com\/send?text=https%3A%2F%2Fwww.vidasignificativa.org%2Fcat%2Fcelebramos-el-dia-mundial-de-tejer-en-publico%2F\" target=\"_blank\" rel=\"noopener noreferrer\" title=\"WhatsApp\" aria-label=\"WhatsApp\" data-placement=\"top\" data-toggle=\"tooltip\" data-title=\"WhatsApp\"><i class=\"fusion-social-network-icon fusion-tooltip fusion-whatsapp awb-icon-whatsapp\" style=\"color:#ffffff;background-color:#77e878;border-color:#77e878;border-radius:4px;\" aria-hidden=\"true\"><\/i><\/a><\/span><\/div><\/div><div class=\"fusion-clearfix\"><\/div><\/div><\/div><\/div><\/div><\/p>","protected":false},"excerpt":{"rendered":"<p>Encuentros 2025 D\u00eda Mundial de Tejer en P\u00fablico.<\/p>","protected":false},"author":1,"featured_media":7138,"comment_status":"open","ping_status":"closed","sticky":false,"template":"","format":"standard","meta":{"give_campaign_id":0,"footnotes":""},"categories":[98],"tags":[39,40,38,63],"yoast_head":"<!-- This site is optimized with the Yoast SEO plugin v24.0 - https:\/\/yoast.com\/wordpress\/plugins\/seo\/ -->\n<title>Celebramos el D\u00eda Mundial de Tejer en P\u00fablico! - Vida Significativa<\/title>\n<meta name=\"description\" content=\"Encuentros 2025 en motivo del D\u00eda Mundial de Tejer en P\u00fablico. 8, 14, 15, 17 y 20 de junio.\" \/>\n<meta name=\"robots\" content=\"index, follow, max-snippet:-1, max-image-preview:large, max-video-preview:-1\" \/>\n<link rel=\"canonical\" href=\"https:\/\/www.vidasignificativa.org\/cat\/celebramos-el-dia-mundial-de-tejer-en-publico\/\" \/>\n<meta property=\"og:locale\" content=\"ca_ES\" \/>\n<meta property=\"og:type\" content=\"article\" \/>\n<meta property=\"og:title\" content=\"Celebramos el D\u00eda Mundial de Tejer en P\u00fablico! - Vida Significativa\" \/>\n<meta property=\"og:description\" content=\"Encuentros 2025 en motivo del D\u00eda Mundial de Tejer en P\u00fablico. 8, 14, 15, 17 y 20 de junio.\" \/>\n<meta property=\"og:url\" content=\"https:\/\/www.vidasignificativa.org\/cat\/celebramos-el-dia-mundial-de-tejer-en-publico\/\" \/>\n<meta property=\"og:site_name\" content=\"Vida Significativa\" \/>\n<meta property=\"article:published_time\" content=\"2025-06-07T07:39:05+00:00\" \/>\n<meta property=\"article:modified_time\" content=\"2025-06-07T07:40:42+00:00\" \/>\n<meta property=\"og:image\" content=\"https:\/\/www.vidasignificativa.org\/wp-content\/uploads\/2025\/06\/El-dia-7-de-maig-hi-serem-fent-una-activitat-WEB.jpg\" \/>\n\t<meta property=\"og:image:width\" content=\"500\" \/>\n\t<meta property=\"og:image:height\" content=\"625\" \/>\n\t<meta property=\"og:image:type\" content=\"image\/jpeg\" \/>\n<meta name=\"author\" content=\"vidasignificativa\" \/>\n<meta name=\"twitter:card\" content=\"summary_large_image\" \/>\n<meta name=\"twitter:label1\" content=\"Escrit per\" \/>\n\t<meta name=\"twitter:data1\" content=\"vidasignificativa\" \/>\n\t<meta name=\"twitter:label2\" content=\"Temps estimat de lectura\" \/>\n\t<meta name=\"twitter:data2\" content=\"2 minuts\" \/>\n<script type=\"application\/ld+json\" class=\"yoast-schema-graph\">{\"@context\":\"https:\/\/schema.org\",\"@graph\":[{\"@type\":\"Article\",\"@id\":\"https:\/\/www.vidasignificativa.org\/celebramos-el-dia-mundial-de-tejer-en-publico\/#article\",\"isPartOf\":{\"@id\":\"https:\/\/www.vidasignificativa.org\/celebramos-el-dia-mundial-de-tejer-en-publico\/\"},\"author\":{\"name\":\"vidasignificativa\",\"@id\":\"https:\/\/www.vidasignificativa.org\/#\/schema\/person\/a44966fcddbd5126c638240188e9c27e\"},\"headline\":\"Celebramos el D\u00eda Mundial de Tejer en P\u00fablico!\",\"datePublished\":\"2025-06-07T07:39:05+00:00\",\"dateModified\":\"2025-06-07T07:40:42+00:00\",\"mainEntityOfPage\":{\"@id\":\"https:\/\/www.vidasignificativa.org\/celebramos-el-dia-mundial-de-tejer-en-publico\/\"},\"wordCount\":1023,\"commentCount\":0,\"publisher\":{\"@id\":\"https:\/\/www.vidasignificativa.org\/#organization\"},\"image\":{\"@id\":\"https:\/\/www.vidasignificativa.org\/celebramos-el-dia-mundial-de-tejer-en-publico\/#primaryimage\"},\"thumbnailUrl\":\"https:\/\/www.vidasignificativa.org\/wp-content\/uploads\/2025\/06\/El-dia-7-de-maig-hi-serem-fent-una-activitat-WEB.jpg\",\"keywords\":[\"Altruismo\",\"Solidaridad\",\"Voluntariado\",\"Vulnerabilidad\"],\"articleSection\":[\"Noticias\"],\"inLanguage\":\"ca\",\"potentialAction\":[{\"@type\":\"CommentAction\",\"name\":\"Comment\",\"target\":[\"https:\/\/www.vidasignificativa.org\/celebramos-el-dia-mundial-de-tejer-en-publico\/#respond\"]}]},{\"@type\":\"WebPage\",\"@id\":\"https:\/\/www.vidasignificativa.org\/celebramos-el-dia-mundial-de-tejer-en-publico\/\",\"url\":\"https:\/\/www.vidasignificativa.org\/celebramos-el-dia-mundial-de-tejer-en-publico\/\",\"name\":\"Celebramos el D\u00eda Mundial de Tejer en P\u00fablico! - Vida Significativa\",\"isPartOf\":{\"@id\":\"https:\/\/www.vidasignificativa.org\/#website\"},\"primaryImageOfPage\":{\"@id\":\"https:\/\/www.vidasignificativa.org\/celebramos-el-dia-mundial-de-tejer-en-publico\/#primaryimage\"},\"image\":{\"@id\":\"https:\/\/www.vidasignificativa.org\/celebramos-el-dia-mundial-de-tejer-en-publico\/#primaryimage\"},\"thumbnailUrl\":\"https:\/\/www.vidasignificativa.org\/wp-content\/uploads\/2025\/06\/El-dia-7-de-maig-hi-serem-fent-una-activitat-WEB.jpg\",\"datePublished\":\"2025-06-07T07:39:05+00:00\",\"dateModified\":\"2025-06-07T07:40:42+00:00\",\"description\":\"Encuentros 2025 en motivo del D\u00eda Mundial de Tejer en P\u00fablico. 8, 14, 15, 17 y 20 de junio.\",\"breadcrumb\":{\"@id\":\"https:\/\/www.vidasignificativa.org\/celebramos-el-dia-mundial-de-tejer-en-publico\/#breadcrumb\"},\"inLanguage\":\"ca\",\"potentialAction\":[{\"@type\":\"ReadAction\",\"target\":[\"https:\/\/www.vidasignificativa.org\/celebramos-el-dia-mundial-de-tejer-en-publico\/\"]}]},{\"@type\":\"ImageObject\",\"inLanguage\":\"ca\",\"@id\":\"https:\/\/www.vidasignificativa.org\/celebramos-el-dia-mundial-de-tejer-en-publico\/#primaryimage\",\"url\":\"https:\/\/www.vidasignificativa.org\/wp-content\/uploads\/2025\/06\/El-dia-7-de-maig-hi-serem-fent-una-activitat-WEB.jpg\",\"contentUrl\":\"https:\/\/www.vidasignificativa.org\/wp-content\/uploads\/2025\/06\/El-dia-7-de-maig-hi-serem-fent-una-activitat-WEB.jpg\",\"width\":500,\"height\":625},{\"@type\":\"BreadcrumbList\",\"@id\":\"https:\/\/www.vidasignificativa.org\/celebramos-el-dia-mundial-de-tejer-en-publico\/#breadcrumb\",\"itemListElement\":[{\"@type\":\"ListItem\",\"position\":1,\"name\":\"Portada\",\"item\":\"https:\/\/www.vidasignificativa.org\/\"},{\"@type\":\"ListItem\",\"position\":2,\"name\":\"Celebramos el D\u00eda Mundial de Tejer en P\u00fablico!\"}]},{\"@type\":\"WebSite\",\"@id\":\"https:\/\/www.vidasignificativa.org\/#website\",\"url\":\"https:\/\/www.vidasignificativa.org\/\",\"name\":\"Vida Significativa\",\"description\":\"ONG\",\"publisher\":{\"@id\":\"https:\/\/www.vidasignificativa.org\/#organization\"},\"potentialAction\":[{\"@type\":\"SearchAction\",\"target\":{\"@type\":\"EntryPoint\",\"urlTemplate\":\"https:\/\/www.vidasignificativa.org\/?s={search_term_string}\"},\"query-input\":{\"@type\":\"PropertyValueSpecification\",\"valueRequired\":true,\"valueName\":\"search_term_string\"}}],\"inLanguage\":\"ca\"},{\"@type\":\"Organization\",\"@id\":\"https:\/\/www.vidasignificativa.org\/#organization\",\"name\":\"Vida Significativa\",\"url\":\"https:\/\/www.vidasignificativa.org\/\",\"logo\":{\"@type\":\"ImageObject\",\"inLanguage\":\"ca\",\"@id\":\"https:\/\/www.vidasignificativa.org\/#\/schema\/logo\/image\/\",\"url\":\"https:\/\/www.vidasignificativa.org\/wp-content\/uploads\/2024\/01\/vida-sginificativa-logo-700x700-1.jpg\",\"contentUrl\":\"https:\/\/www.vidasignificativa.org\/wp-content\/uploads\/2024\/01\/vida-sginificativa-logo-700x700-1.jpg\",\"width\":700,\"height\":700,\"caption\":\"Vida Significativa\"},\"image\":{\"@id\":\"https:\/\/www.vidasignificativa.org\/#\/schema\/logo\/image\/\"}},{\"@type\":\"Person\",\"@id\":\"https:\/\/www.vidasignificativa.org\/#\/schema\/person\/a44966fcddbd5126c638240188e9c27e\",\"name\":\"vidasignificativa\"}]}<\/script>\n<!-- \/ Yoast SEO plugin. -->","yoast_head_json":{"title":"Celebramos el D\u00eda Mundial de Tejer en P\u00fablico! - Vida Significativa","description":"Encuentros 2025 en motivo del D\u00eda Mundial de Tejer en P\u00fablico. 8, 14, 15, 17 y 20 de junio.","robots":{"index":"index","follow":"follow","max-snippet":"max-snippet:-1","max-image-preview":"max-image-preview:large","max-video-preview":"max-video-preview:-1"},"canonical":"https:\/\/www.vidasignificativa.org\/cat\/celebramos-el-dia-mundial-de-tejer-en-publico\/","og_locale":"ca_ES","og_type":"article","og_title":"Celebramos el D\u00eda Mundial de Tejer en P\u00fablico! - Vida Significativa","og_description":"Encuentros 2025 en motivo del D\u00eda Mundial de Tejer en P\u00fablico. 8, 14, 15, 17 y 20 de junio.","og_url":"https:\/\/www.vidasignificativa.org\/cat\/celebramos-el-dia-mundial-de-tejer-en-publico\/","og_site_name":"Vida Significativa","article_published_time":"2025-06-07T07:39:05+00:00","article_modified_time":"2025-06-07T07:40:42+00:00","og_image":[{"width":500,"height":625,"url":"https:\/\/www.vidasignificativa.org\/wp-content\/uploads\/2025\/06\/El-dia-7-de-maig-hi-serem-fent-una-activitat-WEB.jpg","type":"image\/jpeg"}],"author":"vidasignificativa","twitter_card":"summary_large_image","twitter_misc":{"Escrit per":"vidasignificativa","Temps estimat de lectura":"2 minuts"},"schema":{"@context":"https:\/\/schema.org","@graph":[{"@type":"Article","@id":"https:\/\/www.vidasignificativa.org\/celebramos-el-dia-mundial-de-tejer-en-publico\/#article","isPartOf":{"@id":"https:\/\/www.vidasignificativa.org\/celebramos-el-dia-mundial-de-tejer-en-publico\/"},"author":{"name":"vidasignificativa","@id":"https:\/\/www.vidasignificativa.org\/#\/schema\/person\/a44966fcddbd5126c638240188e9c27e"},"headline":"Celebramos el D\u00eda Mundial de Tejer en P\u00fablico!","datePublished":"2025-06-07T07:39:05+00:00","dateModified":"2025-06-07T07:40:42+00:00","mainEntityOfPage":{"@id":"https:\/\/www.vidasignificativa.org\/celebramos-el-dia-mundial-de-tejer-en-publico\/"},"wordCount":1023,"commentCount":0,"publisher":{"@id":"https:\/\/www.vidasignificativa.org\/#organization"},"image":{"@id":"https:\/\/www.vidasignificativa.org\/celebramos-el-dia-mundial-de-tejer-en-publico\/#primaryimage"},"thumbnailUrl":"https:\/\/www.vidasignificativa.org\/wp-content\/uploads\/2025\/06\/El-dia-7-de-maig-hi-serem-fent-una-activitat-WEB.jpg","keywords":["Altruismo","Solidaridad","Voluntariado","Vulnerabilidad"],"articleSection":["Noticias"],"inLanguage":"ca","potentialAction":[{"@type":"CommentAction","name":"Comment","target":["https:\/\/www.vidasignificativa.org\/celebramos-el-dia-mundial-de-tejer-en-publico\/#respond"]}]},{"@type":"WebPage","@id":"https:\/\/www.vidasignificativa.org\/celebramos-el-dia-mundial-de-tejer-en-publico\/","url":"https:\/\/www.vidasignificativa.org\/celebramos-el-dia-mundial-de-tejer-en-publico\/","name":"Celebramos el D\u00eda Mundial de Tejer en P\u00fablico! - Vida Significativa","isPartOf":{"@id":"https:\/\/www.vidasignificativa.org\/#website"},"primaryImageOfPage":{"@id":"https:\/\/www.vidasignificativa.org\/celebramos-el-dia-mundial-de-tejer-en-publico\/#primaryimage"},"image":{"@id":"https:\/\/www.vidasignificativa.org\/celebramos-el-dia-mundial-de-tejer-en-publico\/#primaryimage"},"thumbnailUrl":"https:\/\/www.vidasignificativa.org\/wp-content\/uploads\/2025\/06\/El-dia-7-de-maig-hi-serem-fent-una-activitat-WEB.jpg","datePublished":"2025-06-07T07:39:05+00:00","dateModified":"2025-06-07T07:40:42+00:00","description":"Encuentros 2025 en motivo del D\u00eda Mundial de Tejer en P\u00fablico. 8, 14, 15, 17 y 20 de junio.","breadcrumb":{"@id":"https:\/\/www.vidasignificativa.org\/celebramos-el-dia-mundial-de-tejer-en-publico\/#breadcrumb"},"inLanguage":"ca","potentialAction":[{"@type":"ReadAction","target":["https:\/\/www.vidasignificativa.org\/celebramos-el-dia-mundial-de-tejer-en-publico\/"]}]},{"@type":"ImageObject","inLanguage":"ca","@id":"https:\/\/www.vidasignificativa.org\/celebramos-el-dia-mundial-de-tejer-en-publico\/#primaryimage","url":"https:\/\/www.vidasignificativa.org\/wp-content\/uploads\/2025\/06\/El-dia-7-de-maig-hi-serem-fent-una-activitat-WEB.jpg","contentUrl":"https:\/\/www.vidasignificativa.org\/wp-content\/uploads\/2025\/06\/El-dia-7-de-maig-hi-serem-fent-una-activitat-WEB.jpg","width":500,"height":625},{"@type":"BreadcrumbList","@id":"https:\/\/www.vidasignificativa.org\/celebramos-el-dia-mundial-de-tejer-en-publico\/#breadcrumb","itemListElement":[{"@type":"ListItem","position":1,"name":"Portada","item":"https:\/\/www.vidasignificativa.org\/"},{"@type":"ListItem","position":2,"name":"Celebramos el D\u00eda Mundial de Tejer en P\u00fablico!"}]},{"@type":"WebSite","@id":"https:\/\/www.vidasignificativa.org\/#website","url":"https:\/\/www.vidasignificativa.org\/","name":"Vida Significativa","description":"ONG","publisher":{"@id":"https:\/\/www.vidasignificativa.org\/#organization"},"potentialAction":[{"@type":"SearchAction","target":{"@type":"EntryPoint","urlTemplate":"https:\/\/www.vidasignificativa.org\/?s={search_term_string}"},"query-input":{"@type":"PropertyValueSpecification","valueRequired":true,"valueName":"search_term_string"}}],"inLanguage":"ca"},{"@type":"Organization","@id":"https:\/\/www.vidasignificativa.org\/#organization","name":"Vida Significativa","url":"https:\/\/www.vidasignificativa.org\/","logo":{"@type":"ImageObject","inLanguage":"ca","@id":"https:\/\/www.vidasignificativa.org\/#\/schema\/logo\/image\/","url":"https:\/\/www.vidasignificativa.org\/wp-content\/uploads\/2024\/01\/vida-sginificativa-logo-700x700-1.jpg","contentUrl":"https:\/\/www.vidasignificativa.org\/wp-content\/uploads\/2024\/01\/vida-sginificativa-logo-700x700-1.jpg","width":700,"height":700,"caption":"Vida Significativa"},"image":{"@id":"https:\/\/www.vidasignificativa.org\/#\/schema\/logo\/image\/"}},{"@type":"Person","@id":"https:\/\/www.vidasignificativa.org\/#\/schema\/person\/a44966fcddbd5126c638240188e9c27e","name":"vidasignificativa"}]}},"_links":{"self":[{"href":"https:\/\/www.vidasignificativa.org\/cat\/wp-json\/wp\/v2\/posts\/7136"}],"collection":[{"href":"https:\/\/www.vidasignificativa.org\/cat\/wp-json\/wp\/v2\/posts"}],"about":[{"href":"https:\/\/www.vidasignificativa.org\/cat\/wp-json\/wp\/v2\/types\/post"}],"author":[{"embeddable":true,"href":"https:\/\/www.vidasignificativa.org\/cat\/wp-json\/wp\/v2\/users\/1"}],"replies":[{"embeddable":true,"href":"https:\/\/www.vidasignificativa.org\/cat\/wp-json\/wp\/v2\/comments?post=7136"}],"version-history":[{"count":3,"href":"https:\/\/www.vidasignificativa.org\/cat\/wp-json\/wp\/v2\/posts\/7136\/revisions"}],"predecessor-version":[{"id":7141,"href":"https:\/\/www.vidasignificativa.org\/cat\/wp-json\/wp\/v2\/posts\/7136\/revisions\/7141"}],"wp:featuredmedia":[{"embeddable":true,"href":"https:\/\/www.vidasignificativa.org\/cat\/wp-json\/wp\/v2\/media\/7138"}],"wp:attachment":[{"href":"https:\/\/www.vidasignificativa.org\/cat\/wp-json\/wp\/v2\/media?parent=7136"}],"wp:term":[{"taxonomy":"category","embeddable":true,"href":"https:\/\/www.vidasignificativa.org\/cat\/wp-json\/wp\/v2\/categories?post=7136"},{"taxonomy":"post_tag","embeddable":true,"href":"https:\/\/www.vidasignificativa.org\/cat\/wp-json\/wp\/v2\/tags?post=7136"}],"curies":[{"name":"wp","href":"https:\/\/api.w.org\/{rel}","templated":true}]}}