{"id":4513,"date":"2022-11-06T12:12:03","date_gmt":"2022-11-06T11:12:03","guid":{"rendered":"https:\/\/www.vidasignificativa.org\/?p=4513"},"modified":"2022-12-04T12:05:01","modified_gmt":"2022-12-04T11:05:01","slug":"mantas-para-ucrania","status":"publish","type":"post","link":"https:\/\/www.vidasignificativa.org\/cat\/mantas-para-ucrania\/","title":{"rendered":"Mantes per a Ucra\u00efna"},"content":{"rendered":"<p><div class=\"fusion-fullwidth fullwidth-box fusion-builder-row-1 nonhundred-percent-fullwidth non-hundred-percent-height-scrolling\" style=\"--awb-background-position:left top;--awb-border-sizes-top:0px;--awb-border-sizes-bottom:0px;--awb-border-sizes-left:0px;--awb-border-sizes-right:0px;--awb-border-radius-top-left:0px;--awb-border-radius-top-right:0px;--awb-border-radius-bottom-right:0px;--awb-border-radius-bottom-left:0px;--awb-padding-top:50px;--awb-padding-bottom:0px;--awb-flex-wrap:wrap;\" ><div class=\"fusion-builder-row fusion-row\"><div class=\"fusion-layout-column fusion_builder_column fusion-builder-column-0 fusion_builder_column_1_1 1_1 fusion-one-full fusion-column-first fusion-column-last\" style=\"--awb-bg-size:cover;\"><div class=\"fusion-column-wrapper fusion-flex-column-wrapper-legacy\"><div class=\"fusion-text fusion-text-1\"><h3>Marat\u00f3n de mantas artesanales para un hospital de Ucrania<\/h3>\n<\/div><div class=\"fusion-sep-clear\"><\/div><div class=\"fusion-separator fusion-clearfix\" style=\"float:left;margin-top:0px;margin-bottom:30px;width:100%;max-width:200px;\"><div class=\"fusion-separator-border sep-single sep-solid\" style=\"--awb-height:20px;--awb-amount:20px;--awb-sep-color:#fec96b;border-color:#fec96b;border-top-width:3px;\"><\/div><\/div><div class=\"fusion-sep-clear\"><\/div><div class=\"fusion-text fusion-text-2\"><p>Los pasados 29 de octubre y 1-2 de noviembre hicimos un llamamiento para hacer una <strong>Marat\u00f3n de mantas para Ucrania<\/strong>. Mantas que llegar\u00e1n al Hospital San Mart\u00edn de la ciudad Mukachevo (cerca de la frontera con Hungr\u00eda) gracias a la iniciativa de una pareja de ucranianos residentes en el Maresme (Barcelona). Quieren mantener su privacidad, as\u00ed que no podemos citarlos por su nombre.<\/p>\n<p>En noviembre de 2022, cuando (\u00e9l) tenga toda la furgoneta llena, va a partir hacia Ucrania. Quiere viajar solo, por si puede llevar de vuelta a alguna persona que lo necesite. \u00c9l sabe la ruta y los pasos a seguir para llegar al hospital; \u00e9l ya ha hecho dos viajes desde el pasado mes de marzo, cuando reci\u00e9n empezaba esta situaci\u00f3n tan dif\u00edcil y no deseada, aportando medicamentos y materiales de primera necesidad en el mismo hospital.<\/p>\n<p>El hecho es que los tres d\u00edas que nos reunimos para unir cuadrados, grannies y mantas peque\u00f1as y formar mantas m\u00e1s grandes para una cama individual, fueron un \u00e9xito. Muchas personas voluntarias nos reunimos para tejer solidaridad. Muchas no nos conoc\u00edamos, y las reuniones acabaron creando comunidad y muchos momentos bonitos. Acabamos el trabajo grande, pero seguimos con ello. Seguimos necesitando grannies o cuadrados para seguir confeccionando m\u00e1s mantas.<\/p>\n<p>Toda esta causa ha sido posible gracias a la iniciativa de Yuya Teje y Bricall Bcn, que en marzo 2022 empezaron la causa en sus redes sociales y, poco despu\u00e9s, desbordadas por la gran respuesta de las personas, llamaron a Vida Significativa (conoc\u00edan el Proyecto Abriga) e inmediatamente las acogimos para darle una salida a tal cantidad de mantas y mantitas que llegaban desde cualquier rinc\u00f3n de Espa\u00f1a, Am\u00e9rica del Norte y Am\u00e9rica del Sur y algunos pa\u00edses europeos. Fueron un total de m\u00e1s de mil prendas\u00a0 las que llegaron.<\/p>\n<p>Y ahora, seguimos. Si sabes tejer y quieres solidarizarte a esta causa, contacta con nosotrxs.<\/p>\n<p>Puedes mandar tu parte, tu grannie, tus cuadrados, tu manta aqu\u00ed:<\/p>\n<p>ONG Vida Significativa | calle Josep Irla 3, 2-2 | 08320 | El Masnou<\/p>\n<p>\u00a1Gracias de antemano!<\/p>\n<\/div><div class=\"fusion-sep-clear\"><\/div><div class=\"fusion-separator fusion-full-width-sep\" style=\"margin-left: auto;margin-right: auto;margin-top:5px;width:100%;\"><\/div><div class=\"fusion-sep-clear\"><\/div><div class=\"fusion-clearfix\"><\/div><\/div><\/div><\/div><\/div><div class=\"fusion-fullwidth fullwidth-box fusion-builder-row-2 nonhundred-percent-fullwidth non-hundred-percent-height-scrolling\" style=\"--awb-background-position:left top;--awb-border-sizes-top:0px;--awb-border-sizes-bottom:0px;--awb-border-sizes-left:0px;--awb-border-sizes-right:0px;--awb-border-radius-top-left:0px;--awb-border-radius-top-right:0px;--awb-border-radius-bottom-right:0px;--awb-border-radius-bottom-left:0px;--awb-padding-top:50px;--awb-padding-bottom:50px;--awb-flex-wrap:wrap;\" ><div class=\"fusion-builder-row fusion-row\"><div class=\"fusion-layout-column fusion_builder_column fusion-builder-column-1 fusion_builder_column_1_1 1_1 fusion-one-full fusion-column-first fusion-column-last\" style=\"--awb-bg-size:cover;\"><div class=\"fusion-column-wrapper fusion-flex-column-wrapper-legacy\"><div class=\"fusion-image-element fusion-image-align-center in-legacy-container\" style=\"text-align:center;--awb-caption-title-font-family:var(--h2_typography-font-family);--awb-caption-title-font-weight:var(--h2_typography-font-weight);--awb-caption-title-font-style:var(--h2_typography-font-style);--awb-caption-title-size:var(--h2_typography-font-size);--awb-caption-title-transform:var(--h2_typography-text-transform);--awb-caption-title-line-height:var(--h2_typography-line-height);--awb-caption-title-letter-spacing:var(--h2_typography-letter-spacing);\"><div class=\"imageframe-align-center\"><span class=\"fusion-imageframe imageframe-none imageframe-1 hover-type-none\"><img decoding=\"async\" width=\"2000\" height=\"1500\" title=\"WhatsApp Image 2022-10-30 at 07.46.15 (4)\" src=\"https:\/\/www.vidasignificativa.org\/wp-content\/uploads\/2022\/11\/WhatsApp-Image-2022-10-30-at-07.46.15-4.jpeg\" alt class=\"img-responsive wp-image-4515\" srcset=\"https:\/\/www.vidasignificativa.org\/wp-content\/uploads\/2022\/11\/WhatsApp-Image-2022-10-30-at-07.46.15-4-200x150.jpeg 200w, https:\/\/www.vidasignificativa.org\/wp-content\/uploads\/2022\/11\/WhatsApp-Image-2022-10-30-at-07.46.15-4-400x300.jpeg 400w, https:\/\/www.vidasignificativa.org\/wp-content\/uploads\/2022\/11\/WhatsApp-Image-2022-10-30-at-07.46.15-4-600x450.jpeg 600w, https:\/\/www.vidasignificativa.org\/wp-content\/uploads\/2022\/11\/WhatsApp-Image-2022-10-30-at-07.46.15-4-800x600.jpeg 800w, https:\/\/www.vidasignificativa.org\/wp-content\/uploads\/2022\/11\/WhatsApp-Image-2022-10-30-at-07.46.15-4-1200x900.jpeg 1200w, https:\/\/www.vidasignificativa.org\/wp-content\/uploads\/2022\/11\/WhatsApp-Image-2022-10-30-at-07.46.15-4.jpeg 2000w\" sizes=\"(max-width: 1024px) 100vw, 1200px\" \/><\/span><\/div><\/div><div class=\"fusion-clearfix\"><\/div><\/div><\/div><\/div><\/div><div class=\"fusion-fullwidth fullwidth-box fusion-builder-row-3 nonhundred-percent-fullwidth non-hundred-percent-height-scrolling\" style=\"--awb-background-position:left top;--awb-border-sizes-top:0px;--awb-border-sizes-bottom:0px;--awb-border-sizes-left:0px;--awb-border-sizes-right:0px;--awb-border-radius-top-left:0px;--awb-border-radius-top-right:0px;--awb-border-radius-bottom-right:0px;--awb-border-radius-bottom-left:0px;--awb-padding-top:30px;--awb-padding-bottom:150px;--awb-flex-wrap:wrap;\" ><div class=\"fusion-builder-row fusion-row\"><div class=\"fusion-layout-column fusion_builder_column fusion-builder-column-2 fusion_builder_column_1_1 1_1 fusion-one-full fusion-column-first fusion-column-last\" style=\"--awb-bg-size:cover;\"><div class=\"fusion-column-wrapper fusion-flex-column-wrapper-legacy\"><div class=\"fusion-sharing-box fusion-sharing-box-1 boxed-icons has-taglines layout-floated layout-medium-floated layout-small-floated\" style=\"background-color:rgba(255,255,255,0);padding:0;--awb-layout:row;--awb-alignment-small:space-between;\" data-title=\"Mantas para Ucrania\" data-description=\"Marat\u00f3n de mantas artesanales para un hospital de Ucrania Los pasados 29 de octubre y 1-2 de noviembre hicimos un llamamiento para hacer una Marat\u00f3n de mantas para Ucrania. Mantas que llegar\u00e1n al Hospital San Mart\u00edn de la ciudad Mukachevo (cerca de la frontera con Hungr\u00eda) gracias a la iniciativa de una pareja de\" data-link=\"https:\/\/www.vidasignificativa.org\/cat\/mantas-para-ucrania\/\"><h4 class=\"tagline\" style=\"color:#1e1e1e;\">Comparteix aquest article<\/h4><div class=\"fusion-social-networks sharingbox-shortcode-icon-wrapper sharingbox-shortcode-icon-wrapper-1 boxed-icons\"><span><a href=\"https:\/\/www.facebook.com\/sharer.php?u=https%3A%2F%2Fwww.vidasignificativa.org%2Fcat%2Fmantas-para-ucrania%2F&amp;t=Mantas%20para%20Ucrania\" target=\"_blank\" rel=\"noreferrer\" title=\"Facebook\" aria-label=\"Facebook\" data-placement=\"top\" data-toggle=\"tooltip\" data-title=\"Facebook\"><i class=\"fusion-social-network-icon fusion-tooltip fusion-facebook awb-icon-facebook\" style=\"color:#ffffff;background-color:#3b5998;border-color:#3b5998;border-radius:4px;\" aria-hidden=\"true\"><\/i><\/a><\/span><span><a href=\"https:\/\/twitter.com\/share?text=Mantas%20para%20Ucrania&amp;url=https%3A%2F%2Fwww.vidasignificativa.org%2Fcat%2Fmantas-para-ucrania%2F\" target=\"_blank\" rel=\"noopener noreferrer\" title=\"X\" aria-label=\"X\" data-placement=\"top\" data-toggle=\"tooltip\" data-title=\"X\"><i class=\"fusion-social-network-icon fusion-tooltip fusion-twitter awb-icon-twitter\" style=\"color:#ffffff;background-color:#000000;border-color:#000000;border-radius:4px;\" aria-hidden=\"true\"><\/i><\/a><\/span><span><a href=\"https:\/\/www.linkedin.com\/shareArticle?mini=true&amp;url=https%3A%2F%2Fwww.vidasignificativa.org%2Fcat%2Fmantas-para-ucrania%2F&amp;title=Mantas%20para%20Ucrania&amp;summary=Marat%C3%B3n%20de%20mantas%20artesanales%20para%20un%20hospital%20de%20Ucrania%20%20%0D%0A%0D%0ALos%20pasados%2029%20de%20octubre%20y%201-2%20de%20noviembre%20hicimos%20un%20llamamiento%20para%20hacer%20una%20Marat%C3%B3n%20de%20mantas%20para%20Ucrania.%20Mantas%20que%20llegar%C3%A1n%20al%20Hospital%20San%20Mart%C3%ADn%20de%20la%20ciudad%20Mukachevo%20%28cerca%20de%20la%20frontera%20con%20Hungr%C3%ADa%29%20gracias%20a%20la%20iniciativa%20de%20una%20pareja%20de\" target=\"_blank\" rel=\"noopener noreferrer\" title=\"LinkedIn\" aria-label=\"LinkedIn\" data-placement=\"top\" data-toggle=\"tooltip\" data-title=\"LinkedIn\"><i class=\"fusion-social-network-icon fusion-tooltip fusion-linkedin awb-icon-linkedin\" style=\"color:#ffffff;background-color:#0077b5;border-color:#0077b5;border-radius:4px;\" aria-hidden=\"true\"><\/i><\/a><\/span><span><a href=\"https:\/\/api.whatsapp.com\/send?text=https%3A%2F%2Fwww.vidasignificativa.org%2Fcat%2Fmantas-para-ucrania%2F\" target=\"_blank\" rel=\"noopener noreferrer\" title=\"WhatsApp\" aria-label=\"WhatsApp\" data-placement=\"top\" data-toggle=\"tooltip\" data-title=\"WhatsApp\"><i class=\"fusion-social-network-icon fusion-tooltip fusion-whatsapp awb-icon-whatsapp\" style=\"color:#ffffff;background-color:#77e878;border-color:#77e878;border-radius:4px;\" aria-hidden=\"true\"><\/i><\/a><\/span><\/div><\/div><div class=\"fusion-clearfix\"><\/div><\/div><\/div><\/div><\/div><\/p>","protected":false},"excerpt":{"rendered":"","protected":false},"author":1,"featured_media":4515,"comment_status":"open","ping_status":"closed","sticky":false,"template":"","format":"standard","meta":{"give_campaign_id":0,"footnotes":""},"categories":[36,42,37,26],"tags":[39,40,38],"yoast_head":"<!-- This site is optimized with the Yoast SEO plugin v24.0 - https:\/\/yoast.com\/wordpress\/plugins\/seo\/ -->\n<title>Marat\u00f3n de &quot;Mantas para Ucrania&quot;<\/title>\n<meta name=\"description\" content=\"Decenas de personas participan en la marat\u00f3n de Mantas para Ucrania tejiendo artesanalmente para el Proyecto Abriga desde toda Espa\u00f1a.\" \/>\n<meta name=\"robots\" content=\"index, follow, max-snippet:-1, max-image-preview:large, max-video-preview:-1\" \/>\n<link rel=\"canonical\" href=\"https:\/\/www.vidasignificativa.org\/cat\/mantas-para-ucrania\/\" \/>\n<meta property=\"og:locale\" content=\"ca_ES\" \/>\n<meta property=\"og:type\" content=\"article\" \/>\n<meta property=\"og:title\" content=\"Marat\u00f3n de &quot;Mantas para Ucrania&quot;\" \/>\n<meta property=\"og:description\" content=\"Decenas de personas participan en la marat\u00f3n de Mantas para Ucrania tejiendo artesanalmente para el Proyecto Abriga desde toda Espa\u00f1a.\" \/>\n<meta property=\"og:url\" content=\"https:\/\/www.vidasignificativa.org\/cat\/mantas-para-ucrania\/\" \/>\n<meta property=\"og:site_name\" content=\"Vida Significativa\" \/>\n<meta property=\"article:published_time\" content=\"2022-11-06T11:12:03+00:00\" \/>\n<meta property=\"article:modified_time\" content=\"2022-12-04T11:05:01+00:00\" \/>\n<meta property=\"og:image\" content=\"https:\/\/www.vidasignificativa.org\/wp-content\/uploads\/2022\/11\/WhatsApp-Image-2022-10-30-at-07.46.15-4.jpeg\" \/>\n\t<meta property=\"og:image:width\" content=\"2000\" \/>\n\t<meta property=\"og:image:height\" content=\"1500\" \/>\n\t<meta property=\"og:image:type\" content=\"image\/jpeg\" \/>\n<meta name=\"author\" content=\"vidasignificativa\" \/>\n<meta name=\"twitter:card\" content=\"summary_large_image\" \/>\n<meta name=\"twitter:label1\" content=\"Escrit per\" \/>\n\t<meta name=\"twitter:data1\" content=\"vidasignificativa\" \/>\n\t<meta name=\"twitter:label2\" content=\"Temps estimat de lectura\" \/>\n\t<meta name=\"twitter:data2\" content=\"3 minuts\" \/>\n<script type=\"application\/ld+json\" class=\"yoast-schema-graph\">{\"@context\":\"https:\/\/schema.org\",\"@graph\":[{\"@type\":\"Article\",\"@id\":\"https:\/\/www.vidasignificativa.org\/cat\/mantas-para-ucrania\/#article\",\"isPartOf\":{\"@id\":\"https:\/\/www.vidasignificativa.org\/cat\/mantas-para-ucrania\/\"},\"author\":{\"name\":\"vidasignificativa\",\"@id\":\"https:\/\/www.vidasignificativa.org\/#\/schema\/person\/a44966fcddbd5126c638240188e9c27e\"},\"headline\":\"Mantas para Ucrania\",\"datePublished\":\"2022-11-06T11:12:03+00:00\",\"dateModified\":\"2022-12-04T11:05:01+00:00\",\"mainEntityOfPage\":{\"@id\":\"https:\/\/www.vidasignificativa.org\/cat\/mantas-para-ucrania\/\"},\"wordCount\":1309,\"commentCount\":0,\"publisher\":{\"@id\":\"https:\/\/www.vidasignificativa.org\/#organization\"},\"image\":{\"@id\":\"https:\/\/www.vidasignificativa.org\/cat\/mantas-para-ucrania\/#primaryimage\"},\"thumbnailUrl\":\"https:\/\/www.vidasignificativa.org\/wp-content\/uploads\/2022\/11\/WhatsApp-Image-2022-10-30-at-07.46.15-4.jpeg\",\"keywords\":[\"Altruismo\",\"Solidaridad\",\"Voluntariado\"],\"articleSection\":[\"Altruismo\",\"Sensibilizaci\u00f3n\",\"Solidaridad\",\"Voluntariado\"],\"inLanguage\":\"ca\",\"potentialAction\":[{\"@type\":\"CommentAction\",\"name\":\"Comment\",\"target\":[\"https:\/\/www.vidasignificativa.org\/cat\/mantas-para-ucrania\/#respond\"]}]},{\"@type\":\"WebPage\",\"@id\":\"https:\/\/www.vidasignificativa.org\/cat\/mantas-para-ucrania\/\",\"url\":\"https:\/\/www.vidasignificativa.org\/cat\/mantas-para-ucrania\/\",\"name\":\"Marat\u00f3n de \\\"Mantas para Ucrania\\\"\",\"isPartOf\":{\"@id\":\"https:\/\/www.vidasignificativa.org\/#website\"},\"primaryImageOfPage\":{\"@id\":\"https:\/\/www.vidasignificativa.org\/cat\/mantas-para-ucrania\/#primaryimage\"},\"image\":{\"@id\":\"https:\/\/www.vidasignificativa.org\/cat\/mantas-para-ucrania\/#primaryimage\"},\"thumbnailUrl\":\"https:\/\/www.vidasignificativa.org\/wp-content\/uploads\/2022\/11\/WhatsApp-Image-2022-10-30-at-07.46.15-4.jpeg\",\"datePublished\":\"2022-11-06T11:12:03+00:00\",\"dateModified\":\"2022-12-04T11:05:01+00:00\",\"description\":\"Decenas de personas participan en la marat\u00f3n de Mantas para Ucrania tejiendo artesanalmente para el Proyecto Abriga desde toda Espa\u00f1a.\",\"breadcrumb\":{\"@id\":\"https:\/\/www.vidasignificativa.org\/cat\/mantas-para-ucrania\/#breadcrumb\"},\"inLanguage\":\"ca\",\"potentialAction\":[{\"@type\":\"ReadAction\",\"target\":[\"https:\/\/www.vidasignificativa.org\/cat\/mantas-para-ucrania\/\"]}]},{\"@type\":\"ImageObject\",\"inLanguage\":\"ca\",\"@id\":\"https:\/\/www.vidasignificativa.org\/cat\/mantas-para-ucrania\/#primaryimage\",\"url\":\"https:\/\/www.vidasignificativa.org\/wp-content\/uploads\/2022\/11\/WhatsApp-Image-2022-10-30-at-07.46.15-4.jpeg\",\"contentUrl\":\"https:\/\/www.vidasignificativa.org\/wp-content\/uploads\/2022\/11\/WhatsApp-Image-2022-10-30-at-07.46.15-4.jpeg\",\"width\":2000,\"height\":1500},{\"@type\":\"BreadcrumbList\",\"@id\":\"https:\/\/www.vidasignificativa.org\/cat\/mantas-para-ucrania\/#breadcrumb\",\"itemListElement\":[{\"@type\":\"ListItem\",\"position\":1,\"name\":\"Portada\",\"item\":\"https:\/\/www.vidasignificativa.org\/\"},{\"@type\":\"ListItem\",\"position\":2,\"name\":\"Mantas para Ucrania\"}]},{\"@type\":\"WebSite\",\"@id\":\"https:\/\/www.vidasignificativa.org\/#website\",\"url\":\"https:\/\/www.vidasignificativa.org\/\",\"name\":\"Vida Significativa\",\"description\":\"ONG\",\"publisher\":{\"@id\":\"https:\/\/www.vidasignificativa.org\/#organization\"},\"potentialAction\":[{\"@type\":\"SearchAction\",\"target\":{\"@type\":\"EntryPoint\",\"urlTemplate\":\"https:\/\/www.vidasignificativa.org\/?s={search_term_string}\"},\"query-input\":{\"@type\":\"PropertyValueSpecification\",\"valueRequired\":true,\"valueName\":\"search_term_string\"}}],\"inLanguage\":\"ca\"},{\"@type\":\"Organization\",\"@id\":\"https:\/\/www.vidasignificativa.org\/#organization\",\"name\":\"Vida Significativa\",\"url\":\"https:\/\/www.vidasignificativa.org\/\",\"logo\":{\"@type\":\"ImageObject\",\"inLanguage\":\"ca\",\"@id\":\"https:\/\/www.vidasignificativa.org\/#\/schema\/logo\/image\/\",\"url\":\"https:\/\/www.vidasignificativa.org\/wp-content\/uploads\/2024\/01\/vida-sginificativa-logo-700x700-1.jpg\",\"contentUrl\":\"https:\/\/www.vidasignificativa.org\/wp-content\/uploads\/2024\/01\/vida-sginificativa-logo-700x700-1.jpg\",\"width\":700,\"height\":700,\"caption\":\"Vida Significativa\"},\"image\":{\"@id\":\"https:\/\/www.vidasignificativa.org\/#\/schema\/logo\/image\/\"}},{\"@type\":\"Person\",\"@id\":\"https:\/\/www.vidasignificativa.org\/#\/schema\/person\/a44966fcddbd5126c638240188e9c27e\",\"name\":\"vidasignificativa\"}]}<\/script>\n<!-- \/ Yoast SEO plugin. -->","yoast_head_json":{"title":"Marat\u00f3n de \"Mantas para Ucrania\"","description":"Decenas de personas participan en la marat\u00f3n de Mantas para Ucrania tejiendo artesanalmente para el Proyecto Abriga desde toda Espa\u00f1a.","robots":{"index":"index","follow":"follow","max-snippet":"max-snippet:-1","max-image-preview":"max-image-preview:large","max-video-preview":"max-video-preview:-1"},"canonical":"https:\/\/www.vidasignificativa.org\/cat\/mantas-para-ucrania\/","og_locale":"ca_ES","og_type":"article","og_title":"Marat\u00f3n de \"Mantas para Ucrania\"","og_description":"Decenas de personas participan en la marat\u00f3n de Mantas para Ucrania tejiendo artesanalmente para el Proyecto Abriga desde toda Espa\u00f1a.","og_url":"https:\/\/www.vidasignificativa.org\/cat\/mantas-para-ucrania\/","og_site_name":"Vida Significativa","article_published_time":"2022-11-06T11:12:03+00:00","article_modified_time":"2022-12-04T11:05:01+00:00","og_image":[{"width":2000,"height":1500,"url":"https:\/\/www.vidasignificativa.org\/wp-content\/uploads\/2022\/11\/WhatsApp-Image-2022-10-30-at-07.46.15-4.jpeg","type":"image\/jpeg"}],"author":"vidasignificativa","twitter_card":"summary_large_image","twitter_misc":{"Escrit per":"vidasignificativa","Temps estimat de lectura":"3 minuts"},"schema":{"@context":"https:\/\/schema.org","@graph":[{"@type":"Article","@id":"https:\/\/www.vidasignificativa.org\/cat\/mantas-para-ucrania\/#article","isPartOf":{"@id":"https:\/\/www.vidasignificativa.org\/cat\/mantas-para-ucrania\/"},"author":{"name":"vidasignificativa","@id":"https:\/\/www.vidasignificativa.org\/#\/schema\/person\/a44966fcddbd5126c638240188e9c27e"},"headline":"Mantas para Ucrania","datePublished":"2022-11-06T11:12:03+00:00","dateModified":"2022-12-04T11:05:01+00:00","mainEntityOfPage":{"@id":"https:\/\/www.vidasignificativa.org\/cat\/mantas-para-ucrania\/"},"wordCount":1309,"commentCount":0,"publisher":{"@id":"https:\/\/www.vidasignificativa.org\/#organization"},"image":{"@id":"https:\/\/www.vidasignificativa.org\/cat\/mantas-para-ucrania\/#primaryimage"},"thumbnailUrl":"https:\/\/www.vidasignificativa.org\/wp-content\/uploads\/2022\/11\/WhatsApp-Image-2022-10-30-at-07.46.15-4.jpeg","keywords":["Altruismo","Solidaridad","Voluntariado"],"articleSection":["Altruismo","Sensibilizaci\u00f3n","Solidaridad","Voluntariado"],"inLanguage":"ca","potentialAction":[{"@type":"CommentAction","name":"Comment","target":["https:\/\/www.vidasignificativa.org\/cat\/mantas-para-ucrania\/#respond"]}]},{"@type":"WebPage","@id":"https:\/\/www.vidasignificativa.org\/cat\/mantas-para-ucrania\/","url":"https:\/\/www.vidasignificativa.org\/cat\/mantas-para-ucrania\/","name":"Marat\u00f3n de \"Mantas para Ucrania\"","isPartOf":{"@id":"https:\/\/www.vidasignificativa.org\/#website"},"primaryImageOfPage":{"@id":"https:\/\/www.vidasignificativa.org\/cat\/mantas-para-ucrania\/#primaryimage"},"image":{"@id":"https:\/\/www.vidasignificativa.org\/cat\/mantas-para-ucrania\/#primaryimage"},"thumbnailUrl":"https:\/\/www.vidasignificativa.org\/wp-content\/uploads\/2022\/11\/WhatsApp-Image-2022-10-30-at-07.46.15-4.jpeg","datePublished":"2022-11-06T11:12:03+00:00","dateModified":"2022-12-04T11:05:01+00:00","description":"Decenas de personas participan en la marat\u00f3n de Mantas para Ucrania tejiendo artesanalmente para el Proyecto Abriga desde toda Espa\u00f1a.","breadcrumb":{"@id":"https:\/\/www.vidasignificativa.org\/cat\/mantas-para-ucrania\/#breadcrumb"},"inLanguage":"ca","potentialAction":[{"@type":"ReadAction","target":["https:\/\/www.vidasignificativa.org\/cat\/mantas-para-ucrania\/"]}]},{"@type":"ImageObject","inLanguage":"ca","@id":"https:\/\/www.vidasignificativa.org\/cat\/mantas-para-ucrania\/#primaryimage","url":"https:\/\/www.vidasignificativa.org\/wp-content\/uploads\/2022\/11\/WhatsApp-Image-2022-10-30-at-07.46.15-4.jpeg","contentUrl":"https:\/\/www.vidasignificativa.org\/wp-content\/uploads\/2022\/11\/WhatsApp-Image-2022-10-30-at-07.46.15-4.jpeg","width":2000,"height":1500},{"@type":"BreadcrumbList","@id":"https:\/\/www.vidasignificativa.org\/cat\/mantas-para-ucrania\/#breadcrumb","itemListElement":[{"@type":"ListItem","position":1,"name":"Portada","item":"https:\/\/www.vidasignificativa.org\/"},{"@type":"ListItem","position":2,"name":"Mantas para Ucrania"}]},{"@type":"WebSite","@id":"https:\/\/www.vidasignificativa.org\/#website","url":"https:\/\/www.vidasignificativa.org\/","name":"Vida Significativa","description":"ONG","publisher":{"@id":"https:\/\/www.vidasignificativa.org\/#organization"},"potentialAction":[{"@type":"SearchAction","target":{"@type":"EntryPoint","urlTemplate":"https:\/\/www.vidasignificativa.org\/?s={search_term_string}"},"query-input":{"@type":"PropertyValueSpecification","valueRequired":true,"valueName":"search_term_string"}}],"inLanguage":"ca"},{"@type":"Organization","@id":"https:\/\/www.vidasignificativa.org\/#organization","name":"Vida Significativa","url":"https:\/\/www.vidasignificativa.org\/","logo":{"@type":"ImageObject","inLanguage":"ca","@id":"https:\/\/www.vidasignificativa.org\/#\/schema\/logo\/image\/","url":"https:\/\/www.vidasignificativa.org\/wp-content\/uploads\/2024\/01\/vida-sginificativa-logo-700x700-1.jpg","contentUrl":"https:\/\/www.vidasignificativa.org\/wp-content\/uploads\/2024\/01\/vida-sginificativa-logo-700x700-1.jpg","width":700,"height":700,"caption":"Vida Significativa"},"image":{"@id":"https:\/\/www.vidasignificativa.org\/#\/schema\/logo\/image\/"}},{"@type":"Person","@id":"https:\/\/www.vidasignificativa.org\/#\/schema\/person\/a44966fcddbd5126c638240188e9c27e","name":"vidasignificativa"}]}},"_links":{"self":[{"href":"https:\/\/www.vidasignificativa.org\/cat\/wp-json\/wp\/v2\/posts\/4513"}],"collection":[{"href":"https:\/\/www.vidasignificativa.org\/cat\/wp-json\/wp\/v2\/posts"}],"about":[{"href":"https:\/\/www.vidasignificativa.org\/cat\/wp-json\/wp\/v2\/types\/post"}],"author":[{"embeddable":true,"href":"https:\/\/www.vidasignificativa.org\/cat\/wp-json\/wp\/v2\/users\/1"}],"replies":[{"embeddable":true,"href":"https:\/\/www.vidasignificativa.org\/cat\/wp-json\/wp\/v2\/comments?post=4513"}],"version-history":[{"count":0,"href":"https:\/\/www.vidasignificativa.org\/cat\/wp-json\/wp\/v2\/posts\/4513\/revisions"}],"wp:featuredmedia":[{"embeddable":true,"href":"https:\/\/www.vidasignificativa.org\/cat\/wp-json\/wp\/v2\/media\/4515"}],"wp:attachment":[{"href":"https:\/\/www.vidasignificativa.org\/cat\/wp-json\/wp\/v2\/media?parent=4513"}],"wp:term":[{"taxonomy":"category","embeddable":true,"href":"https:\/\/www.vidasignificativa.org\/cat\/wp-json\/wp\/v2\/categories?post=4513"},{"taxonomy":"post_tag","embeddable":true,"href":"https:\/\/www.vidasignificativa.org\/cat\/wp-json\/wp\/v2\/tags?post=4513"}],"curies":[{"name":"wp","href":"https:\/\/api.w.org\/{rel}","templated":true}]}}