{"id":4389,"date":"2022-07-07T12:08:54","date_gmt":"2022-07-07T11:08:54","guid":{"rendered":"https:\/\/www.vidasignificativa.org\/?p=4389"},"modified":"2022-07-08T10:56:17","modified_gmt":"2022-07-08T09:56:17","slug":"campana-de-recaptacion-de-material-para-la-infancia-con-diversidades-funionales-de-honduras","status":"publish","type":"post","link":"https:\/\/www.vidasignificativa.org\/cat\/campana-de-recaptacion-de-material-para-la-infancia-con-diversidades-funionales-de-honduras\/","title":{"rendered":"Campa\u00f1a de recaptaci\u00f3n de material para la infancia con diversidades funionales de Honduras"},"content":{"rendered":"<p><div class=\"fusion-fullwidth fullwidth-box fusion-builder-row-1 nonhundred-percent-fullwidth non-hundred-percent-height-scrolling\" style=\"--awb-background-position:left top;--awb-border-sizes-top:0px;--awb-border-sizes-bottom:0px;--awb-border-sizes-left:0px;--awb-border-sizes-right:0px;--awb-border-radius-top-left:0px;--awb-border-radius-top-right:0px;--awb-border-radius-bottom-right:0px;--awb-border-radius-bottom-left:0px;--awb-padding-top:20px;--awb-padding-bottom:20px;--awb-flex-wrap:wrap;\" ><div class=\"fusion-builder-row fusion-row\"><div class=\"fusion-layout-column fusion_builder_column fusion-builder-column-0 fusion_builder_column_1_1 1_1 fusion-one-full fusion-column-first fusion-column-last\" style=\"--awb-bg-size:cover;\"><div class=\"fusion-column-wrapper fusion-flex-column-wrapper-legacy\"><div class=\"fusion-sep-clear\"><\/div><div class=\"fusion-separator fusion-full-width-sep\" style=\"margin-left: auto;margin-right: auto;margin-top:5px;width:100%;\"><\/div><div class=\"fusion-sep-clear\"><\/div><div class=\"fusion-text fusion-text-1\"><h3>AYUDAR A LA INFANCIA Y DOCENCIA HONDURE\u00d1A<\/h3>\n<\/div><div class=\"fusion-sep-clear\"><\/div><div class=\"fusion-separator fusion-clearfix\" style=\"float:left;margin-top:0px;margin-bottom:30px;width:100%;max-width:200px;\"><div class=\"fusion-separator-border sep-single sep-solid\" style=\"--awb-height:20px;--awb-amount:20px;--awb-sep-color:#fec96b;border-color:#fec96b;border-top-width:3px;\"><\/div><\/div><div class=\"fusion-sep-clear\"><\/div><div class=\"fusion-text fusion-text-2\"><p>\u00a1Nos vamos otra vez a Honduras!<\/p>\n<p>Estamos recaudando material espec\u00edfico para llevar en el voluntariado que realizaremos este verano. Queremos que los 28 ni\u00f1os y ni\u00f1as con alg\u00fan tipo de discapacidad de la escuela\u00a0<a class=\"oajrlxb2 g5ia77u1 qu0x051f esr5mh6w e9989ue4 r7d6kgcz rq0escxv nhd2j8a9 nc684nl6 p7hjln8o kvgmc6g5 cxmmr5t8 oygrvhab hcukyx3x jb3vyjys rz4wbd8a qt6c0cv9 a8nywdso i1ao9s8h esuyzwwr f1sip0of lzcic4wl notranslate _a6hd\" tabindex=\"0\" role=\"link\" href=\"https:\/\/www.instagram.com\/cebdoloressabillon\/\">@cebdoloressabillon<\/a> de Guacamaya, puedan mejorar sus condiciones educativas y de vida, as\u00ed como la de sus docentes. \u00bfNos puedes ayudar con algo? No tienen nada en las aulas y cualquier aportaci\u00f3n ser\u00e1 muy bienvenida.<\/p>\n<p>Para ello, necesitamos JUEGOS:<br \/>\n&#8211; inclusivos, participativos, manipulativos, matem\u00e1ticos, lig\u00fc\u00edsticos, visuales, creativos, Montessori, libres&#8230;<\/p>\n<p>O MATERIALES:<br \/>\n&#8211; para discapacidades visuales, auditivas, intelectuales, de autismo, de transtornos del lenguaje, etc.<\/p>\n<p>Fecha l\u00edmite de recogida: \u00a118 de Julio 2022!<\/p>\n<p>Puedes mandarlo a esta direcci\u00f3n:<br \/>\nONG Vida Significativa<br \/>\nMas d&#8217;Eroles s\/n<br \/>\n25797 Adrall (Lleida)<\/p>\n<p>El 20 de Julio sale el avi\u00f3n&#8230;<\/p>\n<p>\ud83d\udc49 Se aceptan materiales usados, siempre que est\u00e9n en buenas condiciones y no falten piezas, etc.<\/p>\n<p>\u00a1Gracias!<\/p>\n<\/div><div class=\"fusion-sep-clear\"><\/div><div class=\"fusion-separator fusion-full-width-sep\" style=\"margin-left: auto;margin-right: auto;margin-top:5px;width:100%;\"><\/div><div class=\"fusion-sep-clear\"><\/div><div class=\"fusion-image-element in-legacy-container\" style=\"--awb-caption-title-font-family:var(--h2_typography-font-family);--awb-caption-title-font-weight:var(--h2_typography-font-weight);--awb-caption-title-font-style:var(--h2_typography-font-style);--awb-caption-title-size:var(--h2_typography-font-size);--awb-caption-title-transform:var(--h2_typography-text-transform);--awb-caption-title-line-height:var(--h2_typography-line-height);--awb-caption-title-letter-spacing:var(--h2_typography-letter-spacing);\"><span class=\"fusion-imageframe imageframe-none imageframe-1 hover-type-none\"><img decoding=\"async\" width=\"550\" height=\"550\" title=\"Blog VS recaptaci\u00f3n material Honduras\" src=\"https:\/\/www.vidasignificativa.org\/wp-content\/uploads\/2022\/07\/Blog-VS-recaptacion-material-Honduras.jpg\" alt class=\"img-responsive wp-image-4391\" srcset=\"https:\/\/www.vidasignificativa.org\/wp-content\/uploads\/2022\/07\/Blog-VS-recaptacion-material-Honduras-200x200.jpg 200w, https:\/\/www.vidasignificativa.org\/wp-content\/uploads\/2022\/07\/Blog-VS-recaptacion-material-Honduras-400x400.jpg 400w, https:\/\/www.vidasignificativa.org\/wp-content\/uploads\/2022\/07\/Blog-VS-recaptacion-material-Honduras.jpg 550w\" sizes=\"(max-width: 1024px) 100vw, 550px\" \/><\/span><\/div><div class=\"fusion-sep-clear\"><\/div><div class=\"fusion-separator fusion-full-width-sep\" style=\"margin-left: auto;margin-right: auto;margin-top:5px;width:100%;\"><\/div><div class=\"fusion-sep-clear\"><\/div><div class=\"fusion-clearfix\"><\/div><\/div><\/div><\/div><\/div><div class=\"fusion-fullwidth fullwidth-box fusion-builder-row-2 nonhundred-percent-fullwidth non-hundred-percent-height-scrolling\" style=\"--awb-background-position:left top;--awb-border-sizes-top:0px;--awb-border-sizes-bottom:0px;--awb-border-sizes-left:0px;--awb-border-sizes-right:0px;--awb-border-radius-top-left:0px;--awb-border-radius-top-right:0px;--awb-border-radius-bottom-right:0px;--awb-border-radius-bottom-left:0px;--awb-padding-top:30px;--awb-padding-bottom:150px;--awb-flex-wrap:wrap;\" ><div class=\"fusion-builder-row fusion-row\"><div class=\"fusion-layout-column fusion_builder_column fusion-builder-column-1 fusion_builder_column_1_1 1_1 fusion-one-full fusion-column-first fusion-column-last\" style=\"--awb-bg-size:cover;\"><div class=\"fusion-column-wrapper fusion-flex-column-wrapper-legacy\"><div class=\"fusion-sharing-box fusion-sharing-box-1 boxed-icons has-taglines layout-floated layout-medium-floated layout-small-floated\" style=\"background-color:rgba(255,255,255,0);padding:0;--awb-layout:row;--awb-alignment-small:space-between;\" data-title=\"Campa\u00f1a de recaptaci\u00f3n de material para la infancia con diversidades funionales de Honduras\" data-description=\"AYUDAR A LA INFANCIA Y DOCENCIA HONDURE\u00d1A \u00a1Nos vamos otra vez a Honduras!Estamos recaudando material espec\u00edfico para llevar en el voluntariado que realizaremos este verano. Queremos que los 28 ni\u00f1os y ni\u00f1as con alg\u00fan tipo de discapacidad de la escuela\u00a0\" data-link=\"https:\/\/www.vidasignificativa.org\/cat\/campana-de-recaptacion-de-material-para-la-infancia-con-diversidades-funionales-de-honduras\/\"><h4 class=\"tagline\" style=\"color:#1e1e1e;\">Comparteix aquest article<\/h4><div class=\"fusion-social-networks sharingbox-shortcode-icon-wrapper sharingbox-shortcode-icon-wrapper-1 boxed-icons\"><span><a href=\"https:\/\/www.facebook.com\/sharer.php?u=https%3A%2F%2Fwww.vidasignificativa.org%2Fcat%2Fcampana-de-recaptacion-de-material-para-la-infancia-con-diversidades-funionales-de-honduras%2F&amp;t=Campa%C3%B1a%20de%20recaptaci%C3%B3n%20de%20material%20para%20la%20infancia%20con%20diversidades%20funionales%20de%20Honduras\" target=\"_blank\" rel=\"noreferrer\" title=\"Facebook\" aria-label=\"Facebook\" data-placement=\"top\" data-toggle=\"tooltip\" data-title=\"Facebook\"><i class=\"fusion-social-network-icon fusion-tooltip fusion-facebook awb-icon-facebook\" style=\"color:#ffffff;background-color:#3b5998;border-color:#3b5998;border-radius:4px;\" aria-hidden=\"true\"><\/i><\/a><\/span><span><a href=\"https:\/\/twitter.com\/share?text=Campa%C3%B1a%20de%20recaptaci%C3%B3n%20de%20material%20para%20la%20infancia%20con%20diversidades%20funionales%20de%20Honduras&amp;url=https%3A%2F%2Fwww.vidasignificativa.org%2Fcat%2Fcampana-de-recaptacion-de-material-para-la-infancia-con-diversidades-funionales-de-honduras%2F\" target=\"_blank\" rel=\"noopener noreferrer\" title=\"X\" aria-label=\"X\" data-placement=\"top\" data-toggle=\"tooltip\" data-title=\"X\"><i class=\"fusion-social-network-icon fusion-tooltip fusion-twitter awb-icon-twitter\" style=\"color:#ffffff;background-color:#000000;border-color:#000000;border-radius:4px;\" aria-hidden=\"true\"><\/i><\/a><\/span><span><a href=\"https:\/\/www.linkedin.com\/shareArticle?mini=true&amp;url=https%3A%2F%2Fwww.vidasignificativa.org%2Fcat%2Fcampana-de-recaptacion-de-material-para-la-infancia-con-diversidades-funionales-de-honduras%2F&amp;title=Campa%C3%B1a%20de%20recaptaci%C3%B3n%20de%20material%20para%20la%20infancia%20con%20diversidades%20funionales%20de%20Honduras&amp;summary=AYUDAR%20A%20LA%20INFANCIA%20Y%20DOCENCIA%20HONDURE%C3%91A%20%20%0D%0A%0D%0A%C2%A1Nos%20vamos%20otra%20vez%20a%20Honduras%21%0D%0A%0D%0AEstamos%20recaudando%20material%20espec%C3%ADfico%20para%20llevar%20en%20el%20voluntariado%20que%20realizaremos%20este%20verano.%20Queremos%20que%20los%2028%20ni%C3%B1os%20y%20ni%C3%B1as%20con%20alg%C3%BAn%20tipo%20de%20discapacidad%20de%20la%20escuela%C2%A0\" target=\"_blank\" rel=\"noopener noreferrer\" title=\"LinkedIn\" aria-label=\"LinkedIn\" data-placement=\"top\" data-toggle=\"tooltip\" data-title=\"LinkedIn\"><i class=\"fusion-social-network-icon fusion-tooltip fusion-linkedin awb-icon-linkedin\" style=\"color:#ffffff;background-color:#0077b5;border-color:#0077b5;border-radius:4px;\" aria-hidden=\"true\"><\/i><\/a><\/span><span><a href=\"https:\/\/api.whatsapp.com\/send?text=https%3A%2F%2Fwww.vidasignificativa.org%2Fcat%2Fcampana-de-recaptacion-de-material-para-la-infancia-con-diversidades-funionales-de-honduras%2F\" target=\"_blank\" rel=\"noopener noreferrer\" title=\"WhatsApp\" aria-label=\"WhatsApp\" data-placement=\"top\" data-toggle=\"tooltip\" data-title=\"WhatsApp\"><i class=\"fusion-social-network-icon fusion-tooltip fusion-whatsapp awb-icon-whatsapp\" style=\"color:#ffffff;background-color:#77e878;border-color:#77e878;border-radius:4px;\" aria-hidden=\"true\"><\/i><\/a><\/span><\/div><\/div><div class=\"fusion-clearfix\"><\/div><\/div><\/div><\/div><\/div><\/p>","protected":false},"excerpt":{"rendered":"","protected":false},"author":1,"featured_media":4391,"comment_status":"open","ping_status":"closed","sticky":false,"template":"","format":"standard","meta":{"give_campaign_id":0,"footnotes":""},"categories":[98],"tags":[39,40,38,63],"yoast_head":"<!-- This site is optimized with the Yoast SEO plugin v24.0 - https:\/\/yoast.com\/wordpress\/plugins\/seo\/ -->\n<title>Campa\u00f1a de recaptaci\u00f3n de material para la infancia con diversidades funionales de Honduras - Vida Significativa<\/title>\n<meta name=\"description\" content=\"Voluntariado en Honduras hacia la infancia y docencia. Campa\u00f1a de recaptaci\u00f3n de materiales pedag\u00f3gicos para ni\u00f1xs con diversidades.\" \/>\n<meta name=\"robots\" content=\"index, follow, max-snippet:-1, max-image-preview:large, max-video-preview:-1\" \/>\n<link rel=\"canonical\" href=\"https:\/\/www.vidasignificativa.org\/cat\/campana-de-recaptacion-de-material-para-la-infancia-con-diversidades-funionales-de-honduras\/\" \/>\n<meta property=\"og:locale\" content=\"ca_ES\" \/>\n<meta property=\"og:type\" content=\"article\" \/>\n<meta property=\"og:title\" content=\"Campa\u00f1a de recaptaci\u00f3n de material para la infancia con diversidades funionales de Honduras - Vida Significativa\" \/>\n<meta property=\"og:description\" content=\"Voluntariado en Honduras hacia la infancia y docencia. Campa\u00f1a de recaptaci\u00f3n de materiales pedag\u00f3gicos para ni\u00f1xs con diversidades.\" \/>\n<meta property=\"og:url\" content=\"https:\/\/www.vidasignificativa.org\/cat\/campana-de-recaptacion-de-material-para-la-infancia-con-diversidades-funionales-de-honduras\/\" \/>\n<meta property=\"og:site_name\" content=\"Vida Significativa\" \/>\n<meta property=\"article:published_time\" content=\"2022-07-07T11:08:54+00:00\" \/>\n<meta property=\"article:modified_time\" content=\"2022-07-08T09:56:17+00:00\" \/>\n<meta property=\"og:image\" content=\"https:\/\/www.vidasignificativa.org\/wp-content\/uploads\/2022\/07\/Blog-VS-recaptacion-material-Honduras.jpg\" \/>\n\t<meta property=\"og:image:width\" content=\"550\" \/>\n\t<meta property=\"og:image:height\" content=\"550\" \/>\n\t<meta property=\"og:image:type\" content=\"image\/jpeg\" \/>\n<meta name=\"author\" content=\"vidasignificativa\" \/>\n<meta name=\"twitter:card\" content=\"summary_large_image\" \/>\n<meta name=\"twitter:label1\" content=\"Escrit per\" \/>\n\t<meta name=\"twitter:data1\" content=\"vidasignificativa\" \/>\n\t<meta name=\"twitter:label2\" content=\"Temps estimat de lectura\" \/>\n\t<meta name=\"twitter:data2\" content=\"3 minuts\" \/>\n<script type=\"application\/ld+json\" class=\"yoast-schema-graph\">{\"@context\":\"https:\/\/schema.org\",\"@graph\":[{\"@type\":\"Article\",\"@id\":\"https:\/\/www.vidasignificativa.org\/cat\/campana-de-recaptacion-de-material-para-la-infancia-con-diversidades-funionales-de-honduras\/#article\",\"isPartOf\":{\"@id\":\"https:\/\/www.vidasignificativa.org\/cat\/campana-de-recaptacion-de-material-para-la-infancia-con-diversidades-funionales-de-honduras\/\"},\"author\":{\"name\":\"vidasignificativa\",\"@id\":\"https:\/\/www.vidasignificativa.org\/#\/schema\/person\/a44966fcddbd5126c638240188e9c27e\"},\"headline\":\"Campa\u00f1a de recaptaci\u00f3n de material para la infancia con diversidades funionales de Honduras\",\"datePublished\":\"2022-07-07T11:08:54+00:00\",\"dateModified\":\"2022-07-08T09:56:17+00:00\",\"mainEntityOfPage\":{\"@id\":\"https:\/\/www.vidasignificativa.org\/cat\/campana-de-recaptacion-de-material-para-la-infancia-con-diversidades-funionales-de-honduras\/\"},\"wordCount\":860,\"commentCount\":0,\"publisher\":{\"@id\":\"https:\/\/www.vidasignificativa.org\/#organization\"},\"image\":{\"@id\":\"https:\/\/www.vidasignificativa.org\/cat\/campana-de-recaptacion-de-material-para-la-infancia-con-diversidades-funionales-de-honduras\/#primaryimage\"},\"thumbnailUrl\":\"https:\/\/www.vidasignificativa.org\/wp-content\/uploads\/2022\/07\/Blog-VS-recaptacion-material-Honduras.jpg\",\"keywords\":[\"Altruismo\",\"Solidaridad\",\"Voluntariado\",\"Vulnerabilidad\"],\"articleSection\":[\"Noticias\"],\"inLanguage\":\"ca\",\"potentialAction\":[{\"@type\":\"CommentAction\",\"name\":\"Comment\",\"target\":[\"https:\/\/www.vidasignificativa.org\/cat\/campana-de-recaptacion-de-material-para-la-infancia-con-diversidades-funionales-de-honduras\/#respond\"]}]},{\"@type\":\"WebPage\",\"@id\":\"https:\/\/www.vidasignificativa.org\/cat\/campana-de-recaptacion-de-material-para-la-infancia-con-diversidades-funionales-de-honduras\/\",\"url\":\"https:\/\/www.vidasignificativa.org\/cat\/campana-de-recaptacion-de-material-para-la-infancia-con-diversidades-funionales-de-honduras\/\",\"name\":\"Campa\u00f1a de recaptaci\u00f3n de material para la infancia con diversidades funionales de Honduras - Vida Significativa\",\"isPartOf\":{\"@id\":\"https:\/\/www.vidasignificativa.org\/#website\"},\"primaryImageOfPage\":{\"@id\":\"https:\/\/www.vidasignificativa.org\/cat\/campana-de-recaptacion-de-material-para-la-infancia-con-diversidades-funionales-de-honduras\/#primaryimage\"},\"image\":{\"@id\":\"https:\/\/www.vidasignificativa.org\/cat\/campana-de-recaptacion-de-material-para-la-infancia-con-diversidades-funionales-de-honduras\/#primaryimage\"},\"thumbnailUrl\":\"https:\/\/www.vidasignificativa.org\/wp-content\/uploads\/2022\/07\/Blog-VS-recaptacion-material-Honduras.jpg\",\"datePublished\":\"2022-07-07T11:08:54+00:00\",\"dateModified\":\"2022-07-08T09:56:17+00:00\",\"description\":\"Voluntariado en Honduras hacia la infancia y docencia. Campa\u00f1a de recaptaci\u00f3n de materiales pedag\u00f3gicos para ni\u00f1xs con diversidades.\",\"breadcrumb\":{\"@id\":\"https:\/\/www.vidasignificativa.org\/cat\/campana-de-recaptacion-de-material-para-la-infancia-con-diversidades-funionales-de-honduras\/#breadcrumb\"},\"inLanguage\":\"ca\",\"potentialAction\":[{\"@type\":\"ReadAction\",\"target\":[\"https:\/\/www.vidasignificativa.org\/cat\/campana-de-recaptacion-de-material-para-la-infancia-con-diversidades-funionales-de-honduras\/\"]}]},{\"@type\":\"ImageObject\",\"inLanguage\":\"ca\",\"@id\":\"https:\/\/www.vidasignificativa.org\/cat\/campana-de-recaptacion-de-material-para-la-infancia-con-diversidades-funionales-de-honduras\/#primaryimage\",\"url\":\"https:\/\/www.vidasignificativa.org\/wp-content\/uploads\/2022\/07\/Blog-VS-recaptacion-material-Honduras.jpg\",\"contentUrl\":\"https:\/\/www.vidasignificativa.org\/wp-content\/uploads\/2022\/07\/Blog-VS-recaptacion-material-Honduras.jpg\",\"width\":550,\"height\":550},{\"@type\":\"BreadcrumbList\",\"@id\":\"https:\/\/www.vidasignificativa.org\/cat\/campana-de-recaptacion-de-material-para-la-infancia-con-diversidades-funionales-de-honduras\/#breadcrumb\",\"itemListElement\":[{\"@type\":\"ListItem\",\"position\":1,\"name\":\"Portada\",\"item\":\"https:\/\/www.vidasignificativa.org\/\"},{\"@type\":\"ListItem\",\"position\":2,\"name\":\"Campa\u00f1a de recaptaci\u00f3n de material para la infancia con diversidades funionales de Honduras\"}]},{\"@type\":\"WebSite\",\"@id\":\"https:\/\/www.vidasignificativa.org\/#website\",\"url\":\"https:\/\/www.vidasignificativa.org\/\",\"name\":\"Vida Significativa\",\"description\":\"ONG\",\"publisher\":{\"@id\":\"https:\/\/www.vidasignificativa.org\/#organization\"},\"potentialAction\":[{\"@type\":\"SearchAction\",\"target\":{\"@type\":\"EntryPoint\",\"urlTemplate\":\"https:\/\/www.vidasignificativa.org\/?s={search_term_string}\"},\"query-input\":{\"@type\":\"PropertyValueSpecification\",\"valueRequired\":true,\"valueName\":\"search_term_string\"}}],\"inLanguage\":\"ca\"},{\"@type\":\"Organization\",\"@id\":\"https:\/\/www.vidasignificativa.org\/#organization\",\"name\":\"Vida Significativa\",\"url\":\"https:\/\/www.vidasignificativa.org\/\",\"logo\":{\"@type\":\"ImageObject\",\"inLanguage\":\"ca\",\"@id\":\"https:\/\/www.vidasignificativa.org\/#\/schema\/logo\/image\/\",\"url\":\"https:\/\/www.vidasignificativa.org\/wp-content\/uploads\/2024\/01\/vida-sginificativa-logo-700x700-1.jpg\",\"contentUrl\":\"https:\/\/www.vidasignificativa.org\/wp-content\/uploads\/2024\/01\/vida-sginificativa-logo-700x700-1.jpg\",\"width\":700,\"height\":700,\"caption\":\"Vida Significativa\"},\"image\":{\"@id\":\"https:\/\/www.vidasignificativa.org\/#\/schema\/logo\/image\/\"}},{\"@type\":\"Person\",\"@id\":\"https:\/\/www.vidasignificativa.org\/#\/schema\/person\/a44966fcddbd5126c638240188e9c27e\",\"name\":\"vidasignificativa\"}]}<\/script>\n<!-- \/ Yoast SEO plugin. -->","yoast_head_json":{"title":"Campa\u00f1a de recaptaci\u00f3n de material para la infancia con diversidades funionales de Honduras - Vida Significativa","description":"Voluntariado en Honduras hacia la infancia y docencia. Campa\u00f1a de recaptaci\u00f3n de materiales pedag\u00f3gicos para ni\u00f1xs con diversidades.","robots":{"index":"index","follow":"follow","max-snippet":"max-snippet:-1","max-image-preview":"max-image-preview:large","max-video-preview":"max-video-preview:-1"},"canonical":"https:\/\/www.vidasignificativa.org\/cat\/campana-de-recaptacion-de-material-para-la-infancia-con-diversidades-funionales-de-honduras\/","og_locale":"ca_ES","og_type":"article","og_title":"Campa\u00f1a de recaptaci\u00f3n de material para la infancia con diversidades funionales de Honduras - Vida Significativa","og_description":"Voluntariado en Honduras hacia la infancia y docencia. Campa\u00f1a de recaptaci\u00f3n de materiales pedag\u00f3gicos para ni\u00f1xs con diversidades.","og_url":"https:\/\/www.vidasignificativa.org\/cat\/campana-de-recaptacion-de-material-para-la-infancia-con-diversidades-funionales-de-honduras\/","og_site_name":"Vida Significativa","article_published_time":"2022-07-07T11:08:54+00:00","article_modified_time":"2022-07-08T09:56:17+00:00","og_image":[{"width":550,"height":550,"url":"https:\/\/www.vidasignificativa.org\/wp-content\/uploads\/2022\/07\/Blog-VS-recaptacion-material-Honduras.jpg","type":"image\/jpeg"}],"author":"vidasignificativa","twitter_card":"summary_large_image","twitter_misc":{"Escrit per":"vidasignificativa","Temps estimat de lectura":"3 minuts"},"schema":{"@context":"https:\/\/schema.org","@graph":[{"@type":"Article","@id":"https:\/\/www.vidasignificativa.org\/cat\/campana-de-recaptacion-de-material-para-la-infancia-con-diversidades-funionales-de-honduras\/#article","isPartOf":{"@id":"https:\/\/www.vidasignificativa.org\/cat\/campana-de-recaptacion-de-material-para-la-infancia-con-diversidades-funionales-de-honduras\/"},"author":{"name":"vidasignificativa","@id":"https:\/\/www.vidasignificativa.org\/#\/schema\/person\/a44966fcddbd5126c638240188e9c27e"},"headline":"Campa\u00f1a de recaptaci\u00f3n de material para la infancia con diversidades funionales de Honduras","datePublished":"2022-07-07T11:08:54+00:00","dateModified":"2022-07-08T09:56:17+00:00","mainEntityOfPage":{"@id":"https:\/\/www.vidasignificativa.org\/cat\/campana-de-recaptacion-de-material-para-la-infancia-con-diversidades-funionales-de-honduras\/"},"wordCount":860,"commentCount":0,"publisher":{"@id":"https:\/\/www.vidasignificativa.org\/#organization"},"image":{"@id":"https:\/\/www.vidasignificativa.org\/cat\/campana-de-recaptacion-de-material-para-la-infancia-con-diversidades-funionales-de-honduras\/#primaryimage"},"thumbnailUrl":"https:\/\/www.vidasignificativa.org\/wp-content\/uploads\/2022\/07\/Blog-VS-recaptacion-material-Honduras.jpg","keywords":["Altruismo","Solidaridad","Voluntariado","Vulnerabilidad"],"articleSection":["Noticias"],"inLanguage":"ca","potentialAction":[{"@type":"CommentAction","name":"Comment","target":["https:\/\/www.vidasignificativa.org\/cat\/campana-de-recaptacion-de-material-para-la-infancia-con-diversidades-funionales-de-honduras\/#respond"]}]},{"@type":"WebPage","@id":"https:\/\/www.vidasignificativa.org\/cat\/campana-de-recaptacion-de-material-para-la-infancia-con-diversidades-funionales-de-honduras\/","url":"https:\/\/www.vidasignificativa.org\/cat\/campana-de-recaptacion-de-material-para-la-infancia-con-diversidades-funionales-de-honduras\/","name":"Campa\u00f1a de recaptaci\u00f3n de material para la infancia con diversidades funionales de Honduras - Vida Significativa","isPartOf":{"@id":"https:\/\/www.vidasignificativa.org\/#website"},"primaryImageOfPage":{"@id":"https:\/\/www.vidasignificativa.org\/cat\/campana-de-recaptacion-de-material-para-la-infancia-con-diversidades-funionales-de-honduras\/#primaryimage"},"image":{"@id":"https:\/\/www.vidasignificativa.org\/cat\/campana-de-recaptacion-de-material-para-la-infancia-con-diversidades-funionales-de-honduras\/#primaryimage"},"thumbnailUrl":"https:\/\/www.vidasignificativa.org\/wp-content\/uploads\/2022\/07\/Blog-VS-recaptacion-material-Honduras.jpg","datePublished":"2022-07-07T11:08:54+00:00","dateModified":"2022-07-08T09:56:17+00:00","description":"Voluntariado en Honduras hacia la infancia y docencia. Campa\u00f1a de recaptaci\u00f3n de materiales pedag\u00f3gicos para ni\u00f1xs con diversidades.","breadcrumb":{"@id":"https:\/\/www.vidasignificativa.org\/cat\/campana-de-recaptacion-de-material-para-la-infancia-con-diversidades-funionales-de-honduras\/#breadcrumb"},"inLanguage":"ca","potentialAction":[{"@type":"ReadAction","target":["https:\/\/www.vidasignificativa.org\/cat\/campana-de-recaptacion-de-material-para-la-infancia-con-diversidades-funionales-de-honduras\/"]}]},{"@type":"ImageObject","inLanguage":"ca","@id":"https:\/\/www.vidasignificativa.org\/cat\/campana-de-recaptacion-de-material-para-la-infancia-con-diversidades-funionales-de-honduras\/#primaryimage","url":"https:\/\/www.vidasignificativa.org\/wp-content\/uploads\/2022\/07\/Blog-VS-recaptacion-material-Honduras.jpg","contentUrl":"https:\/\/www.vidasignificativa.org\/wp-content\/uploads\/2022\/07\/Blog-VS-recaptacion-material-Honduras.jpg","width":550,"height":550},{"@type":"BreadcrumbList","@id":"https:\/\/www.vidasignificativa.org\/cat\/campana-de-recaptacion-de-material-para-la-infancia-con-diversidades-funionales-de-honduras\/#breadcrumb","itemListElement":[{"@type":"ListItem","position":1,"name":"Portada","item":"https:\/\/www.vidasignificativa.org\/"},{"@type":"ListItem","position":2,"name":"Campa\u00f1a de recaptaci\u00f3n de material para la infancia con diversidades funionales de Honduras"}]},{"@type":"WebSite","@id":"https:\/\/www.vidasignificativa.org\/#website","url":"https:\/\/www.vidasignificativa.org\/","name":"Vida Significativa","description":"ONG","publisher":{"@id":"https:\/\/www.vidasignificativa.org\/#organization"},"potentialAction":[{"@type":"SearchAction","target":{"@type":"EntryPoint","urlTemplate":"https:\/\/www.vidasignificativa.org\/?s={search_term_string}"},"query-input":{"@type":"PropertyValueSpecification","valueRequired":true,"valueName":"search_term_string"}}],"inLanguage":"ca"},{"@type":"Organization","@id":"https:\/\/www.vidasignificativa.org\/#organization","name":"Vida Significativa","url":"https:\/\/www.vidasignificativa.org\/","logo":{"@type":"ImageObject","inLanguage":"ca","@id":"https:\/\/www.vidasignificativa.org\/#\/schema\/logo\/image\/","url":"https:\/\/www.vidasignificativa.org\/wp-content\/uploads\/2024\/01\/vida-sginificativa-logo-700x700-1.jpg","contentUrl":"https:\/\/www.vidasignificativa.org\/wp-content\/uploads\/2024\/01\/vida-sginificativa-logo-700x700-1.jpg","width":700,"height":700,"caption":"Vida Significativa"},"image":{"@id":"https:\/\/www.vidasignificativa.org\/#\/schema\/logo\/image\/"}},{"@type":"Person","@id":"https:\/\/www.vidasignificativa.org\/#\/schema\/person\/a44966fcddbd5126c638240188e9c27e","name":"vidasignificativa"}]}},"_links":{"self":[{"href":"https:\/\/www.vidasignificativa.org\/cat\/wp-json\/wp\/v2\/posts\/4389"}],"collection":[{"href":"https:\/\/www.vidasignificativa.org\/cat\/wp-json\/wp\/v2\/posts"}],"about":[{"href":"https:\/\/www.vidasignificativa.org\/cat\/wp-json\/wp\/v2\/types\/post"}],"author":[{"embeddable":true,"href":"https:\/\/www.vidasignificativa.org\/cat\/wp-json\/wp\/v2\/users\/1"}],"replies":[{"embeddable":true,"href":"https:\/\/www.vidasignificativa.org\/cat\/wp-json\/wp\/v2\/comments?post=4389"}],"version-history":[{"count":0,"href":"https:\/\/www.vidasignificativa.org\/cat\/wp-json\/wp\/v2\/posts\/4389\/revisions"}],"wp:featuredmedia":[{"embeddable":true,"href":"https:\/\/www.vidasignificativa.org\/cat\/wp-json\/wp\/v2\/media\/4391"}],"wp:attachment":[{"href":"https:\/\/www.vidasignificativa.org\/cat\/wp-json\/wp\/v2\/media?parent=4389"}],"wp:term":[{"taxonomy":"category","embeddable":true,"href":"https:\/\/www.vidasignificativa.org\/cat\/wp-json\/wp\/v2\/categories?post=4389"},{"taxonomy":"post_tag","embeddable":true,"href":"https:\/\/www.vidasignificativa.org\/cat\/wp-json\/wp\/v2\/tags?post=4389"}],"curies":[{"name":"wp","href":"https:\/\/api.w.org\/{rel}","templated":true}]}}