{"id":4045,"date":"2022-03-23T11:18:21","date_gmt":"2022-03-23T10:18:21","guid":{"rendered":"https:\/\/www.vidasignificativa.org\/?p=4045"},"modified":"2022-03-23T14:54:23","modified_gmt":"2022-03-23T13:54:23","slug":"cooperacion-internacional-educativa-en-honduras","status":"publish","type":"post","link":"https:\/\/www.vidasignificativa.org\/cat\/cooperacion-internacional-educativa-en-honduras\/","title":{"rendered":"Cooperaci\u00f3 Internacional Educativa a Hondures"},"content":{"rendered":"<p><div class=\"fusion-fullwidth fullwidth-box fusion-builder-row-1 nonhundred-percent-fullwidth non-hundred-percent-height-scrolling\" style=\"--awb-background-position:left top;--awb-border-sizes-top:0px;--awb-border-sizes-bottom:0px;--awb-border-sizes-left:0px;--awb-border-sizes-right:0px;--awb-border-radius-top-left:0px;--awb-border-radius-top-right:0px;--awb-border-radius-bottom-right:0px;--awb-border-radius-bottom-left:0px;--awb-padding-top:20px;--awb-padding-bottom:20px;--awb-flex-wrap:wrap;\" ><div class=\"fusion-builder-row fusion-row\"><div class=\"fusion-layout-column fusion_builder_column fusion-builder-column-0 fusion_builder_column_1_1 1_1 fusion-one-full fusion-column-first fusion-column-last\" style=\"--awb-bg-size:cover;\"><div class=\"fusion-column-wrapper fusion-flex-column-wrapper-legacy\"><div class=\"fusion-sep-clear\"><\/div><div class=\"fusion-separator fusion-full-width-sep\" style=\"margin-left: auto;margin-right: auto;margin-top:5px;width:100%;\"><\/div><div class=\"fusion-sep-clear\"><\/div><div class=\"fusion-text fusion-text-1\"><h3>RECONSTRUCCI\u00d3N ESCUELA DOLORES SABI\u00d1\u00d3N<\/h3>\n<\/div><div class=\"fusion-sep-clear\"><\/div><div class=\"fusion-separator fusion-clearfix\" style=\"float:left;margin-top:0px;margin-bottom:30px;width:100%;max-width:200px;\"><div class=\"fusion-separator-border sep-single sep-solid\" style=\"--awb-height:20px;--awb-amount:20px;--awb-sep-color:#fec96b;border-color:#fec96b;border-top-width:3px;\"><\/div><\/div><div class=\"fusion-sep-clear\"><\/div><div class=\"fusion-text fusion-text-2\"><p>En Honduras, desarollaremos un proyecto de cooperaci\u00f3n internacional educativa. Esta causa la estamos gestionando desde hace meses y nos sentimos con mucha ilusi\u00f3n de empezar un nuevo lazo de uni\u00f3n en uno de los pa\u00edses m\u00e1s pobres de Am\u00e9rica Latina, azotado anualmente por tormentas y huracanes. El 80% de la poblaci\u00f3n vive con un d\u00f3lar y medio al d\u00eda y esta pobreza es claramente visible en los barrios que rodean a sus ciudades y muchas zonas rurales.<\/p>\n<p>\u00bfNos ayudas?<\/p>\n<p>Vamos a mejorar las condiciones educativas y de vida de m\u00e1s de 260 \u00f1inos y adolescentes, reconstruyendo una escuela del Departamento de Santa B\u00e1rbara, en la aldea de Guacamaya, que ha estado cerrada m\u00e1s de 2 a\u00f1os (por la pandemia). Nuestra ONG Vida Significativa velar\u00e1 para que pueda ser reabierta en las mejores condiciones y que el derecho universal a la educaci\u00f3n no sea un privilegio solo para los que puedan pag\u00e1rselo, sin\u00f3 una posibilidad real y gratuita para los m\u00e1s vulnerables.<\/p>\n<p>Y, \u00bfpor qu\u00e9 all\u00ed?<\/p>\n<p>Conocimos la historia del <strong>profesor Luis Alcides Fern\u00e1ndez Rivera<\/strong> (de 56 a\u00f1os), que se vi\u00f3 obligado a cerrar la escuela Dolores Sabill\u00f3n por la pandemia y la falta de ordenadores y tel\u00e9fonos m\u00f3viles en las casas, as\u00ed como una d\u00e9bil se\u00f1al en la comunidad monta\u00f1osa, imped\u00eda una formaci\u00f3n adecuada y fuida.<\/p>\n<p>A ra\u00edz de estas circunstancias, y preocupado por el desarrollo de los escolares, el profe Luis (como as\u00ed lo llaman) plane\u00f3 montar la escuela en su casa y luego socializ\u00f3 este proyecto con las autoridades de la escuela, padres y su familia.\u2063<br \/>\n\u2063<br \/>\nFue as\u00ed como el 1 de marzo de 2021, armado con una pizarra blanca y unos libros, comenz\u00f3 a dar clases lunes y martes de 7:00 am a 12:30 m, siguiendo un protocolo de bioseguridad y distribuyendo a los 30 escolares en cuatro grupos.<br \/>\n\u2063<br \/>\nA esta labor se sum\u00f3 su esposa Nolvia Garc\u00eda y sus hijos Jhoiner, Karen, Luis y Luzdari. Con fondos propios, esta familia ha comprado mascarillas para los ni\u00f1os y les prepara merienda a diario con platillos que van desde baleadas hasta chimichangas.<\/p>\n<p>Desde Vida Significativa colaboraremos mediante el proyecto <a href=\"https:\/\/www.vidasignificativa.org\/cat\/vida-significativa\/apadrinamiento-escolar\/\" target=\"_blank\" rel=\"noopener\">Apadrinamiento escolar<\/a> i <a href=\"https:\/\/www.vidasignificativa.org\/cat\/vida-significativa\/alimentos-frescos-para-los-ninos\/\" target=\"_blank\" rel=\"noopener\">Alimentos frescos<\/a> comprando en la propia zona, material y comida para las ni\u00f1as y los ni\u00f1os, haciendo charlas divulgativas para los padres y las madres y explicando cuentos con valores de sostenibilidad y el respeto hacia la naturaleza: \u00abSOS Abejas\u00bb y \u00abSOS Cambio clim\u00e1tico\u00bb. A este \u00faltimo proyecto, nos han cedido materiales la <a href=\"https:\/\/www.laiaia.org\/\" target=\"_blank\" rel=\"noopener\">Asociaci\u00f3n Iaia<\/a>, organizaci\u00f3n con la que estamos co-creando iniciativas muy interesantes relacionadas con el <a href=\"https:\/\/www.vidasignificativa.org\/cat\/vida-significativa\/abriga\/\" target=\"_blank\" rel=\"noopener\">Proyecto Abriga<\/a>.<\/p>\n<p>En Honduras, <strong>uno de cada tres j\u00f3venes es analfabeto<\/strong>, unido en muchos casos a una deficiente alimentaci\u00f3n. <strong>De los 9 millones de hondure\u00f1os, el 66% (6 millones) viven en la pobreza y de ellos, el 45% en la pobreza extrema. <\/strong>Datos muy desfavorables y tristes que nos animan a actuar, m\u00e1s que nunca, en el pa\u00eds.<\/p>\n<p>Esta es una causa que necesita financiaci\u00f3n y puedes colaborar para ayudarnos a desarrollar el proyecto haciendo: (<strong>concepto HONDURAS<\/strong>)<\/p>\n<ul>\n<li><strong>Bizum al 654161874 o al 607667776<\/strong><\/li>\n<li><strong>Transferencia a <a class=\"fusion-button button-3d button-xlarge button-default button-1 fusion-button-span-yes fusion-animated\" target=\"_self\" rel=\"noopener\" data-animationtype=\"fadeInLeft\" data-animationduration=\"1.0\" data-animationoffset=\"100%\"><span class=\"fusion-button-text\">ES04 0081 0067 0900 0150 0359<\/span><\/a><\/strong><\/li>\n<\/ul>\n<p>Un pa\u00eds desconocido para muchxs de nosotrxs, invisible muchas veces pero que esconde una gran riqueza \u00e9tnica, cultural y de biodiversidad. Un tesoro sin turismo (esceptuando Islas Bah\u00eda), muy virgen y aut\u00e9ntico, etiquetado por la inseguridad y las bandas Maras de narcotraficantes y de violencia.<\/p>\n<\/div><div class=\"fusion-sep-clear\"><\/div><div class=\"fusion-separator fusion-full-width-sep\" style=\"margin-left: auto;margin-right: auto;margin-top:5px;width:100%;\"><\/div><div class=\"fusion-sep-clear\"><\/div><div class=\"fusion-image-element in-legacy-container\" style=\"--awb-caption-title-font-family:var(--h2_typography-font-family);--awb-caption-title-font-weight:var(--h2_typography-font-weight);--awb-caption-title-font-style:var(--h2_typography-font-style);--awb-caption-title-size:var(--h2_typography-font-size);--awb-caption-title-transform:var(--h2_typography-text-transform);--awb-caption-title-line-height:var(--h2_typography-line-height);--awb-caption-title-letter-spacing:var(--h2_typography-letter-spacing);\"><span class=\"fusion-imageframe imageframe-none imageframe-1 hover-type-none\"><img decoding=\"async\" width=\"580\" height=\"580\" title=\"Honduras petita\" src=\"https:\/\/www.vidasignificativa.org\/wp-content\/uploads\/2022\/03\/Honduras-petita.jpg\" alt class=\"img-responsive wp-image-4047\" srcset=\"https:\/\/www.vidasignificativa.org\/wp-content\/uploads\/2022\/03\/Honduras-petita-200x200.jpg 200w, https:\/\/www.vidasignificativa.org\/wp-content\/uploads\/2022\/03\/Honduras-petita-400x400.jpg 400w, https:\/\/www.vidasignificativa.org\/wp-content\/uploads\/2022\/03\/Honduras-petita.jpg 580w\" sizes=\"(max-width: 1024px) 100vw, 580px\" \/><\/span><\/div><div class=\"fusion-sep-clear\"><\/div><div class=\"fusion-separator fusion-full-width-sep\" style=\"margin-left: auto;margin-right: auto;margin-top:5px;width:100%;\"><\/div><div class=\"fusion-sep-clear\"><\/div><div class=\"fusion-clearfix\"><\/div><\/div><\/div><\/div><\/div><div class=\"fusion-fullwidth fullwidth-box fusion-builder-row-2 nonhundred-percent-fullwidth non-hundred-percent-height-scrolling\" style=\"--awb-background-position:left top;--awb-border-sizes-top:0px;--awb-border-sizes-bottom:0px;--awb-border-sizes-left:0px;--awb-border-sizes-right:0px;--awb-border-radius-top-left:0px;--awb-border-radius-top-right:0px;--awb-border-radius-bottom-right:0px;--awb-border-radius-bottom-left:0px;--awb-padding-top:30px;--awb-padding-bottom:150px;--awb-flex-wrap:wrap;\" ><div class=\"fusion-builder-row fusion-row\"><div class=\"fusion-layout-column fusion_builder_column fusion-builder-column-1 fusion_builder_column_1_1 1_1 fusion-one-full fusion-column-first fusion-column-last\" style=\"--awb-bg-size:cover;\"><div class=\"fusion-column-wrapper fusion-flex-column-wrapper-legacy\"><div class=\"fusion-sharing-box fusion-sharing-box-1 boxed-icons has-taglines layout-floated layout-medium-floated layout-small-floated\" style=\"background-color:rgba(255,255,255,0);padding:0;--awb-layout:row;--awb-alignment-small:space-between;\" data-title=\"Cooperaci\u00f3n Internacional Educativa en Honduras\" data-description=\"RECONSTRUCCI\u00d3N ESCUELA DOLORES SABI\u00d1\u00d3N En Honduras, desarollaremos un proyecto de cooperaci\u00f3n internacional educativa. Esta causa la estamos gestionando desde hace meses y nos sentimos con mucha ilusi\u00f3n de empezar un nuevo lazo de uni\u00f3n en uno de los pa\u00edses m\u00e1s pobres de Am\u00e9rica Latina, azotado anualmente por tormentas y huracanes. El 80% de\" data-link=\"https:\/\/www.vidasignificativa.org\/cat\/cooperacion-internacional-educativa-en-honduras\/\"><h4 class=\"tagline\" style=\"color:#1e1e1e;\">Comparteix aquest article<\/h4><div class=\"fusion-social-networks sharingbox-shortcode-icon-wrapper sharingbox-shortcode-icon-wrapper-1 boxed-icons\"><span><a href=\"https:\/\/www.facebook.com\/sharer.php?u=https%3A%2F%2Fwww.vidasignificativa.org%2Fcat%2Fcooperacion-internacional-educativa-en-honduras%2F&amp;t=Cooperaci%C3%B3n%20Internacional%20Educativa%20en%20Honduras\" target=\"_blank\" rel=\"noreferrer\" title=\"Facebook\" aria-label=\"Facebook\" data-placement=\"top\" data-toggle=\"tooltip\" data-title=\"Facebook\"><i class=\"fusion-social-network-icon fusion-tooltip fusion-facebook awb-icon-facebook\" style=\"color:#ffffff;background-color:#3b5998;border-color:#3b5998;border-radius:4px;\" aria-hidden=\"true\"><\/i><\/a><\/span><span><a href=\"https:\/\/twitter.com\/share?text=Cooperaci%C3%B3n%20Internacional%20Educativa%20en%20Honduras&amp;url=https%3A%2F%2Fwww.vidasignificativa.org%2Fcat%2Fcooperacion-internacional-educativa-en-honduras%2F\" target=\"_blank\" rel=\"noopener noreferrer\" title=\"X\" aria-label=\"X\" data-placement=\"top\" data-toggle=\"tooltip\" data-title=\"X\"><i class=\"fusion-social-network-icon fusion-tooltip fusion-twitter awb-icon-twitter\" style=\"color:#ffffff;background-color:#000000;border-color:#000000;border-radius:4px;\" aria-hidden=\"true\"><\/i><\/a><\/span><span><a href=\"https:\/\/www.linkedin.com\/shareArticle?mini=true&amp;url=https%3A%2F%2Fwww.vidasignificativa.org%2Fcat%2Fcooperacion-internacional-educativa-en-honduras%2F&amp;title=Cooperaci%C3%B3n%20Internacional%20Educativa%20en%20Honduras&amp;summary=RECONSTRUCCI%C3%93N%20ESCUELA%20DOLORES%20SABI%C3%91%C3%93N%20%20%0D%0A%0D%0AEn%20Honduras%2C%20desarollaremos%20un%20proyecto%20de%20cooperaci%C3%B3n%20internacional%20educativa.%20Esta%20causa%20la%20estamos%20gestionando%20desde%20hace%20meses%20y%20nos%20sentimos%20con%20mucha%20ilusi%C3%B3n%20de%20empezar%20un%20nuevo%20lazo%20de%20uni%C3%B3n%20en%20uno%20de%20los%20pa%C3%ADses%20m%C3%A1s%20pobres%20de%20Am%C3%A9rica%20Latina%2C%20azotado%20anualmente%20por%20tormentas%20y%20huracanes.%20El%2080%25%20de\" target=\"_blank\" rel=\"noopener noreferrer\" title=\"LinkedIn\" aria-label=\"LinkedIn\" data-placement=\"top\" data-toggle=\"tooltip\" data-title=\"LinkedIn\"><i class=\"fusion-social-network-icon fusion-tooltip fusion-linkedin awb-icon-linkedin\" style=\"color:#ffffff;background-color:#0077b5;border-color:#0077b5;border-radius:4px;\" aria-hidden=\"true\"><\/i><\/a><\/span><span><a href=\"https:\/\/api.whatsapp.com\/send?text=https%3A%2F%2Fwww.vidasignificativa.org%2Fcat%2Fcooperacion-internacional-educativa-en-honduras%2F\" target=\"_blank\" rel=\"noopener noreferrer\" title=\"WhatsApp\" aria-label=\"WhatsApp\" data-placement=\"top\" data-toggle=\"tooltip\" data-title=\"WhatsApp\"><i class=\"fusion-social-network-icon fusion-tooltip fusion-whatsapp awb-icon-whatsapp\" style=\"color:#ffffff;background-color:#77e878;border-color:#77e878;border-radius:4px;\" aria-hidden=\"true\"><\/i><\/a><\/span><\/div><\/div><div class=\"fusion-clearfix\"><\/div><\/div><\/div><\/div><\/div><\/p>","protected":false},"excerpt":{"rendered":"","protected":false},"author":1,"featured_media":4047,"comment_status":"open","ping_status":"closed","sticky":false,"template":"","format":"standard","meta":{"give_campaign_id":0,"footnotes":""},"categories":[98],"tags":[39,40,38,63],"yoast_head":"<!-- This site is optimized with the Yoast SEO plugin v24.0 - https:\/\/yoast.com\/wordpress\/plugins\/seo\/ -->\n<title>Cooperaci\u00f3n Internacional Educativa en Honduras - Vida Significativa<\/title>\n<meta name=\"description\" content=\"Viaje de cooperaci\u00f3n para reconstruir la escuela Dolores Sabi\u00f1\u00f3n, cerrada desde hace dos a\u00f1os por la pandemia, situada en el Departamento de Santa B\u00e1rbara (Honduras).\" \/>\n<meta name=\"robots\" content=\"index, follow, max-snippet:-1, max-image-preview:large, max-video-preview:-1\" \/>\n<link rel=\"canonical\" href=\"https:\/\/www.vidasignificativa.org\/cat\/cooperacion-internacional-educativa-en-honduras\/\" \/>\n<meta property=\"og:locale\" content=\"ca_ES\" \/>\n<meta property=\"og:type\" content=\"article\" \/>\n<meta property=\"og:title\" content=\"Cooperaci\u00f3n Internacional Educativa en Honduras - Vida Significativa\" \/>\n<meta property=\"og:description\" content=\"Viaje de cooperaci\u00f3n para reconstruir la escuela Dolores Sabi\u00f1\u00f3n, cerrada desde hace dos a\u00f1os por la pandemia, situada en el Departamento de Santa B\u00e1rbara (Honduras).\" \/>\n<meta property=\"og:url\" content=\"https:\/\/www.vidasignificativa.org\/cat\/cooperacion-internacional-educativa-en-honduras\/\" \/>\n<meta property=\"og:site_name\" content=\"Vida Significativa\" \/>\n<meta property=\"article:published_time\" content=\"2022-03-23T10:18:21+00:00\" \/>\n<meta property=\"article:modified_time\" content=\"2022-03-23T13:54:23+00:00\" \/>\n<meta property=\"og:image\" content=\"https:\/\/www.vidasignificativa.org\/wp-content\/uploads\/2022\/03\/Honduras-petita.jpg\" \/>\n\t<meta property=\"og:image:width\" content=\"580\" \/>\n\t<meta property=\"og:image:height\" content=\"580\" \/>\n\t<meta property=\"og:image:type\" content=\"image\/jpeg\" \/>\n<meta name=\"author\" content=\"vidasignificativa\" \/>\n<meta name=\"twitter:card\" content=\"summary_large_image\" \/>\n<meta name=\"twitter:label1\" content=\"Escrit per\" \/>\n\t<meta name=\"twitter:data1\" content=\"vidasignificativa\" \/>\n\t<meta name=\"twitter:label2\" content=\"Temps estimat de lectura\" \/>\n\t<meta name=\"twitter:data2\" content=\"2 minuts\" \/>\n<script type=\"application\/ld+json\" class=\"yoast-schema-graph\">{\"@context\":\"https:\/\/schema.org\",\"@graph\":[{\"@type\":\"Article\",\"@id\":\"https:\/\/www.vidasignificativa.org\/cooperacion-internacional-educativa-en-honduras\/#article\",\"isPartOf\":{\"@id\":\"https:\/\/www.vidasignificativa.org\/cooperacion-internacional-educativa-en-honduras\/\"},\"author\":{\"name\":\"vidasignificativa\",\"@id\":\"https:\/\/www.vidasignificativa.org\/#\/schema\/person\/a44966fcddbd5126c638240188e9c27e\"},\"headline\":\"Cooperaci\u00f3n Internacional Educativa en Honduras\",\"datePublished\":\"2022-03-23T10:18:21+00:00\",\"dateModified\":\"2022-03-23T13:54:23+00:00\",\"mainEntityOfPage\":{\"@id\":\"https:\/\/www.vidasignificativa.org\/cooperacion-internacional-educativa-en-honduras\/\"},\"wordCount\":1279,\"commentCount\":0,\"publisher\":{\"@id\":\"https:\/\/www.vidasignificativa.org\/#organization\"},\"image\":{\"@id\":\"https:\/\/www.vidasignificativa.org\/cooperacion-internacional-educativa-en-honduras\/#primaryimage\"},\"thumbnailUrl\":\"https:\/\/www.vidasignificativa.org\/wp-content\/uploads\/2022\/03\/Honduras-petita.jpg\",\"keywords\":[\"Altruismo\",\"Solidaridad\",\"Voluntariado\",\"Vulnerabilidad\"],\"articleSection\":[\"Noticias\"],\"inLanguage\":\"ca\",\"potentialAction\":[{\"@type\":\"CommentAction\",\"name\":\"Comment\",\"target\":[\"https:\/\/www.vidasignificativa.org\/cooperacion-internacional-educativa-en-honduras\/#respond\"]}]},{\"@type\":\"WebPage\",\"@id\":\"https:\/\/www.vidasignificativa.org\/cooperacion-internacional-educativa-en-honduras\/\",\"url\":\"https:\/\/www.vidasignificativa.org\/cooperacion-internacional-educativa-en-honduras\/\",\"name\":\"Cooperaci\u00f3n Internacional Educativa en Honduras - Vida Significativa\",\"isPartOf\":{\"@id\":\"https:\/\/www.vidasignificativa.org\/#website\"},\"primaryImageOfPage\":{\"@id\":\"https:\/\/www.vidasignificativa.org\/cooperacion-internacional-educativa-en-honduras\/#primaryimage\"},\"image\":{\"@id\":\"https:\/\/www.vidasignificativa.org\/cooperacion-internacional-educativa-en-honduras\/#primaryimage\"},\"thumbnailUrl\":\"https:\/\/www.vidasignificativa.org\/wp-content\/uploads\/2022\/03\/Honduras-petita.jpg\",\"datePublished\":\"2022-03-23T10:18:21+00:00\",\"dateModified\":\"2022-03-23T13:54:23+00:00\",\"description\":\"Viaje de cooperaci\u00f3n para reconstruir la escuela Dolores Sabi\u00f1\u00f3n, cerrada desde hace dos a\u00f1os por la pandemia, situada en el Departamento de Santa B\u00e1rbara (Honduras).\",\"breadcrumb\":{\"@id\":\"https:\/\/www.vidasignificativa.org\/cooperacion-internacional-educativa-en-honduras\/#breadcrumb\"},\"inLanguage\":\"ca\",\"potentialAction\":[{\"@type\":\"ReadAction\",\"target\":[\"https:\/\/www.vidasignificativa.org\/cooperacion-internacional-educativa-en-honduras\/\"]}]},{\"@type\":\"ImageObject\",\"inLanguage\":\"ca\",\"@id\":\"https:\/\/www.vidasignificativa.org\/cooperacion-internacional-educativa-en-honduras\/#primaryimage\",\"url\":\"https:\/\/www.vidasignificativa.org\/wp-content\/uploads\/2022\/03\/Honduras-petita.jpg\",\"contentUrl\":\"https:\/\/www.vidasignificativa.org\/wp-content\/uploads\/2022\/03\/Honduras-petita.jpg\",\"width\":580,\"height\":580},{\"@type\":\"BreadcrumbList\",\"@id\":\"https:\/\/www.vidasignificativa.org\/cooperacion-internacional-educativa-en-honduras\/#breadcrumb\",\"itemListElement\":[{\"@type\":\"ListItem\",\"position\":1,\"name\":\"Portada\",\"item\":\"https:\/\/www.vidasignificativa.org\/\"},{\"@type\":\"ListItem\",\"position\":2,\"name\":\"Cooperaci\u00f3n Internacional Educativa en Honduras\"}]},{\"@type\":\"WebSite\",\"@id\":\"https:\/\/www.vidasignificativa.org\/#website\",\"url\":\"https:\/\/www.vidasignificativa.org\/\",\"name\":\"Vida Significativa\",\"description\":\"ONG\",\"publisher\":{\"@id\":\"https:\/\/www.vidasignificativa.org\/#organization\"},\"potentialAction\":[{\"@type\":\"SearchAction\",\"target\":{\"@type\":\"EntryPoint\",\"urlTemplate\":\"https:\/\/www.vidasignificativa.org\/?s={search_term_string}\"},\"query-input\":{\"@type\":\"PropertyValueSpecification\",\"valueRequired\":true,\"valueName\":\"search_term_string\"}}],\"inLanguage\":\"ca\"},{\"@type\":\"Organization\",\"@id\":\"https:\/\/www.vidasignificativa.org\/#organization\",\"name\":\"Vida Significativa\",\"url\":\"https:\/\/www.vidasignificativa.org\/\",\"logo\":{\"@type\":\"ImageObject\",\"inLanguage\":\"ca\",\"@id\":\"https:\/\/www.vidasignificativa.org\/#\/schema\/logo\/image\/\",\"url\":\"https:\/\/www.vidasignificativa.org\/wp-content\/uploads\/2024\/01\/vida-sginificativa-logo-700x700-1.jpg\",\"contentUrl\":\"https:\/\/www.vidasignificativa.org\/wp-content\/uploads\/2024\/01\/vida-sginificativa-logo-700x700-1.jpg\",\"width\":700,\"height\":700,\"caption\":\"Vida Significativa\"},\"image\":{\"@id\":\"https:\/\/www.vidasignificativa.org\/#\/schema\/logo\/image\/\"}},{\"@type\":\"Person\",\"@id\":\"https:\/\/www.vidasignificativa.org\/#\/schema\/person\/a44966fcddbd5126c638240188e9c27e\",\"name\":\"vidasignificativa\"}]}<\/script>\n<!-- \/ Yoast SEO plugin. -->","yoast_head_json":{"title":"Cooperaci\u00f3n Internacional Educativa en Honduras - Vida Significativa","description":"Viaje de cooperaci\u00f3n para reconstruir la escuela Dolores Sabi\u00f1\u00f3n, cerrada desde hace dos a\u00f1os por la pandemia, situada en el Departamento de Santa B\u00e1rbara (Honduras).","robots":{"index":"index","follow":"follow","max-snippet":"max-snippet:-1","max-image-preview":"max-image-preview:large","max-video-preview":"max-video-preview:-1"},"canonical":"https:\/\/www.vidasignificativa.org\/cat\/cooperacion-internacional-educativa-en-honduras\/","og_locale":"ca_ES","og_type":"article","og_title":"Cooperaci\u00f3n Internacional Educativa en Honduras - Vida Significativa","og_description":"Viaje de cooperaci\u00f3n para reconstruir la escuela Dolores Sabi\u00f1\u00f3n, cerrada desde hace dos a\u00f1os por la pandemia, situada en el Departamento de Santa B\u00e1rbara (Honduras).","og_url":"https:\/\/www.vidasignificativa.org\/cat\/cooperacion-internacional-educativa-en-honduras\/","og_site_name":"Vida Significativa","article_published_time":"2022-03-23T10:18:21+00:00","article_modified_time":"2022-03-23T13:54:23+00:00","og_image":[{"width":580,"height":580,"url":"https:\/\/www.vidasignificativa.org\/wp-content\/uploads\/2022\/03\/Honduras-petita.jpg","type":"image\/jpeg"}],"author":"vidasignificativa","twitter_card":"summary_large_image","twitter_misc":{"Escrit per":"vidasignificativa","Temps estimat de lectura":"2 minuts"},"schema":{"@context":"https:\/\/schema.org","@graph":[{"@type":"Article","@id":"https:\/\/www.vidasignificativa.org\/cooperacion-internacional-educativa-en-honduras\/#article","isPartOf":{"@id":"https:\/\/www.vidasignificativa.org\/cooperacion-internacional-educativa-en-honduras\/"},"author":{"name":"vidasignificativa","@id":"https:\/\/www.vidasignificativa.org\/#\/schema\/person\/a44966fcddbd5126c638240188e9c27e"},"headline":"Cooperaci\u00f3n Internacional Educativa en Honduras","datePublished":"2022-03-23T10:18:21+00:00","dateModified":"2022-03-23T13:54:23+00:00","mainEntityOfPage":{"@id":"https:\/\/www.vidasignificativa.org\/cooperacion-internacional-educativa-en-honduras\/"},"wordCount":1279,"commentCount":0,"publisher":{"@id":"https:\/\/www.vidasignificativa.org\/#organization"},"image":{"@id":"https:\/\/www.vidasignificativa.org\/cooperacion-internacional-educativa-en-honduras\/#primaryimage"},"thumbnailUrl":"https:\/\/www.vidasignificativa.org\/wp-content\/uploads\/2022\/03\/Honduras-petita.jpg","keywords":["Altruismo","Solidaridad","Voluntariado","Vulnerabilidad"],"articleSection":["Noticias"],"inLanguage":"ca","potentialAction":[{"@type":"CommentAction","name":"Comment","target":["https:\/\/www.vidasignificativa.org\/cooperacion-internacional-educativa-en-honduras\/#respond"]}]},{"@type":"WebPage","@id":"https:\/\/www.vidasignificativa.org\/cooperacion-internacional-educativa-en-honduras\/","url":"https:\/\/www.vidasignificativa.org\/cooperacion-internacional-educativa-en-honduras\/","name":"Cooperaci\u00f3n Internacional Educativa en Honduras - Vida Significativa","isPartOf":{"@id":"https:\/\/www.vidasignificativa.org\/#website"},"primaryImageOfPage":{"@id":"https:\/\/www.vidasignificativa.org\/cooperacion-internacional-educativa-en-honduras\/#primaryimage"},"image":{"@id":"https:\/\/www.vidasignificativa.org\/cooperacion-internacional-educativa-en-honduras\/#primaryimage"},"thumbnailUrl":"https:\/\/www.vidasignificativa.org\/wp-content\/uploads\/2022\/03\/Honduras-petita.jpg","datePublished":"2022-03-23T10:18:21+00:00","dateModified":"2022-03-23T13:54:23+00:00","description":"Viaje de cooperaci\u00f3n para reconstruir la escuela Dolores Sabi\u00f1\u00f3n, cerrada desde hace dos a\u00f1os por la pandemia, situada en el Departamento de Santa B\u00e1rbara (Honduras).","breadcrumb":{"@id":"https:\/\/www.vidasignificativa.org\/cooperacion-internacional-educativa-en-honduras\/#breadcrumb"},"inLanguage":"ca","potentialAction":[{"@type":"ReadAction","target":["https:\/\/www.vidasignificativa.org\/cooperacion-internacional-educativa-en-honduras\/"]}]},{"@type":"ImageObject","inLanguage":"ca","@id":"https:\/\/www.vidasignificativa.org\/cooperacion-internacional-educativa-en-honduras\/#primaryimage","url":"https:\/\/www.vidasignificativa.org\/wp-content\/uploads\/2022\/03\/Honduras-petita.jpg","contentUrl":"https:\/\/www.vidasignificativa.org\/wp-content\/uploads\/2022\/03\/Honduras-petita.jpg","width":580,"height":580},{"@type":"BreadcrumbList","@id":"https:\/\/www.vidasignificativa.org\/cooperacion-internacional-educativa-en-honduras\/#breadcrumb","itemListElement":[{"@type":"ListItem","position":1,"name":"Portada","item":"https:\/\/www.vidasignificativa.org\/"},{"@type":"ListItem","position":2,"name":"Cooperaci\u00f3n Internacional Educativa en Honduras"}]},{"@type":"WebSite","@id":"https:\/\/www.vidasignificativa.org\/#website","url":"https:\/\/www.vidasignificativa.org\/","name":"Vida Significativa","description":"ONG","publisher":{"@id":"https:\/\/www.vidasignificativa.org\/#organization"},"potentialAction":[{"@type":"SearchAction","target":{"@type":"EntryPoint","urlTemplate":"https:\/\/www.vidasignificativa.org\/?s={search_term_string}"},"query-input":{"@type":"PropertyValueSpecification","valueRequired":true,"valueName":"search_term_string"}}],"inLanguage":"ca"},{"@type":"Organization","@id":"https:\/\/www.vidasignificativa.org\/#organization","name":"Vida Significativa","url":"https:\/\/www.vidasignificativa.org\/","logo":{"@type":"ImageObject","inLanguage":"ca","@id":"https:\/\/www.vidasignificativa.org\/#\/schema\/logo\/image\/","url":"https:\/\/www.vidasignificativa.org\/wp-content\/uploads\/2024\/01\/vida-sginificativa-logo-700x700-1.jpg","contentUrl":"https:\/\/www.vidasignificativa.org\/wp-content\/uploads\/2024\/01\/vida-sginificativa-logo-700x700-1.jpg","width":700,"height":700,"caption":"Vida Significativa"},"image":{"@id":"https:\/\/www.vidasignificativa.org\/#\/schema\/logo\/image\/"}},{"@type":"Person","@id":"https:\/\/www.vidasignificativa.org\/#\/schema\/person\/a44966fcddbd5126c638240188e9c27e","name":"vidasignificativa"}]}},"_links":{"self":[{"href":"https:\/\/www.vidasignificativa.org\/cat\/wp-json\/wp\/v2\/posts\/4045"}],"collection":[{"href":"https:\/\/www.vidasignificativa.org\/cat\/wp-json\/wp\/v2\/posts"}],"about":[{"href":"https:\/\/www.vidasignificativa.org\/cat\/wp-json\/wp\/v2\/types\/post"}],"author":[{"embeddable":true,"href":"https:\/\/www.vidasignificativa.org\/cat\/wp-json\/wp\/v2\/users\/1"}],"replies":[{"embeddable":true,"href":"https:\/\/www.vidasignificativa.org\/cat\/wp-json\/wp\/v2\/comments?post=4045"}],"version-history":[{"count":0,"href":"https:\/\/www.vidasignificativa.org\/cat\/wp-json\/wp\/v2\/posts\/4045\/revisions"}],"wp:featuredmedia":[{"embeddable":true,"href":"https:\/\/www.vidasignificativa.org\/cat\/wp-json\/wp\/v2\/media\/4047"}],"wp:attachment":[{"href":"https:\/\/www.vidasignificativa.org\/cat\/wp-json\/wp\/v2\/media?parent=4045"}],"wp:term":[{"taxonomy":"category","embeddable":true,"href":"https:\/\/www.vidasignificativa.org\/cat\/wp-json\/wp\/v2\/categories?post=4045"},{"taxonomy":"post_tag","embeddable":true,"href":"https:\/\/www.vidasignificativa.org\/cat\/wp-json\/wp\/v2\/tags?post=4045"}],"curies":[{"name":"wp","href":"https:\/\/api.w.org\/{rel}","templated":true}]}}