{"id":3948,"date":"2022-02-23T07:31:29","date_gmt":"2022-02-23T06:31:29","guid":{"rendered":"https:\/\/www.vidasignificativa.org\/?p=3948"},"modified":"2022-02-23T07:41:57","modified_gmt":"2022-02-23T06:41:57","slug":"acuerdo-de-colaboracion-con-som-prematurs","status":"publish","type":"post","link":"https:\/\/www.vidasignificativa.org\/cat\/acuerdo-de-colaboracion-con-som-prematurs\/","title":{"rendered":"Acuerdo de colaboraci\u00f3n con Som Prematurs"},"content":{"rendered":"<p><div class=\"fusion-fullwidth fullwidth-box fusion-builder-row-1 nonhundred-percent-fullwidth non-hundred-percent-height-scrolling\" style=\"--awb-background-position:left top;--awb-border-sizes-top:0px;--awb-border-sizes-bottom:0px;--awb-border-sizes-left:0px;--awb-border-sizes-right:0px;--awb-border-radius-top-left:0px;--awb-border-radius-top-right:0px;--awb-border-radius-bottom-right:0px;--awb-border-radius-bottom-left:0px;--awb-padding-top:20px;--awb-padding-bottom:20px;--awb-flex-wrap:wrap;\" ><div class=\"fusion-builder-row fusion-row\"><div class=\"fusion-layout-column fusion_builder_column fusion-builder-column-0 fusion_builder_column_1_1 1_1 fusion-one-full fusion-column-first fusion-column-last\" style=\"--awb-bg-size:cover;\"><div class=\"fusion-column-wrapper fusion-flex-column-wrapper-legacy\"><div class=\"fusion-sep-clear\"><\/div><div class=\"fusion-separator fusion-full-width-sep\" style=\"margin-left: auto;margin-right: auto;margin-top:5px;width:100%;\"><\/div><div class=\"fusion-sep-clear\"><\/div><div class=\"fusion-text fusion-text-1\"><h3>ABRIGANDO A LOS PEQUE\u00d1OS H\u00c9REOS<\/h3>\n<\/div><div class=\"fusion-sep-clear\"><\/div><div class=\"fusion-separator fusion-clearfix\" style=\"float:left;margin-top:0px;margin-bottom:30px;width:100%;max-width:200px;\"><div class=\"fusion-separator-border sep-single sep-solid\" style=\"--awb-height:20px;--awb-amount:20px;--awb-sep-color:#fec96b;border-color:#fec96b;border-top-width:3px;\"><\/div><\/div><div class=\"fusion-sep-clear\"><\/div><div class=\"fusion-text fusion-text-2\"><div class=\"kvgmc6g5 cxmmr5t8 oygrvhab hcukyx3x c1et5uql ii04i59q\">\n<div dir=\"auto\">Nos sentimos muy ilusionadas de poder comunicaros, por fin, esta nueva causa: hemos firmado un acuerdo de colaboraci\u00f3n con la Asociaci\u00f3n SOM Prematurs, una asociaci\u00f3n que trabaja con prematuros y sus familias (y lo hace de muchas formas). Vida Significativa colaborar\u00e1 con su proyecto \u00abMy Little Hero\u00bb elaborando patucos + gorritos + mantitas para lxs beb\u00e9s prematuros ingresados en las UCI y packs de Duelo para acompa\u00f1ar a las familias\u00a0 que viven el duelo gestacional.<\/div>\n<\/div>\n<div class=\"cxmmr5t8 oygrvhab hcukyx3x c1et5uql o9v6fnle ii04i59q\">\n<div dir=\"auto\">Es muy importante seguir las instrucciones de los <a href=\"https:\/\/www.vidasignificativa.org\/wp-content\/uploads\/2022\/02\/Patrones-My-Little-Hero-1.pdf\" target=\"_blank\" rel=\"noopener\">Patrones para Prematuros<\/a> y utilizar para tejer, solo ALGOD\u00d3N 100%. Adem\u00e1s, que no se puede utilizar el color amarillo por razones m\u00e9dicas.<\/div>\n<\/div>\n<div class=\"cxmmr5t8 oygrvhab hcukyx3x c1et5uql o9v6fnle ii04i59q\">\n<div dir=\"auto\">Todo lo que podamos entregar, se har\u00e1 llegar a hospitales como Sant Joan de D\u00e9u, Vall d&#8217;Hebron, Germans Trias i Pujol, Arnau de Vilanova, Cl\u00ednic, Deixeus, Parc Taul\u00ed, Teknon, Joan XXIII, Quir\u00f3n, etc. para abrigar a los prematuros de las UCI Neonatales.<\/div>\n<div dir=\"auto\"><\/div>\n<\/div>\n<div class=\"cxmmr5t8 oygrvhab hcukyx3x c1et5uql o9v6fnle ii04i59q\">\n<div dir=\"auto\">\u00bfTE ANIMAS A TEJER PARA ESTA CAUSA TAN BONITA?<\/div>\n<\/div>\n<div class=\"cxmmr5t8 oygrvhab hcukyx3x c1et5uql o9v6fnle ii04i59q\">\n<div dir=\"auto\"><span class=\"pq6dq46d tbxw36s4 knj5qynh kvgmc6g5 ditlmg2l oygrvhab nvdbi5me sf5mxxl7 gl3lb2sf hhz5lgdu\"><img decoding=\"async\" src=\"https:\/\/static.xx.fbcdn.net\/images\/emoji.php\/v9\/tac\/1\/16\/1f4cc.png\" alt=\"\ud83d\udccc\" width=\"16\" height=\"16\" \/><\/span> Si deseas participar, es muy importante que leas con mucha atenci\u00f3n la gu\u00eda de tallas -que piden y necesitan- y que hemos colgado en nuestra web y enlace (Proyecto Abriga).<\/div>\n<div dir=\"auto\"><span class=\"pq6dq46d tbxw36s4 knj5qynh kvgmc6g5 ditlmg2l oygrvhab nvdbi5me sf5mxxl7 gl3lb2sf hhz5lgdu\"><img decoding=\"async\" src=\"https:\/\/static.xx.fbcdn.net\/images\/emoji.php\/v9\/tac\/1\/16\/1f4cc.png\" alt=\"\ud83d\udccc\" width=\"16\" height=\"16\" \/><\/span> M\u00e1ndanos un mensaje y nos explicas que quieres colaborar y te mandamos el documento.<\/div>\n<div dir=\"auto\"><span class=\"pq6dq46d tbxw36s4 knj5qynh kvgmc6g5 ditlmg2l oygrvhab nvdbi5me sf5mxxl7 gl3lb2sf hhz5lgdu\"><img decoding=\"async\" src=\"https:\/\/static.xx.fbcdn.net\/images\/emoji.php\/v9\/tac\/1\/16\/1f4cc.png\" alt=\"\ud83d\udccc\" width=\"16\" height=\"16\" \/><\/span> Cualquier duda, estamos aqu\u00ed para explicarlo.<\/div>\n<div dir=\"auto\"><\/div>\n<\/div>\n<div class=\"cxmmr5t8 oygrvhab hcukyx3x c1et5uql o9v6fnle ii04i59q\">\n<div dir=\"auto\">Seguimos, seguimos en este camino precioso de cocreaci\u00f3n y ayuda mutua&#8230; Esta vez, con los seres humanos m\u00e1s peque\u00f1os que llegan a La Tierra&#8230;<\/div>\n<\/div>\n<div class=\"cxmmr5t8 oygrvhab hcukyx3x c1et5uql o9v6fnle ii04i59q\">\n<div dir=\"auto\">Gracias, como siempre. Te animamos de todo coraz\u00f3n a colaborar con nosotras.<\/div>\n<\/div>\n<\/div><div class=\"fusion-sep-clear\"><\/div><div class=\"fusion-separator fusion-full-width-sep\" style=\"margin-left: auto;margin-right: auto;margin-top:5px;width:100%;\"><\/div><div class=\"fusion-sep-clear\"><\/div><div class=\"fusion-button-wrapper\"><a class=\"fusion-button button-flat fusion-button-default-size button-default fusion-button-default button-1 fusion-button-default-span fusion-button-default-type\" target=\"_self\" href=\"https:\/\/www.vidasignificativa.org\/wp-content\/uploads\/2022\/02\/Patrones-My-Little-Hero-1.pdf\"><span class=\"fusion-button-text\">Patrones Prematuros<\/span><\/a><\/div><div class=\"fusion-sep-clear\"><\/div><div class=\"fusion-separator fusion-full-width-sep\" style=\"margin-left: auto;margin-right: auto;margin-top:5px;width:100%;\"><\/div><div class=\"fusion-sep-clear\"><\/div><div class=\"fusion-image-element in-legacy-container\" style=\"--awb-caption-title-font-family:var(--h2_typography-font-family);--awb-caption-title-font-weight:var(--h2_typography-font-weight);--awb-caption-title-font-style:var(--h2_typography-font-style);--awb-caption-title-size:var(--h2_typography-font-size);--awb-caption-title-transform:var(--h2_typography-text-transform);--awb-caption-title-line-height:var(--h2_typography-line-height);--awb-caption-title-letter-spacing:var(--h2_typography-letter-spacing);\"><span class=\"fusion-imageframe imageframe-none imageframe-1 hover-type-none\"><img decoding=\"async\" width=\"580\" height=\"580\" title=\"Som Prematus &#8211; Acuerdo\" src=\"https:\/\/www.vidasignificativa.org\/wp-content\/uploads\/2022\/02\/Som-Prematus-Acuerdo.png\" alt class=\"img-responsive wp-image-3950\" srcset=\"https:\/\/www.vidasignificativa.org\/wp-content\/uploads\/2022\/02\/Som-Prematus-Acuerdo-200x200.png 200w, https:\/\/www.vidasignificativa.org\/wp-content\/uploads\/2022\/02\/Som-Prematus-Acuerdo-400x400.png 400w, https:\/\/www.vidasignificativa.org\/wp-content\/uploads\/2022\/02\/Som-Prematus-Acuerdo.png 580w\" sizes=\"(max-width: 1024px) 100vw, 580px\" \/><\/span><\/div><div class=\"fusion-clearfix\"><\/div><\/div><\/div><\/div><\/div><div class=\"fusion-fullwidth fullwidth-box fusion-builder-row-2 nonhundred-percent-fullwidth non-hundred-percent-height-scrolling\" style=\"--awb-background-position:left top;--awb-border-sizes-top:0px;--awb-border-sizes-bottom:0px;--awb-border-sizes-left:0px;--awb-border-sizes-right:0px;--awb-border-radius-top-left:0px;--awb-border-radius-top-right:0px;--awb-border-radius-bottom-right:0px;--awb-border-radius-bottom-left:0px;--awb-padding-top:30px;--awb-padding-bottom:150px;--awb-flex-wrap:wrap;\" ><div class=\"fusion-builder-row fusion-row\"><div class=\"fusion-layout-column fusion_builder_column fusion-builder-column-1 fusion_builder_column_1_1 1_1 fusion-one-full fusion-column-first fusion-column-last\" style=\"--awb-bg-size:cover;\"><div class=\"fusion-column-wrapper fusion-flex-column-wrapper-legacy\"><div class=\"fusion-sharing-box fusion-sharing-box-1 boxed-icons has-taglines layout-floated layout-medium-floated layout-small-floated\" style=\"background-color:rgba(255,255,255,0);padding:0;--awb-layout:row;--awb-alignment-small:space-between;\" data-title=\"Acuerdo de colaboraci\u00f3n con Som Prematurs\" data-description=\"ABRIGANDO A LOS PEQUE\u00d1OS H\u00c9REOS Nos sentimos muy ilusionadas de poder comunicaros, por fin, esta nueva causa: hemos firmado un acuerdo de colaboraci\u00f3n con la Asociaci\u00f3n SOM Prematurs, una asociaci\u00f3n que trabaja con prematuros y sus familias (y lo hace de muchas formas). Vida Significativa colaborar\u00e1\" data-link=\"https:\/\/www.vidasignificativa.org\/cat\/acuerdo-de-colaboracion-con-som-prematurs\/\"><h4 class=\"tagline\" style=\"color:#1e1e1e;\">Comparteix aquest article<\/h4><div class=\"fusion-social-networks sharingbox-shortcode-icon-wrapper sharingbox-shortcode-icon-wrapper-1 boxed-icons\"><span><a href=\"https:\/\/www.facebook.com\/sharer.php?u=https%3A%2F%2Fwww.vidasignificativa.org%2Fcat%2Facuerdo-de-colaboracion-con-som-prematurs%2F&amp;t=Acuerdo%20de%20colaboraci%C3%B3n%20con%20Som%20Prematurs\" target=\"_blank\" rel=\"noreferrer\" title=\"Facebook\" aria-label=\"Facebook\" data-placement=\"top\" data-toggle=\"tooltip\" data-title=\"Facebook\"><i class=\"fusion-social-network-icon fusion-tooltip fusion-facebook awb-icon-facebook\" style=\"color:#ffffff;background-color:#3b5998;border-color:#3b5998;border-radius:4px;\" aria-hidden=\"true\"><\/i><\/a><\/span><span><a href=\"https:\/\/twitter.com\/share?text=Acuerdo%20de%20colaboraci%C3%B3n%20con%20Som%20Prematurs&amp;url=https%3A%2F%2Fwww.vidasignificativa.org%2Fcat%2Facuerdo-de-colaboracion-con-som-prematurs%2F\" target=\"_blank\" rel=\"noopener noreferrer\" title=\"X\" aria-label=\"X\" data-placement=\"top\" data-toggle=\"tooltip\" data-title=\"X\"><i class=\"fusion-social-network-icon fusion-tooltip fusion-twitter awb-icon-twitter\" style=\"color:#ffffff;background-color:#000000;border-color:#000000;border-radius:4px;\" aria-hidden=\"true\"><\/i><\/a><\/span><span><a href=\"https:\/\/www.linkedin.com\/shareArticle?mini=true&amp;url=https%3A%2F%2Fwww.vidasignificativa.org%2Fcat%2Facuerdo-de-colaboracion-con-som-prematurs%2F&amp;title=Acuerdo%20de%20colaboraci%C3%B3n%20con%20Som%20Prematurs&amp;summary=ABRIGANDO%20A%20LOS%20PEQUE%C3%91OS%20H%C3%89REOS%20%20%0D%0A%0D%0ANos%20sentimos%20muy%20ilusionadas%20de%20poder%20comunicaros%2C%20por%20fin%2C%20esta%20nueva%20causa%3A%20hemos%20firmado%20un%20acuerdo%20de%20colaboraci%C3%B3n%20con%20la%20Asociaci%C3%B3n%20SOM%20Prematurs%2C%20una%20asociaci%C3%B3n%20que%20trabaja%20con%20prematuros%20y%20sus%20familias%20%28y%20lo%20hace%20de%20muchas%20formas%29.%20Vida%20Significativa%20colaborar%C3%A1\" target=\"_blank\" rel=\"noopener noreferrer\" title=\"LinkedIn\" aria-label=\"LinkedIn\" data-placement=\"top\" data-toggle=\"tooltip\" data-title=\"LinkedIn\"><i class=\"fusion-social-network-icon fusion-tooltip fusion-linkedin awb-icon-linkedin\" style=\"color:#ffffff;background-color:#0077b5;border-color:#0077b5;border-radius:4px;\" aria-hidden=\"true\"><\/i><\/a><\/span><span><a href=\"https:\/\/api.whatsapp.com\/send?text=https%3A%2F%2Fwww.vidasignificativa.org%2Fcat%2Facuerdo-de-colaboracion-con-som-prematurs%2F\" target=\"_blank\" rel=\"noopener noreferrer\" title=\"WhatsApp\" aria-label=\"WhatsApp\" data-placement=\"top\" data-toggle=\"tooltip\" data-title=\"WhatsApp\"><i class=\"fusion-social-network-icon fusion-tooltip fusion-whatsapp awb-icon-whatsapp\" style=\"color:#ffffff;background-color:#77e878;border-color:#77e878;border-radius:4px;\" aria-hidden=\"true\"><\/i><\/a><\/span><\/div><\/div><div class=\"fusion-clearfix\"><\/div><\/div><\/div><\/div><\/div><\/p>","protected":false},"excerpt":{"rendered":"","protected":false},"author":1,"featured_media":3950,"comment_status":"open","ping_status":"closed","sticky":false,"template":"","format":"standard","meta":{"give_campaign_id":0,"footnotes":""},"categories":[98],"tags":[39,40,38,63],"yoast_head":"<!-- This site is optimized with the Yoast SEO plugin v24.0 - https:\/\/yoast.com\/wordpress\/plugins\/seo\/ -->\n<title>Acuerdo de colaboraci\u00f3n con Som Prematurs - Vida Significativa<\/title>\n<meta name=\"description\" content=\"Un diciembre y enero repleto de entregas del Proyecto Abriga a diferentes Casas de Acogida de la provincia de Barcelona.\" \/>\n<meta name=\"robots\" content=\"index, follow, max-snippet:-1, max-image-preview:large, max-video-preview:-1\" \/>\n<link rel=\"canonical\" href=\"https:\/\/www.vidasignificativa.org\/cat\/acuerdo-de-colaboracion-con-som-prematurs\/\" \/>\n<meta property=\"og:locale\" content=\"ca_ES\" \/>\n<meta property=\"og:type\" content=\"article\" \/>\n<meta property=\"og:title\" content=\"Acuerdo de colaboraci\u00f3n con Som Prematurs - Vida Significativa\" \/>\n<meta property=\"og:description\" content=\"Un diciembre y enero repleto de entregas del Proyecto Abriga a diferentes Casas de Acogida de la provincia de Barcelona.\" \/>\n<meta property=\"og:url\" content=\"https:\/\/www.vidasignificativa.org\/cat\/acuerdo-de-colaboracion-con-som-prematurs\/\" \/>\n<meta property=\"og:site_name\" content=\"Vida Significativa\" \/>\n<meta property=\"article:published_time\" content=\"2022-02-23T06:31:29+00:00\" \/>\n<meta property=\"article:modified_time\" content=\"2022-02-23T06:41:57+00:00\" \/>\n<meta property=\"og:image\" content=\"https:\/\/www.vidasignificativa.org\/wp-content\/uploads\/2022\/02\/Som-Prematus-Acuerdo.png\" \/>\n\t<meta property=\"og:image:width\" content=\"580\" \/>\n\t<meta property=\"og:image:height\" content=\"580\" \/>\n\t<meta property=\"og:image:type\" content=\"image\/png\" \/>\n<meta name=\"author\" content=\"vidasignificativa\" \/>\n<meta name=\"twitter:card\" content=\"summary_large_image\" \/>\n<meta name=\"twitter:label1\" content=\"Escrit per\" \/>\n\t<meta name=\"twitter:data1\" content=\"vidasignificativa\" \/>\n\t<meta name=\"twitter:label2\" content=\"Temps estimat de lectura\" \/>\n\t<meta name=\"twitter:data2\" content=\"2 minuts\" \/>\n<script type=\"application\/ld+json\" class=\"yoast-schema-graph\">{\"@context\":\"https:\/\/schema.org\",\"@graph\":[{\"@type\":\"Article\",\"@id\":\"https:\/\/www.vidasignificativa.org\/acuerdo-de-colaboracion-con-som-prematurs\/#article\",\"isPartOf\":{\"@id\":\"https:\/\/www.vidasignificativa.org\/acuerdo-de-colaboracion-con-som-prematurs\/\"},\"author\":{\"name\":\"vidasignificativa\",\"@id\":\"https:\/\/www.vidasignificativa.org\/#\/schema\/person\/a44966fcddbd5126c638240188e9c27e\"},\"headline\":\"Acuerdo de colaboraci\u00f3n con Som Prematurs\",\"datePublished\":\"2022-02-23T06:31:29+00:00\",\"dateModified\":\"2022-02-23T06:41:57+00:00\",\"mainEntityOfPage\":{\"@id\":\"https:\/\/www.vidasignificativa.org\/acuerdo-de-colaboracion-con-som-prematurs\/\"},\"wordCount\":1063,\"commentCount\":0,\"publisher\":{\"@id\":\"https:\/\/www.vidasignificativa.org\/#organization\"},\"image\":{\"@id\":\"https:\/\/www.vidasignificativa.org\/acuerdo-de-colaboracion-con-som-prematurs\/#primaryimage\"},\"thumbnailUrl\":\"https:\/\/www.vidasignificativa.org\/wp-content\/uploads\/2022\/02\/Som-Prematus-Acuerdo.png\",\"keywords\":[\"Altruismo\",\"Solidaridad\",\"Voluntariado\",\"Vulnerabilidad\"],\"articleSection\":[\"Noticias\"],\"inLanguage\":\"ca\",\"potentialAction\":[{\"@type\":\"CommentAction\",\"name\":\"Comment\",\"target\":[\"https:\/\/www.vidasignificativa.org\/acuerdo-de-colaboracion-con-som-prematurs\/#respond\"]}]},{\"@type\":\"WebPage\",\"@id\":\"https:\/\/www.vidasignificativa.org\/acuerdo-de-colaboracion-con-som-prematurs\/\",\"url\":\"https:\/\/www.vidasignificativa.org\/acuerdo-de-colaboracion-con-som-prematurs\/\",\"name\":\"Acuerdo de colaboraci\u00f3n con Som Prematurs - Vida Significativa\",\"isPartOf\":{\"@id\":\"https:\/\/www.vidasignificativa.org\/#website\"},\"primaryImageOfPage\":{\"@id\":\"https:\/\/www.vidasignificativa.org\/acuerdo-de-colaboracion-con-som-prematurs\/#primaryimage\"},\"image\":{\"@id\":\"https:\/\/www.vidasignificativa.org\/acuerdo-de-colaboracion-con-som-prematurs\/#primaryimage\"},\"thumbnailUrl\":\"https:\/\/www.vidasignificativa.org\/wp-content\/uploads\/2022\/02\/Som-Prematus-Acuerdo.png\",\"datePublished\":\"2022-02-23T06:31:29+00:00\",\"dateModified\":\"2022-02-23T06:41:57+00:00\",\"description\":\"Un diciembre y enero repleto de entregas del Proyecto Abriga a diferentes Casas de Acogida de la provincia de Barcelona.\",\"breadcrumb\":{\"@id\":\"https:\/\/www.vidasignificativa.org\/acuerdo-de-colaboracion-con-som-prematurs\/#breadcrumb\"},\"inLanguage\":\"ca\",\"potentialAction\":[{\"@type\":\"ReadAction\",\"target\":[\"https:\/\/www.vidasignificativa.org\/acuerdo-de-colaboracion-con-som-prematurs\/\"]}]},{\"@type\":\"ImageObject\",\"inLanguage\":\"ca\",\"@id\":\"https:\/\/www.vidasignificativa.org\/acuerdo-de-colaboracion-con-som-prematurs\/#primaryimage\",\"url\":\"https:\/\/www.vidasignificativa.org\/wp-content\/uploads\/2022\/02\/Som-Prematus-Acuerdo.png\",\"contentUrl\":\"https:\/\/www.vidasignificativa.org\/wp-content\/uploads\/2022\/02\/Som-Prematus-Acuerdo.png\",\"width\":580,\"height\":580},{\"@type\":\"BreadcrumbList\",\"@id\":\"https:\/\/www.vidasignificativa.org\/acuerdo-de-colaboracion-con-som-prematurs\/#breadcrumb\",\"itemListElement\":[{\"@type\":\"ListItem\",\"position\":1,\"name\":\"Portada\",\"item\":\"https:\/\/www.vidasignificativa.org\/\"},{\"@type\":\"ListItem\",\"position\":2,\"name\":\"Acuerdo de colaboraci\u00f3n con Som Prematurs\"}]},{\"@type\":\"WebSite\",\"@id\":\"https:\/\/www.vidasignificativa.org\/#website\",\"url\":\"https:\/\/www.vidasignificativa.org\/\",\"name\":\"Vida Significativa\",\"description\":\"ONG\",\"publisher\":{\"@id\":\"https:\/\/www.vidasignificativa.org\/#organization\"},\"potentialAction\":[{\"@type\":\"SearchAction\",\"target\":{\"@type\":\"EntryPoint\",\"urlTemplate\":\"https:\/\/www.vidasignificativa.org\/?s={search_term_string}\"},\"query-input\":{\"@type\":\"PropertyValueSpecification\",\"valueRequired\":true,\"valueName\":\"search_term_string\"}}],\"inLanguage\":\"ca\"},{\"@type\":\"Organization\",\"@id\":\"https:\/\/www.vidasignificativa.org\/#organization\",\"name\":\"Vida Significativa\",\"url\":\"https:\/\/www.vidasignificativa.org\/\",\"logo\":{\"@type\":\"ImageObject\",\"inLanguage\":\"ca\",\"@id\":\"https:\/\/www.vidasignificativa.org\/#\/schema\/logo\/image\/\",\"url\":\"https:\/\/www.vidasignificativa.org\/wp-content\/uploads\/2024\/01\/vida-sginificativa-logo-700x700-1.jpg\",\"contentUrl\":\"https:\/\/www.vidasignificativa.org\/wp-content\/uploads\/2024\/01\/vida-sginificativa-logo-700x700-1.jpg\",\"width\":700,\"height\":700,\"caption\":\"Vida Significativa\"},\"image\":{\"@id\":\"https:\/\/www.vidasignificativa.org\/#\/schema\/logo\/image\/\"}},{\"@type\":\"Person\",\"@id\":\"https:\/\/www.vidasignificativa.org\/#\/schema\/person\/a44966fcddbd5126c638240188e9c27e\",\"name\":\"vidasignificativa\"}]}<\/script>\n<!-- \/ Yoast SEO plugin. -->","yoast_head_json":{"title":"Acuerdo de colaboraci\u00f3n con Som Prematurs - Vida Significativa","description":"Un diciembre y enero repleto de entregas del Proyecto Abriga a diferentes Casas de Acogida de la provincia de Barcelona.","robots":{"index":"index","follow":"follow","max-snippet":"max-snippet:-1","max-image-preview":"max-image-preview:large","max-video-preview":"max-video-preview:-1"},"canonical":"https:\/\/www.vidasignificativa.org\/cat\/acuerdo-de-colaboracion-con-som-prematurs\/","og_locale":"ca_ES","og_type":"article","og_title":"Acuerdo de colaboraci\u00f3n con Som Prematurs - Vida Significativa","og_description":"Un diciembre y enero repleto de entregas del Proyecto Abriga a diferentes Casas de Acogida de la provincia de Barcelona.","og_url":"https:\/\/www.vidasignificativa.org\/cat\/acuerdo-de-colaboracion-con-som-prematurs\/","og_site_name":"Vida Significativa","article_published_time":"2022-02-23T06:31:29+00:00","article_modified_time":"2022-02-23T06:41:57+00:00","og_image":[{"width":580,"height":580,"url":"https:\/\/www.vidasignificativa.org\/wp-content\/uploads\/2022\/02\/Som-Prematus-Acuerdo.png","type":"image\/png"}],"author":"vidasignificativa","twitter_card":"summary_large_image","twitter_misc":{"Escrit per":"vidasignificativa","Temps estimat de lectura":"2 minuts"},"schema":{"@context":"https:\/\/schema.org","@graph":[{"@type":"Article","@id":"https:\/\/www.vidasignificativa.org\/acuerdo-de-colaboracion-con-som-prematurs\/#article","isPartOf":{"@id":"https:\/\/www.vidasignificativa.org\/acuerdo-de-colaboracion-con-som-prematurs\/"},"author":{"name":"vidasignificativa","@id":"https:\/\/www.vidasignificativa.org\/#\/schema\/person\/a44966fcddbd5126c638240188e9c27e"},"headline":"Acuerdo de colaboraci\u00f3n con Som Prematurs","datePublished":"2022-02-23T06:31:29+00:00","dateModified":"2022-02-23T06:41:57+00:00","mainEntityOfPage":{"@id":"https:\/\/www.vidasignificativa.org\/acuerdo-de-colaboracion-con-som-prematurs\/"},"wordCount":1063,"commentCount":0,"publisher":{"@id":"https:\/\/www.vidasignificativa.org\/#organization"},"image":{"@id":"https:\/\/www.vidasignificativa.org\/acuerdo-de-colaboracion-con-som-prematurs\/#primaryimage"},"thumbnailUrl":"https:\/\/www.vidasignificativa.org\/wp-content\/uploads\/2022\/02\/Som-Prematus-Acuerdo.png","keywords":["Altruismo","Solidaridad","Voluntariado","Vulnerabilidad"],"articleSection":["Noticias"],"inLanguage":"ca","potentialAction":[{"@type":"CommentAction","name":"Comment","target":["https:\/\/www.vidasignificativa.org\/acuerdo-de-colaboracion-con-som-prematurs\/#respond"]}]},{"@type":"WebPage","@id":"https:\/\/www.vidasignificativa.org\/acuerdo-de-colaboracion-con-som-prematurs\/","url":"https:\/\/www.vidasignificativa.org\/acuerdo-de-colaboracion-con-som-prematurs\/","name":"Acuerdo de colaboraci\u00f3n con Som Prematurs - Vida Significativa","isPartOf":{"@id":"https:\/\/www.vidasignificativa.org\/#website"},"primaryImageOfPage":{"@id":"https:\/\/www.vidasignificativa.org\/acuerdo-de-colaboracion-con-som-prematurs\/#primaryimage"},"image":{"@id":"https:\/\/www.vidasignificativa.org\/acuerdo-de-colaboracion-con-som-prematurs\/#primaryimage"},"thumbnailUrl":"https:\/\/www.vidasignificativa.org\/wp-content\/uploads\/2022\/02\/Som-Prematus-Acuerdo.png","datePublished":"2022-02-23T06:31:29+00:00","dateModified":"2022-02-23T06:41:57+00:00","description":"Un diciembre y enero repleto de entregas del Proyecto Abriga a diferentes Casas de Acogida de la provincia de Barcelona.","breadcrumb":{"@id":"https:\/\/www.vidasignificativa.org\/acuerdo-de-colaboracion-con-som-prematurs\/#breadcrumb"},"inLanguage":"ca","potentialAction":[{"@type":"ReadAction","target":["https:\/\/www.vidasignificativa.org\/acuerdo-de-colaboracion-con-som-prematurs\/"]}]},{"@type":"ImageObject","inLanguage":"ca","@id":"https:\/\/www.vidasignificativa.org\/acuerdo-de-colaboracion-con-som-prematurs\/#primaryimage","url":"https:\/\/www.vidasignificativa.org\/wp-content\/uploads\/2022\/02\/Som-Prematus-Acuerdo.png","contentUrl":"https:\/\/www.vidasignificativa.org\/wp-content\/uploads\/2022\/02\/Som-Prematus-Acuerdo.png","width":580,"height":580},{"@type":"BreadcrumbList","@id":"https:\/\/www.vidasignificativa.org\/acuerdo-de-colaboracion-con-som-prematurs\/#breadcrumb","itemListElement":[{"@type":"ListItem","position":1,"name":"Portada","item":"https:\/\/www.vidasignificativa.org\/"},{"@type":"ListItem","position":2,"name":"Acuerdo de colaboraci\u00f3n con Som Prematurs"}]},{"@type":"WebSite","@id":"https:\/\/www.vidasignificativa.org\/#website","url":"https:\/\/www.vidasignificativa.org\/","name":"Vida Significativa","description":"ONG","publisher":{"@id":"https:\/\/www.vidasignificativa.org\/#organization"},"potentialAction":[{"@type":"SearchAction","target":{"@type":"EntryPoint","urlTemplate":"https:\/\/www.vidasignificativa.org\/?s={search_term_string}"},"query-input":{"@type":"PropertyValueSpecification","valueRequired":true,"valueName":"search_term_string"}}],"inLanguage":"ca"},{"@type":"Organization","@id":"https:\/\/www.vidasignificativa.org\/#organization","name":"Vida Significativa","url":"https:\/\/www.vidasignificativa.org\/","logo":{"@type":"ImageObject","inLanguage":"ca","@id":"https:\/\/www.vidasignificativa.org\/#\/schema\/logo\/image\/","url":"https:\/\/www.vidasignificativa.org\/wp-content\/uploads\/2024\/01\/vida-sginificativa-logo-700x700-1.jpg","contentUrl":"https:\/\/www.vidasignificativa.org\/wp-content\/uploads\/2024\/01\/vida-sginificativa-logo-700x700-1.jpg","width":700,"height":700,"caption":"Vida Significativa"},"image":{"@id":"https:\/\/www.vidasignificativa.org\/#\/schema\/logo\/image\/"}},{"@type":"Person","@id":"https:\/\/www.vidasignificativa.org\/#\/schema\/person\/a44966fcddbd5126c638240188e9c27e","name":"vidasignificativa"}]}},"_links":{"self":[{"href":"https:\/\/www.vidasignificativa.org\/cat\/wp-json\/wp\/v2\/posts\/3948"}],"collection":[{"href":"https:\/\/www.vidasignificativa.org\/cat\/wp-json\/wp\/v2\/posts"}],"about":[{"href":"https:\/\/www.vidasignificativa.org\/cat\/wp-json\/wp\/v2\/types\/post"}],"author":[{"embeddable":true,"href":"https:\/\/www.vidasignificativa.org\/cat\/wp-json\/wp\/v2\/users\/1"}],"replies":[{"embeddable":true,"href":"https:\/\/www.vidasignificativa.org\/cat\/wp-json\/wp\/v2\/comments?post=3948"}],"version-history":[{"count":0,"href":"https:\/\/www.vidasignificativa.org\/cat\/wp-json\/wp\/v2\/posts\/3948\/revisions"}],"wp:featuredmedia":[{"embeddable":true,"href":"https:\/\/www.vidasignificativa.org\/cat\/wp-json\/wp\/v2\/media\/3950"}],"wp:attachment":[{"href":"https:\/\/www.vidasignificativa.org\/cat\/wp-json\/wp\/v2\/media?parent=3948"}],"wp:term":[{"taxonomy":"category","embeddable":true,"href":"https:\/\/www.vidasignificativa.org\/cat\/wp-json\/wp\/v2\/categories?post=3948"},{"taxonomy":"post_tag","embeddable":true,"href":"https:\/\/www.vidasignificativa.org\/cat\/wp-json\/wp\/v2\/tags?post=3948"}],"curies":[{"name":"wp","href":"https:\/\/api.w.org\/{rel}","templated":true}]}}