{"id":3854,"date":"2021-12-08T11:18:47","date_gmt":"2021-12-08T10:18:47","guid":{"rendered":"https:\/\/www.vidasignificativa.org\/?p=3854"},"modified":"2021-12-11T19:33:35","modified_gmt":"2021-12-11T18:33:35","slug":"quieres-apadrinar-un-regalo-2021","status":"publish","type":"post","link":"https:\/\/www.vidasignificativa.org\/cat\/quieres-apadrinar-un-regalo-2021\/","title":{"rendered":"Apadrinar un regalo para una ni\u00f1a o un ni\u00f1o"},"content":{"rendered":"<p><div class=\"fusion-fullwidth fullwidth-box fusion-builder-row-1 nonhundred-percent-fullwidth non-hundred-percent-height-scrolling\" style=\"--awb-background-position:left top;--awb-border-sizes-top:0px;--awb-border-sizes-bottom:0px;--awb-border-sizes-left:0px;--awb-border-sizes-right:0px;--awb-border-radius-top-left:0px;--awb-border-radius-top-right:0px;--awb-border-radius-bottom-right:0px;--awb-border-radius-bottom-left:0px;--awb-padding-top:20px;--awb-padding-bottom:20px;--awb-flex-wrap:wrap;\" ><div class=\"fusion-builder-row fusion-row\"><div class=\"fusion-layout-column fusion_builder_column fusion-builder-column-0 fusion_builder_column_1_1 1_1 fusion-one-full fusion-column-first fusion-column-last\" style=\"--awb-bg-size:cover;\"><div class=\"fusion-column-wrapper fusion-flex-column-wrapper-legacy\"><div class=\"fusion-sep-clear\"><\/div><div class=\"fusion-separator fusion-full-width-sep\" style=\"margin-left: auto;margin-right: auto;margin-top:5px;width:100%;\"><\/div><div class=\"fusion-sep-clear\"><\/div><div class=\"fusion-text fusion-text-1\"><h3>\u00bfQUIERES APADRINAR UN REGALO?<\/h3>\n<\/div><div class=\"fusion-sep-clear\"><\/div><div class=\"fusion-separator fusion-clearfix\" style=\"float:left;margin-top:0px;margin-bottom:30px;width:100%;max-width:200px;\"><div class=\"fusion-separator-border sep-single sep-solid\" style=\"--awb-height:20px;--awb-amount:20px;--awb-sep-color:#fec96b;border-color:#fec96b;border-top-width:3px;\"><\/div><\/div><div class=\"fusion-sep-clear\"><\/div><div class=\"fusion-text fusion-text-2\"><p>\u00a1Empezamos la Campa\u00f1a de Navidad 2021!<\/p>\n<p>Con tu donaci\u00f3n, una ni\u00f1a o un ni\u00f1o recibir\u00e1 por Navidad o la noche de Reyes un regalo aportado por Vida Significativa.<\/p>\n<p>Compraremos juguetes educativos, no b\u00e9licos, no sexistas y colectivos.<\/p>\n<p class=\"_04xlpA direction-ltr align-end para-style-body\"><span class=\"JsGRdQ\">Puedes hacer\u00a0<\/span><span class=\"JsGRdQ\">un ingreso de 20 a 40 \u20ac\u00a0<\/span><span class=\"JsGRdQ\">a este n\u00fam. de cuenta:\u00a0<\/span><span class=\"JsGRdQ\">(concepto: Juguete)<\/span><\/p>\n<p><span class=\"JsGRdQ\">ES04 0081 0067 0900 0150 0359<\/span><\/p>\n<p>O puedes hacer un Bizum aqu\u00ed: <span class=\"JsGRdQ\">607 66 77 76 | 649 17 19 35<\/span><\/p>\n<p>\u00a1Gracias! #NingunNi\u00f1oSinJuguete<\/p>\n<\/div><div class=\"fusion-sep-clear\"><\/div><div class=\"fusion-separator fusion-full-width-sep\" style=\"margin-left: auto;margin-right: auto;margin-top:5px;width:100%;\"><\/div><div class=\"fusion-sep-clear\"><\/div><div class=\"fusion-video fusion-youtube\" style=\"--awb-max-width:600px;--awb-max-height:360px;\" data-autoplay=\"1\"><div class=\"video-shortcode\"><div class=\"fluid-width-video-wrapper\" style=\"padding-top:60%;\" ><iframe title=\"YouTube video player 1\" src=\"https:\/\/www.youtube.com\/embed\/wRO144o2-fY?wmode=transparent&autoplay=0\" width=\"600\" height=\"360\" allowfullscreen allow=\"autoplay; fullscreen\"><\/iframe><\/div><\/div><\/div><div class=\"fusion-clearfix\"><\/div><\/div><\/div><\/div><\/div><div class=\"fusion-fullwidth fullwidth-box fusion-builder-row-2 nonhundred-percent-fullwidth non-hundred-percent-height-scrolling\" style=\"--awb-background-position:left top;--awb-border-sizes-top:0px;--awb-border-sizes-bottom:0px;--awb-border-sizes-left:0px;--awb-border-sizes-right:0px;--awb-border-radius-top-left:0px;--awb-border-radius-top-right:0px;--awb-border-radius-bottom-right:0px;--awb-border-radius-bottom-left:0px;--awb-padding-top:30px;--awb-padding-bottom:150px;--awb-flex-wrap:wrap;\" ><div class=\"fusion-builder-row fusion-row\"><div class=\"fusion-layout-column fusion_builder_column fusion-builder-column-1 fusion_builder_column_1_1 1_1 fusion-one-full fusion-column-first fusion-column-last\" style=\"--awb-bg-size:cover;\"><div class=\"fusion-column-wrapper fusion-flex-column-wrapper-legacy\"><div class=\"fusion-sharing-box fusion-sharing-box-1 boxed-icons has-taglines layout-floated layout-medium-floated layout-small-floated\" style=\"background-color:rgba(255,255,255,0);padding:0;--awb-layout:row;--awb-alignment-small:space-between;\" data-title=\"Apadrinar un regalo para una ni\u00f1a o un ni\u00f1o\" data-description=\"\u00bfQUIERES APADRINAR UN REGALO? \u00a1Empezamos la Campa\u00f1a de Navidad 2021!Con tu donaci\u00f3n, una ni\u00f1a o un ni\u00f1o recibir\u00e1 por Navidad o la noche de Reyes un regalo aportado por Vida Significativa.Compraremos juguetes educativos, no b\u00e9licos, no sexistas y colectivos.Puedes hacer\u00a0un ingreso de 20 a 40 \u20ac\u00a0a\" data-link=\"https:\/\/www.vidasignificativa.org\/cat\/quieres-apadrinar-un-regalo-2021\/\"><h4 class=\"tagline\" style=\"color:#1e1e1e;\">Comparteix aquest article<\/h4><div class=\"fusion-social-networks sharingbox-shortcode-icon-wrapper sharingbox-shortcode-icon-wrapper-1 boxed-icons\"><span><a href=\"https:\/\/www.facebook.com\/sharer.php?u=https%3A%2F%2Fwww.vidasignificativa.org%2Fcat%2Fquieres-apadrinar-un-regalo-2021%2F&amp;t=Apadrinar%20un%20regalo%20para%20una%20ni%C3%B1a%20o%20un%20ni%C3%B1o\" target=\"_blank\" rel=\"noreferrer\" title=\"Facebook\" aria-label=\"Facebook\" data-placement=\"top\" data-toggle=\"tooltip\" data-title=\"Facebook\"><i class=\"fusion-social-network-icon fusion-tooltip fusion-facebook awb-icon-facebook\" style=\"color:#ffffff;background-color:#3b5998;border-color:#3b5998;border-radius:4px;\" aria-hidden=\"true\"><\/i><\/a><\/span><span><a href=\"https:\/\/twitter.com\/share?text=Apadrinar%20un%20regalo%20para%20una%20ni%C3%B1a%20o%20un%20ni%C3%B1o&amp;url=https%3A%2F%2Fwww.vidasignificativa.org%2Fcat%2Fquieres-apadrinar-un-regalo-2021%2F\" target=\"_blank\" rel=\"noopener noreferrer\" title=\"X\" aria-label=\"X\" data-placement=\"top\" data-toggle=\"tooltip\" data-title=\"X\"><i class=\"fusion-social-network-icon fusion-tooltip fusion-twitter awb-icon-twitter\" style=\"color:#ffffff;background-color:#000000;border-color:#000000;border-radius:4px;\" aria-hidden=\"true\"><\/i><\/a><\/span><span><a href=\"https:\/\/www.linkedin.com\/shareArticle?mini=true&amp;url=https%3A%2F%2Fwww.vidasignificativa.org%2Fcat%2Fquieres-apadrinar-un-regalo-2021%2F&amp;title=Apadrinar%20un%20regalo%20para%20una%20ni%C3%B1a%20o%20un%20ni%C3%B1o&amp;summary=%C2%BFQUIERES%20APADRINAR%20UN%20REGALO%3F%20%20%0D%0A%0D%0A%C2%A1Empezamos%20la%20Campa%C3%B1a%20de%20Navidad%202021%21%0D%0A%0D%0ACon%20tu%20donaci%C3%B3n%2C%20una%20ni%C3%B1a%20o%20un%20ni%C3%B1o%20recibir%C3%A1%20por%20Navidad%20o%20la%20noche%20de%20Reyes%20un%20regalo%20aportado%20por%20Vida%20Significativa.%0D%0A%0D%0ACompraremos%20juguetes%20educativos%2C%20no%20b%C3%A9licos%2C%20no%20sexistas%20y%20colectivos.%0D%0APuedes%20hacer%C2%A0un%20ingreso%20de%2020%20a%2040%20%E2%82%AC%C2%A0a\" target=\"_blank\" rel=\"noopener noreferrer\" title=\"LinkedIn\" aria-label=\"LinkedIn\" data-placement=\"top\" data-toggle=\"tooltip\" data-title=\"LinkedIn\"><i class=\"fusion-social-network-icon fusion-tooltip fusion-linkedin awb-icon-linkedin\" style=\"color:#ffffff;background-color:#0077b5;border-color:#0077b5;border-radius:4px;\" aria-hidden=\"true\"><\/i><\/a><\/span><span><a href=\"https:\/\/api.whatsapp.com\/send?text=https%3A%2F%2Fwww.vidasignificativa.org%2Fcat%2Fquieres-apadrinar-un-regalo-2021%2F\" target=\"_blank\" rel=\"noopener noreferrer\" title=\"WhatsApp\" aria-label=\"WhatsApp\" data-placement=\"top\" data-toggle=\"tooltip\" data-title=\"WhatsApp\"><i class=\"fusion-social-network-icon fusion-tooltip fusion-whatsapp awb-icon-whatsapp\" style=\"color:#ffffff;background-color:#77e878;border-color:#77e878;border-radius:4px;\" aria-hidden=\"true\"><\/i><\/a><\/span><\/div><\/div><div class=\"fusion-clearfix\"><\/div><\/div><\/div><\/div><\/div><\/p>","protected":false},"excerpt":{"rendered":"","protected":false},"author":1,"featured_media":3856,"comment_status":"open","ping_status":"closed","sticky":false,"template":"","format":"standard","meta":{"give_campaign_id":0,"footnotes":""},"categories":[98],"tags":[39,40,38,63],"yoast_head":"<!-- This site is optimized with the Yoast SEO plugin v24.0 - https:\/\/yoast.com\/wordpress\/plugins\/seo\/ -->\n<title>Apadrinar un regalo para una ni\u00f1a o un ni\u00f1o - Vida Significativa<\/title>\n<meta name=\"description\" content=\"Campa\u00f1a navide\u00f1a 2021 &quot;\u00bfQuieres apadrinar un regalo?&quot; de Vida Significativa.\" \/>\n<meta name=\"robots\" content=\"index, follow, max-snippet:-1, max-image-preview:large, max-video-preview:-1\" \/>\n<link rel=\"canonical\" href=\"https:\/\/www.vidasignificativa.org\/cat\/quieres-apadrinar-un-regalo-2021\/\" \/>\n<meta property=\"og:locale\" content=\"ca_ES\" \/>\n<meta property=\"og:type\" content=\"article\" \/>\n<meta property=\"og:title\" content=\"Apadrinar un regalo para una ni\u00f1a o un ni\u00f1o - Vida Significativa\" \/>\n<meta property=\"og:description\" content=\"Campa\u00f1a navide\u00f1a 2021 &quot;\u00bfQuieres apadrinar un regalo?&quot; de Vida Significativa.\" \/>\n<meta property=\"og:url\" content=\"https:\/\/www.vidasignificativa.org\/cat\/quieres-apadrinar-un-regalo-2021\/\" \/>\n<meta property=\"og:site_name\" content=\"Vida Significativa\" \/>\n<meta property=\"article:published_time\" content=\"2021-12-08T10:18:47+00:00\" \/>\n<meta property=\"article:modified_time\" content=\"2021-12-11T18:33:35+00:00\" \/>\n<meta property=\"og:image\" content=\"https:\/\/www.vidasignificativa.org\/wp-content\/uploads\/2021\/12\/Campana-Navidad-2021.jpg\" \/>\n\t<meta property=\"og:image:width\" content=\"400\" \/>\n\t<meta property=\"og:image:height\" content=\"400\" \/>\n\t<meta property=\"og:image:type\" content=\"image\/jpeg\" \/>\n<meta name=\"author\" content=\"vidasignificativa\" \/>\n<meta name=\"twitter:card\" content=\"summary_large_image\" \/>\n<meta name=\"twitter:label1\" content=\"Escrit per\" \/>\n\t<meta name=\"twitter:data1\" content=\"vidasignificativa\" \/>\n\t<meta name=\"twitter:label2\" content=\"Temps estimat de lectura\" \/>\n\t<meta name=\"twitter:data2\" content=\"3 minuts\" \/>\n<script type=\"application\/ld+json\" class=\"yoast-schema-graph\">{\"@context\":\"https:\/\/schema.org\",\"@graph\":[{\"@type\":\"Article\",\"@id\":\"https:\/\/www.vidasignificativa.org\/cat\/quieres-apadrinar-un-regalo-2021\/#article\",\"isPartOf\":{\"@id\":\"https:\/\/www.vidasignificativa.org\/cat\/quieres-apadrinar-un-regalo-2021\/\"},\"author\":{\"name\":\"vidasignificativa\",\"@id\":\"https:\/\/www.vidasignificativa.org\/#\/schema\/person\/a44966fcddbd5126c638240188e9c27e\"},\"headline\":\"Apadrinar un regalo para una ni\u00f1a o un ni\u00f1o\",\"datePublished\":\"2021-12-08T10:18:47+00:00\",\"dateModified\":\"2021-12-11T18:33:35+00:00\",\"mainEntityOfPage\":{\"@id\":\"https:\/\/www.vidasignificativa.org\/cat\/quieres-apadrinar-un-regalo-2021\/\"},\"wordCount\":655,\"commentCount\":0,\"publisher\":{\"@id\":\"https:\/\/www.vidasignificativa.org\/#organization\"},\"image\":{\"@id\":\"https:\/\/www.vidasignificativa.org\/cat\/quieres-apadrinar-un-regalo-2021\/#primaryimage\"},\"thumbnailUrl\":\"https:\/\/www.vidasignificativa.org\/wp-content\/uploads\/2021\/12\/Campana-Navidad-2021.jpg\",\"keywords\":[\"Altruismo\",\"Solidaridad\",\"Voluntariado\",\"Vulnerabilidad\"],\"articleSection\":[\"Noticias\"],\"inLanguage\":\"ca\",\"potentialAction\":[{\"@type\":\"CommentAction\",\"name\":\"Comment\",\"target\":[\"https:\/\/www.vidasignificativa.org\/cat\/quieres-apadrinar-un-regalo-2021\/#respond\"]}]},{\"@type\":\"WebPage\",\"@id\":\"https:\/\/www.vidasignificativa.org\/cat\/quieres-apadrinar-un-regalo-2021\/\",\"url\":\"https:\/\/www.vidasignificativa.org\/cat\/quieres-apadrinar-un-regalo-2021\/\",\"name\":\"Apadrinar un regalo para una ni\u00f1a o un ni\u00f1o - Vida Significativa\",\"isPartOf\":{\"@id\":\"https:\/\/www.vidasignificativa.org\/#website\"},\"primaryImageOfPage\":{\"@id\":\"https:\/\/www.vidasignificativa.org\/cat\/quieres-apadrinar-un-regalo-2021\/#primaryimage\"},\"image\":{\"@id\":\"https:\/\/www.vidasignificativa.org\/cat\/quieres-apadrinar-un-regalo-2021\/#primaryimage\"},\"thumbnailUrl\":\"https:\/\/www.vidasignificativa.org\/wp-content\/uploads\/2021\/12\/Campana-Navidad-2021.jpg\",\"datePublished\":\"2021-12-08T10:18:47+00:00\",\"dateModified\":\"2021-12-11T18:33:35+00:00\",\"description\":\"Campa\u00f1a navide\u00f1a 2021 \\\"\u00bfQuieres apadrinar un regalo?\\\" de Vida Significativa.\",\"breadcrumb\":{\"@id\":\"https:\/\/www.vidasignificativa.org\/cat\/quieres-apadrinar-un-regalo-2021\/#breadcrumb\"},\"inLanguage\":\"ca\",\"potentialAction\":[{\"@type\":\"ReadAction\",\"target\":[\"https:\/\/www.vidasignificativa.org\/cat\/quieres-apadrinar-un-regalo-2021\/\"]}]},{\"@type\":\"ImageObject\",\"inLanguage\":\"ca\",\"@id\":\"https:\/\/www.vidasignificativa.org\/cat\/quieres-apadrinar-un-regalo-2021\/#primaryimage\",\"url\":\"https:\/\/www.vidasignificativa.org\/wp-content\/uploads\/2021\/12\/Campana-Navidad-2021.jpg\",\"contentUrl\":\"https:\/\/www.vidasignificativa.org\/wp-content\/uploads\/2021\/12\/Campana-Navidad-2021.jpg\",\"width\":400,\"height\":400},{\"@type\":\"BreadcrumbList\",\"@id\":\"https:\/\/www.vidasignificativa.org\/cat\/quieres-apadrinar-un-regalo-2021\/#breadcrumb\",\"itemListElement\":[{\"@type\":\"ListItem\",\"position\":1,\"name\":\"Portada\",\"item\":\"https:\/\/www.vidasignificativa.org\/\"},{\"@type\":\"ListItem\",\"position\":2,\"name\":\"Apadrinar un regalo para una ni\u00f1a o un ni\u00f1o\"}]},{\"@type\":\"WebSite\",\"@id\":\"https:\/\/www.vidasignificativa.org\/#website\",\"url\":\"https:\/\/www.vidasignificativa.org\/\",\"name\":\"Vida Significativa\",\"description\":\"ONG\",\"publisher\":{\"@id\":\"https:\/\/www.vidasignificativa.org\/#organization\"},\"potentialAction\":[{\"@type\":\"SearchAction\",\"target\":{\"@type\":\"EntryPoint\",\"urlTemplate\":\"https:\/\/www.vidasignificativa.org\/?s={search_term_string}\"},\"query-input\":{\"@type\":\"PropertyValueSpecification\",\"valueRequired\":true,\"valueName\":\"search_term_string\"}}],\"inLanguage\":\"ca\"},{\"@type\":\"Organization\",\"@id\":\"https:\/\/www.vidasignificativa.org\/#organization\",\"name\":\"Vida Significativa\",\"url\":\"https:\/\/www.vidasignificativa.org\/\",\"logo\":{\"@type\":\"ImageObject\",\"inLanguage\":\"ca\",\"@id\":\"https:\/\/www.vidasignificativa.org\/#\/schema\/logo\/image\/\",\"url\":\"https:\/\/www.vidasignificativa.org\/wp-content\/uploads\/2024\/01\/vida-sginificativa-logo-700x700-1.jpg\",\"contentUrl\":\"https:\/\/www.vidasignificativa.org\/wp-content\/uploads\/2024\/01\/vida-sginificativa-logo-700x700-1.jpg\",\"width\":700,\"height\":700,\"caption\":\"Vida Significativa\"},\"image\":{\"@id\":\"https:\/\/www.vidasignificativa.org\/#\/schema\/logo\/image\/\"}},{\"@type\":\"Person\",\"@id\":\"https:\/\/www.vidasignificativa.org\/#\/schema\/person\/a44966fcddbd5126c638240188e9c27e\",\"name\":\"vidasignificativa\"}]}<\/script>\n<!-- \/ Yoast SEO plugin. -->","yoast_head_json":{"title":"Apadrinar un regalo para una ni\u00f1a o un ni\u00f1o - Vida Significativa","description":"Campa\u00f1a navide\u00f1a 2021 \"\u00bfQuieres apadrinar un regalo?\" de Vida Significativa.","robots":{"index":"index","follow":"follow","max-snippet":"max-snippet:-1","max-image-preview":"max-image-preview:large","max-video-preview":"max-video-preview:-1"},"canonical":"https:\/\/www.vidasignificativa.org\/cat\/quieres-apadrinar-un-regalo-2021\/","og_locale":"ca_ES","og_type":"article","og_title":"Apadrinar un regalo para una ni\u00f1a o un ni\u00f1o - Vida Significativa","og_description":"Campa\u00f1a navide\u00f1a 2021 \"\u00bfQuieres apadrinar un regalo?\" de Vida Significativa.","og_url":"https:\/\/www.vidasignificativa.org\/cat\/quieres-apadrinar-un-regalo-2021\/","og_site_name":"Vida Significativa","article_published_time":"2021-12-08T10:18:47+00:00","article_modified_time":"2021-12-11T18:33:35+00:00","og_image":[{"width":400,"height":400,"url":"https:\/\/www.vidasignificativa.org\/wp-content\/uploads\/2021\/12\/Campana-Navidad-2021.jpg","type":"image\/jpeg"}],"author":"vidasignificativa","twitter_card":"summary_large_image","twitter_misc":{"Escrit per":"vidasignificativa","Temps estimat de lectura":"3 minuts"},"schema":{"@context":"https:\/\/schema.org","@graph":[{"@type":"Article","@id":"https:\/\/www.vidasignificativa.org\/cat\/quieres-apadrinar-un-regalo-2021\/#article","isPartOf":{"@id":"https:\/\/www.vidasignificativa.org\/cat\/quieres-apadrinar-un-regalo-2021\/"},"author":{"name":"vidasignificativa","@id":"https:\/\/www.vidasignificativa.org\/#\/schema\/person\/a44966fcddbd5126c638240188e9c27e"},"headline":"Apadrinar un regalo para una ni\u00f1a o un ni\u00f1o","datePublished":"2021-12-08T10:18:47+00:00","dateModified":"2021-12-11T18:33:35+00:00","mainEntityOfPage":{"@id":"https:\/\/www.vidasignificativa.org\/cat\/quieres-apadrinar-un-regalo-2021\/"},"wordCount":655,"commentCount":0,"publisher":{"@id":"https:\/\/www.vidasignificativa.org\/#organization"},"image":{"@id":"https:\/\/www.vidasignificativa.org\/cat\/quieres-apadrinar-un-regalo-2021\/#primaryimage"},"thumbnailUrl":"https:\/\/www.vidasignificativa.org\/wp-content\/uploads\/2021\/12\/Campana-Navidad-2021.jpg","keywords":["Altruismo","Solidaridad","Voluntariado","Vulnerabilidad"],"articleSection":["Noticias"],"inLanguage":"ca","potentialAction":[{"@type":"CommentAction","name":"Comment","target":["https:\/\/www.vidasignificativa.org\/cat\/quieres-apadrinar-un-regalo-2021\/#respond"]}]},{"@type":"WebPage","@id":"https:\/\/www.vidasignificativa.org\/cat\/quieres-apadrinar-un-regalo-2021\/","url":"https:\/\/www.vidasignificativa.org\/cat\/quieres-apadrinar-un-regalo-2021\/","name":"Apadrinar un regalo para una ni\u00f1a o un ni\u00f1o - Vida Significativa","isPartOf":{"@id":"https:\/\/www.vidasignificativa.org\/#website"},"primaryImageOfPage":{"@id":"https:\/\/www.vidasignificativa.org\/cat\/quieres-apadrinar-un-regalo-2021\/#primaryimage"},"image":{"@id":"https:\/\/www.vidasignificativa.org\/cat\/quieres-apadrinar-un-regalo-2021\/#primaryimage"},"thumbnailUrl":"https:\/\/www.vidasignificativa.org\/wp-content\/uploads\/2021\/12\/Campana-Navidad-2021.jpg","datePublished":"2021-12-08T10:18:47+00:00","dateModified":"2021-12-11T18:33:35+00:00","description":"Campa\u00f1a navide\u00f1a 2021 \"\u00bfQuieres apadrinar un regalo?\" de Vida Significativa.","breadcrumb":{"@id":"https:\/\/www.vidasignificativa.org\/cat\/quieres-apadrinar-un-regalo-2021\/#breadcrumb"},"inLanguage":"ca","potentialAction":[{"@type":"ReadAction","target":["https:\/\/www.vidasignificativa.org\/cat\/quieres-apadrinar-un-regalo-2021\/"]}]},{"@type":"ImageObject","inLanguage":"ca","@id":"https:\/\/www.vidasignificativa.org\/cat\/quieres-apadrinar-un-regalo-2021\/#primaryimage","url":"https:\/\/www.vidasignificativa.org\/wp-content\/uploads\/2021\/12\/Campana-Navidad-2021.jpg","contentUrl":"https:\/\/www.vidasignificativa.org\/wp-content\/uploads\/2021\/12\/Campana-Navidad-2021.jpg","width":400,"height":400},{"@type":"BreadcrumbList","@id":"https:\/\/www.vidasignificativa.org\/cat\/quieres-apadrinar-un-regalo-2021\/#breadcrumb","itemListElement":[{"@type":"ListItem","position":1,"name":"Portada","item":"https:\/\/www.vidasignificativa.org\/"},{"@type":"ListItem","position":2,"name":"Apadrinar un regalo para una ni\u00f1a o un ni\u00f1o"}]},{"@type":"WebSite","@id":"https:\/\/www.vidasignificativa.org\/#website","url":"https:\/\/www.vidasignificativa.org\/","name":"Vida Significativa","description":"ONG","publisher":{"@id":"https:\/\/www.vidasignificativa.org\/#organization"},"potentialAction":[{"@type":"SearchAction","target":{"@type":"EntryPoint","urlTemplate":"https:\/\/www.vidasignificativa.org\/?s={search_term_string}"},"query-input":{"@type":"PropertyValueSpecification","valueRequired":true,"valueName":"search_term_string"}}],"inLanguage":"ca"},{"@type":"Organization","@id":"https:\/\/www.vidasignificativa.org\/#organization","name":"Vida Significativa","url":"https:\/\/www.vidasignificativa.org\/","logo":{"@type":"ImageObject","inLanguage":"ca","@id":"https:\/\/www.vidasignificativa.org\/#\/schema\/logo\/image\/","url":"https:\/\/www.vidasignificativa.org\/wp-content\/uploads\/2024\/01\/vida-sginificativa-logo-700x700-1.jpg","contentUrl":"https:\/\/www.vidasignificativa.org\/wp-content\/uploads\/2024\/01\/vida-sginificativa-logo-700x700-1.jpg","width":700,"height":700,"caption":"Vida Significativa"},"image":{"@id":"https:\/\/www.vidasignificativa.org\/#\/schema\/logo\/image\/"}},{"@type":"Person","@id":"https:\/\/www.vidasignificativa.org\/#\/schema\/person\/a44966fcddbd5126c638240188e9c27e","name":"vidasignificativa"}]}},"_links":{"self":[{"href":"https:\/\/www.vidasignificativa.org\/cat\/wp-json\/wp\/v2\/posts\/3854"}],"collection":[{"href":"https:\/\/www.vidasignificativa.org\/cat\/wp-json\/wp\/v2\/posts"}],"about":[{"href":"https:\/\/www.vidasignificativa.org\/cat\/wp-json\/wp\/v2\/types\/post"}],"author":[{"embeddable":true,"href":"https:\/\/www.vidasignificativa.org\/cat\/wp-json\/wp\/v2\/users\/1"}],"replies":[{"embeddable":true,"href":"https:\/\/www.vidasignificativa.org\/cat\/wp-json\/wp\/v2\/comments?post=3854"}],"version-history":[{"count":0,"href":"https:\/\/www.vidasignificativa.org\/cat\/wp-json\/wp\/v2\/posts\/3854\/revisions"}],"wp:featuredmedia":[{"embeddable":true,"href":"https:\/\/www.vidasignificativa.org\/cat\/wp-json\/wp\/v2\/media\/3856"}],"wp:attachment":[{"href":"https:\/\/www.vidasignificativa.org\/cat\/wp-json\/wp\/v2\/media?parent=3854"}],"wp:term":[{"taxonomy":"category","embeddable":true,"href":"https:\/\/www.vidasignificativa.org\/cat\/wp-json\/wp\/v2\/categories?post=3854"},{"taxonomy":"post_tag","embeddable":true,"href":"https:\/\/www.vidasignificativa.org\/cat\/wp-json\/wp\/v2\/tags?post=3854"}],"curies":[{"name":"wp","href":"https:\/\/api.w.org\/{rel}","templated":true}]}}