{"id":3470,"date":"2021-06-23T17:23:35","date_gmt":"2021-06-23T16:23:35","guid":{"rendered":"https:\/\/www.vidasignificativa.org\/?p=3470"},"modified":"2021-06-25T17:43:15","modified_gmt":"2021-06-25T16:43:15","slug":"re-encuentro-con-ls-nins-del-hogar-sta-rosalia","status":"publish","type":"post","link":"https:\/\/www.vidasignificativa.org\/cat\/re-encuentro-con-ls-nins-del-hogar-sta-rosalia\/","title":{"rendered":"Re-trobament amb els infants de la Llar Santa Rosalia"},"content":{"rendered":"<p><div class=\"fusion-fullwidth fullwidth-box fusion-builder-row-1 nonhundred-percent-fullwidth non-hundred-percent-height-scrolling\" style=\"--awb-background-position:left top;--awb-border-radius-top-left:0px;--awb-border-radius-top-right:0px;--awb-border-radius-bottom-right:0px;--awb-border-radius-bottom-left:0px;--awb-padding-top:20px;--awb-padding-bottom:20px;--awb-border-sizes-top:0px;--awb-border-sizes-bottom:0px;--awb-flex-wrap:wrap;\" ><div class=\"fusion-builder-row fusion-row\"><div class=\"fusion-layout-column fusion_builder_column fusion-builder-column-0 fusion_builder_column_1_1 1_1 fusion-one-full fusion-column-first fusion-column-last\" style=\"--awb-bg-size:cover;\"><div class=\"fusion-column-wrapper fusion-flex-column-wrapper-legacy\"><div class=\"fusion-sep-clear\"><\/div><div class=\"fusion-separator fusion-full-width-sep\" style=\"margin-left: auto;margin-right: auto;margin-top:5px;width:100%;\"><\/div><div class=\"fusion-sep-clear\"><\/div><div class=\"fusion-text fusion-text-1\"><h3>\u00a1POR FIN NOS VOLVEMOS A VER LAS CARAS!<\/h3>\n<\/div><div class=\"fusion-sep-clear\"><\/div><div class=\"fusion-separator fusion-clearfix\" style=\"float:left;margin-top:0px;margin-bottom:30px;width:100%;max-width:200px;\"><div class=\"fusion-separator-border sep-single sep-solid\" style=\"--awb-height:20px;--awb-amount:20px;--awb-sep-color:#fec96b;border-color:#fec96b;border-top-width:3px;\"><\/div><\/div><div class=\"fusion-sep-clear\"><\/div><div class=\"fusion-text fusion-text-2\"><div class=\"kvgmc6g5 cxmmr5t8 oygrvhab hcukyx3x c1et5uql ii04i59q\">\n<div dir=\"auto\">El pasado 12 de junio pudimos re-encontrarnos con lxs ni\u00f1xs del Hogar Santa Rosal\u00eda de Tei\u00e0 (Barcelona) y, de esta forma, volver a activar de una manera m\u00e1s participativa, nuestro proyecto <a href=\"https:\/\/www.vidasignificativa.org\/vida-significativa\/centros-de-acogida-locales\/\" target=\"_blank\" rel=\"noopener\">Centros de acogida locales<\/a>. Lo hicimos en la playa de Ocata de El Masnou, espacio abierto y agradable, donde el a\u00f1o pasado ya realizamos otros dos encuentros antes de empezar con la pandemia.<\/div>\n<div dir=\"auto\"><\/div>\n<div dir=\"auto\">Compartimos muchas sonrisas, juegos, comida buen\u00edsima, chapuzones en el mar y muchas charlas con todas las personas que vinieron. Lo hicimos coincidir con el 1r encuentro del Proyecto Abriga para que las personas tejedoras conocieran de primera mano al grupo del hogar y centro residencial. Pudieron aprender a tejer con ganchillo y planificamos futuros talleres en su casa.<\/div>\n<div dir=\"auto\"><\/div>\n<\/div>\n<div class=\"o9v6fnle cxmmr5t8 oygrvhab hcukyx3x c1et5uql ii04i59q\">\n<div dir=\"auto\">Buenas vibraciones y sembrando siempre la semilla de la sensibilizaci\u00f3n a quienes vinieron por primera vez. Conocer a lxs ni\u00f1xs directamente es una vivencia de las profundas. \u00a1Y bien intensa! Seguimos educando en el altruismo&#8230;<\/div>\n<div dir=\"auto\"><\/div>\n<\/div>\n<div class=\"o9v6fnle cxmmr5t8 oygrvhab hcukyx3x c1et5uql ii04i59q\">\n<div dir=\"auto\">Las im\u00e1genes nos recuerdan un 12 de junio bonito, muy soleado, calmado y repleto de amor.<\/div>\n<\/div>\n<\/div><div class=\"fusion-sep-clear\"><\/div><div class=\"fusion-separator fusion-full-width-sep\" style=\"margin-left: auto;margin-right: auto;margin-top:5px;width:100%;\"><\/div><div class=\"fusion-sep-clear\"><\/div><div class=\"awb-gallery-wrapper awb-gallery-wrapper-1 button-span-no\"><div style=\"margin:-5px;--awb-bordersize:0px;\" class=\"fusion-gallery fusion-gallery-container fusion-grid-3 fusion-columns-total-2 fusion-gallery-layout-grid fusion-gallery-1\"><div style=\"padding:5px;\" class=\"fusion-grid-column fusion-gallery-column fusion-gallery-column-3 hover-type-none\"><div class=\"fusion-gallery-image\"><a href=\"https:\/\/www.vidasignificativa.org\/wp-content\/uploads\/2021\/06\/IMG_20210622_175848.jpg\" rel=\"noreferrer\" data-rel=\"iLightbox[gallery_image_1]\" class=\"fusion-lightbox\" target=\"_self\"><img decoding=\"async\" src=\"https:\/\/www.vidasignificativa.org\/wp-content\/uploads\/2021\/06\/IMG_20210622_175848.jpg\" width=\"1600\" height=\"900\" alt=\"\" title=\"IMG_20210622_175848\" aria-label=\"IMG_20210622_175848\" class=\"img-responsive wp-image-3473\" srcset=\"https:\/\/www.vidasignificativa.org\/wp-content\/uploads\/2021\/06\/IMG_20210622_175848-200x113.jpg 200w, https:\/\/www.vidasignificativa.org\/wp-content\/uploads\/2021\/06\/IMG_20210622_175848-400x225.jpg 400w, https:\/\/www.vidasignificativa.org\/wp-content\/uploads\/2021\/06\/IMG_20210622_175848-600x338.jpg 600w, https:\/\/www.vidasignificativa.org\/wp-content\/uploads\/2021\/06\/IMG_20210622_175848-800x450.jpg 800w, https:\/\/www.vidasignificativa.org\/wp-content\/uploads\/2021\/06\/IMG_20210622_175848-1200x675.jpg 1200w, https:\/\/www.vidasignificativa.org\/wp-content\/uploads\/2021\/06\/IMG_20210622_175848.jpg 1600w\" sizes=\"(min-width: 2200px) 100vw, (min-width: 960px) 387px, (min-width: 800px) 580px, (min-width: 640px) 800px, \" \/><\/a><\/div><\/div><div style=\"padding:5px;\" class=\"fusion-grid-column fusion-gallery-column fusion-gallery-column-3 hover-type-none\"><div class=\"fusion-gallery-image\"><a href=\"https:\/\/www.vidasignificativa.org\/wp-content\/uploads\/2021\/06\/IMG_20210622_175605-scaled.jpg\" rel=\"noreferrer\" data-rel=\"iLightbox[gallery_image_1]\" class=\"fusion-lightbox\" target=\"_self\"><img decoding=\"async\" src=\"https:\/\/www.vidasignificativa.org\/wp-content\/uploads\/2021\/06\/IMG_20210622_175605-scaled.jpg\" width=\"2560\" height=\"1920\" alt=\"\" title=\"IMG_20210622_175605\" aria-label=\"IMG_20210622_175605\" class=\"img-responsive wp-image-3472\" srcset=\"https:\/\/www.vidasignificativa.org\/wp-content\/uploads\/2021\/06\/IMG_20210622_175605-200x150.jpg 200w, https:\/\/www.vidasignificativa.org\/wp-content\/uploads\/2021\/06\/IMG_20210622_175605-400x300.jpg 400w, https:\/\/www.vidasignificativa.org\/wp-content\/uploads\/2021\/06\/IMG_20210622_175605-600x450.jpg 600w, https:\/\/www.vidasignificativa.org\/wp-content\/uploads\/2021\/06\/IMG_20210622_175605-800x600.jpg 800w, https:\/\/www.vidasignificativa.org\/wp-content\/uploads\/2021\/06\/IMG_20210622_175605-1200x900.jpg 1200w, https:\/\/www.vidasignificativa.org\/wp-content\/uploads\/2021\/06\/IMG_20210622_175605-scaled.jpg 2560w\" sizes=\"(min-width: 2200px) 100vw, (min-width: 960px) 387px, (min-width: 800px) 580px, (min-width: 640px) 800px, \" \/><\/a><\/div><\/div><\/div><\/div><div class=\"fusion-sep-clear\"><\/div><div class=\"fusion-separator fusion-full-width-sep\" style=\"margin-left: auto;margin-right: auto;margin-top:20px;margin-bottom:10px;width:100%;\"><\/div><div class=\"fusion-sep-clear\"><\/div><div class=\"fusion-clearfix\"><\/div><\/div><\/div><\/div><\/div><div class=\"fusion-fullwidth fullwidth-box fusion-builder-row-2 nonhundred-percent-fullwidth non-hundred-percent-height-scrolling\" style=\"--awb-background-position:left top;--awb-border-radius-top-left:0px;--awb-border-radius-top-right:0px;--awb-border-radius-bottom-right:0px;--awb-border-radius-bottom-left:0px;--awb-padding-top:30px;--awb-padding-bottom:150px;--awb-border-sizes-top:0px;--awb-border-sizes-bottom:0px;--awb-flex-wrap:wrap;\" ><div class=\"fusion-builder-row fusion-row\"><div class=\"fusion-layout-column fusion_builder_column fusion-builder-column-1 fusion_builder_column_1_1 1_1 fusion-one-full fusion-column-first fusion-column-last\" style=\"--awb-bg-size:cover;\"><div class=\"fusion-column-wrapper fusion-flex-column-wrapper-legacy\"><div class=\"fusion-sharing-box fusion-sharing-box-1 boxed-icons has-taglines layout-floated layout-medium-floated layout-small-floated\" style=\"background-color:rgba(255,255,255,0);padding:0;--awb-layout:row;--awb-alignment-small:space-between;\" data-title=\"Re-encuentro con l@s ni\u00f1@s del Hogar Sta. Rosal\u00eda\" data-description=\"\u00a1POR FIN NOS VOLVEMOS A VER LAS CARAS! \r\n\r\nEl pasado 12 de junio pudimos re-encontrarnos con lxs ni\u00f1xs del Hogar Santa Rosal\u00eda de Tei\u00e0 (Barcelona) y, de esta forma, volver a activar de una manera m\u00e1s participativa, nuestro proyecto Centros de acogida locales.\" data-link=\"https:\/\/www.vidasignificativa.org\/cat\/re-encuentro-con-ls-nins-del-hogar-sta-rosalia\/\"><h4 class=\"tagline\" style=\"color:#1e1e1e;\">Comparte este art\u00edculo<\/h4><div class=\"fusion-social-networks sharingbox-shortcode-icon-wrapper sharingbox-shortcode-icon-wrapper-1 boxed-icons\"><span><a href=\"https:\/\/www.facebook.com\/sharer.php?u=https%3A%2F%2Fwww.vidasignificativa.org%2Fcat%2Fre-encuentro-con-ls-nins-del-hogar-sta-rosalia%2F&amp;t=Re-encuentro%20con%20l%40s%20ni%C3%B1%40s%20del%20Hogar%20Sta.%20Rosal%C3%ADa\" target=\"_blank\" rel=\"noreferrer\" title=\"Facebook\" aria-label=\"Facebook\" data-placement=\"top\" data-toggle=\"tooltip\" data-title=\"Facebook\"><i class=\"fusion-social-network-icon fusion-tooltip fusion-facebook awb-icon-facebook\" style=\"color:#ffffff;background-color:#3b5998;border-color:#3b5998;border-radius:4px;\" aria-hidden=\"true\"><\/i><\/a><\/span><span><a href=\"https:\/\/twitter.com\/share?text=Re-encuentro%20con%20l%40s%20ni%C3%B1%40s%20del%20Hogar%20Sta.%20Rosal%C3%ADa&amp;url=https%3A%2F%2Fwww.vidasignificativa.org%2Fcat%2Fre-encuentro-con-ls-nins-del-hogar-sta-rosalia%2F\" target=\"_blank\" rel=\"noopener noreferrer\" title=\"X\" aria-label=\"X\" data-placement=\"top\" data-toggle=\"tooltip\" data-title=\"X\"><i class=\"fusion-social-network-icon fusion-tooltip fusion-twitter awb-icon-twitter\" style=\"color:#ffffff;background-color:#000000;border-color:#000000;border-radius:4px;\" aria-hidden=\"true\"><\/i><\/a><\/span><span><a href=\"https:\/\/www.linkedin.com\/shareArticle?mini=true&amp;url=https%3A%2F%2Fwww.vidasignificativa.org%2Fcat%2Fre-encuentro-con-ls-nins-del-hogar-sta-rosalia%2F&amp;title=Re-encuentro%20con%20l%40s%20ni%C3%B1%40s%20del%20Hogar%20Sta.%20Rosal%C3%ADa&amp;summary=%C2%A1POR%20FIN%20NOS%20VOLVEMOS%20A%20VER%20LAS%20CARAS%21%20%20%0D%0A%0D%0AEl%20pasado%2012%20de%20junio%20pudimos%20re-encontrarnos%20con%20lxs%20ni%C3%B1xs%20del%20Hogar%20Santa%20Rosal%C3%ADa%20de%20Tei%C3%A0%20%28Barcelona%29%20y%2C%20de%20esta%20forma%2C%20volver%20a%20activar%20de%20una%20manera%20m%C3%A1s%20participativa%2C%20nuestro%20proyecto%20Centros%20de%20acogida%20locales.\" target=\"_blank\" rel=\"noopener noreferrer\" title=\"LinkedIn\" aria-label=\"LinkedIn\" data-placement=\"top\" data-toggle=\"tooltip\" data-title=\"LinkedIn\"><i class=\"fusion-social-network-icon fusion-tooltip fusion-linkedin awb-icon-linkedin\" style=\"color:#ffffff;background-color:#0077b5;border-color:#0077b5;border-radius:4px;\" aria-hidden=\"true\"><\/i><\/a><\/span><span><a href=\"https:\/\/api.whatsapp.com\/send?text=https%3A%2F%2Fwww.vidasignificativa.org%2Fcat%2Fre-encuentro-con-ls-nins-del-hogar-sta-rosalia%2F\" target=\"_blank\" rel=\"noopener noreferrer\" title=\"WhatsApp\" aria-label=\"WhatsApp\" data-placement=\"top\" data-toggle=\"tooltip\" data-title=\"WhatsApp\"><i class=\"fusion-social-network-icon fusion-tooltip fusion-whatsapp awb-icon-whatsapp\" style=\"color:#ffffff;background-color:#77e878;border-color:#77e878;border-radius:4px;\" aria-hidden=\"true\"><\/i><\/a><\/span><\/div><\/div><div class=\"fusion-clearfix\"><\/div><\/div><\/div><\/div><\/div><\/p>\n","protected":false},"excerpt":{"rendered":"","protected":false},"author":1,"featured_media":3473,"comment_status":"open","ping_status":"closed","sticky":false,"template":"","format":"standard","meta":{"give_campaign_id":0,"footnotes":""},"categories":[98],"tags":[39,40,38,63],"yoast_head":"<!-- This site is optimized with the Yoast SEO plugin v24.0 - https:\/\/yoast.com\/wordpress\/plugins\/seo\/ -->\n<title>Re-encuentro con l@s ni\u00f1@s del Hogar Sta. Rosal\u00eda - Vida Significativa<\/title>\n<meta name=\"description\" content=\"El pasado 12 de junio pudimos re-encontrarnos con lxs ni\u00f1xs del Hogar Santa Rosal\u00eda de Tei\u00e0 (Barcelona).\" \/>\n<meta name=\"robots\" content=\"index, follow, max-snippet:-1, max-image-preview:large, max-video-preview:-1\" \/>\n<link rel=\"canonical\" href=\"https:\/\/www.vidasignificativa.org\/cat\/re-encuentro-con-ls-nins-del-hogar-sta-rosalia\/\" \/>\n<meta property=\"og:locale\" content=\"ca_ES\" \/>\n<meta property=\"og:type\" content=\"article\" \/>\n<meta property=\"og:title\" content=\"Re-encuentro con l@s ni\u00f1@s del Hogar Sta. Rosal\u00eda - Vida Significativa\" \/>\n<meta property=\"og:description\" content=\"El pasado 12 de junio pudimos re-encontrarnos con lxs ni\u00f1xs del Hogar Santa Rosal\u00eda de Tei\u00e0 (Barcelona).\" \/>\n<meta property=\"og:url\" content=\"https:\/\/www.vidasignificativa.org\/cat\/re-encuentro-con-ls-nins-del-hogar-sta-rosalia\/\" \/>\n<meta property=\"og:site_name\" content=\"Vida Significativa\" \/>\n<meta property=\"article:published_time\" content=\"2021-06-23T16:23:35+00:00\" \/>\n<meta property=\"article:modified_time\" content=\"2021-06-25T16:43:15+00:00\" \/>\n<meta property=\"og:image\" content=\"https:\/\/www.vidasignificativa.org\/wp-content\/uploads\/2021\/06\/IMG_20210622_175848.jpg\" \/>\n\t<meta property=\"og:image:width\" content=\"1600\" \/>\n\t<meta property=\"og:image:height\" content=\"900\" \/>\n\t<meta property=\"og:image:type\" content=\"image\/jpeg\" \/>\n<meta name=\"author\" content=\"vidasignificativa\" \/>\n<meta name=\"twitter:card\" content=\"summary_large_image\" \/>\n<meta name=\"twitter:label1\" content=\"Escrit per\" \/>\n\t<meta name=\"twitter:data1\" content=\"vidasignificativa\" \/>\n\t<meta name=\"twitter:label2\" content=\"Temps estimat de lectura\" \/>\n\t<meta name=\"twitter:data2\" content=\"3 minuts\" \/>\n<script type=\"application\/ld+json\" class=\"yoast-schema-graph\">{\"@context\":\"https:\/\/schema.org\",\"@graph\":[{\"@type\":\"Article\",\"@id\":\"https:\/\/www.vidasignificativa.org\/re-encuentro-con-ls-nins-del-hogar-sta-rosalia\/#article\",\"isPartOf\":{\"@id\":\"https:\/\/www.vidasignificativa.org\/re-encuentro-con-ls-nins-del-hogar-sta-rosalia\/\"},\"author\":{\"name\":\"vidasignificativa\",\"@id\":\"https:\/\/www.vidasignificativa.org\/#\/schema\/person\/a44966fcddbd5126c638240188e9c27e\"},\"headline\":\"Re-encuentro con l@s ni\u00f1@s del Hogar Sta. Rosal\u00eda\",\"datePublished\":\"2021-06-23T16:23:35+00:00\",\"dateModified\":\"2021-06-25T16:43:15+00:00\",\"mainEntityOfPage\":{\"@id\":\"https:\/\/www.vidasignificativa.org\/re-encuentro-con-ls-nins-del-hogar-sta-rosalia\/\"},\"wordCount\":716,\"commentCount\":0,\"publisher\":{\"@id\":\"https:\/\/www.vidasignificativa.org\/#organization\"},\"image\":{\"@id\":\"https:\/\/www.vidasignificativa.org\/re-encuentro-con-ls-nins-del-hogar-sta-rosalia\/#primaryimage\"},\"thumbnailUrl\":\"https:\/\/www.vidasignificativa.org\/wp-content\/uploads\/2021\/06\/IMG_20210622_175848.jpg\",\"keywords\":[\"Altruismo\",\"Solidaridad\",\"Voluntariado\",\"Vulnerabilidad\"],\"articleSection\":[\"Noticias\"],\"inLanguage\":\"ca\",\"potentialAction\":[{\"@type\":\"CommentAction\",\"name\":\"Comment\",\"target\":[\"https:\/\/www.vidasignificativa.org\/re-encuentro-con-ls-nins-del-hogar-sta-rosalia\/#respond\"]}]},{\"@type\":\"WebPage\",\"@id\":\"https:\/\/www.vidasignificativa.org\/re-encuentro-con-ls-nins-del-hogar-sta-rosalia\/\",\"url\":\"https:\/\/www.vidasignificativa.org\/re-encuentro-con-ls-nins-del-hogar-sta-rosalia\/\",\"name\":\"Re-encuentro con l@s ni\u00f1@s del Hogar Sta. Rosal\u00eda - Vida Significativa\",\"isPartOf\":{\"@id\":\"https:\/\/www.vidasignificativa.org\/#website\"},\"primaryImageOfPage\":{\"@id\":\"https:\/\/www.vidasignificativa.org\/re-encuentro-con-ls-nins-del-hogar-sta-rosalia\/#primaryimage\"},\"image\":{\"@id\":\"https:\/\/www.vidasignificativa.org\/re-encuentro-con-ls-nins-del-hogar-sta-rosalia\/#primaryimage\"},\"thumbnailUrl\":\"https:\/\/www.vidasignificativa.org\/wp-content\/uploads\/2021\/06\/IMG_20210622_175848.jpg\",\"datePublished\":\"2021-06-23T16:23:35+00:00\",\"dateModified\":\"2021-06-25T16:43:15+00:00\",\"description\":\"El pasado 12 de junio pudimos re-encontrarnos con lxs ni\u00f1xs del Hogar Santa Rosal\u00eda de Tei\u00e0 (Barcelona).\",\"breadcrumb\":{\"@id\":\"https:\/\/www.vidasignificativa.org\/re-encuentro-con-ls-nins-del-hogar-sta-rosalia\/#breadcrumb\"},\"inLanguage\":\"ca\",\"potentialAction\":[{\"@type\":\"ReadAction\",\"target\":[\"https:\/\/www.vidasignificativa.org\/re-encuentro-con-ls-nins-del-hogar-sta-rosalia\/\"]}]},{\"@type\":\"ImageObject\",\"inLanguage\":\"ca\",\"@id\":\"https:\/\/www.vidasignificativa.org\/re-encuentro-con-ls-nins-del-hogar-sta-rosalia\/#primaryimage\",\"url\":\"https:\/\/www.vidasignificativa.org\/wp-content\/uploads\/2021\/06\/IMG_20210622_175848.jpg\",\"contentUrl\":\"https:\/\/www.vidasignificativa.org\/wp-content\/uploads\/2021\/06\/IMG_20210622_175848.jpg\",\"width\":1600,\"height\":900},{\"@type\":\"BreadcrumbList\",\"@id\":\"https:\/\/www.vidasignificativa.org\/re-encuentro-con-ls-nins-del-hogar-sta-rosalia\/#breadcrumb\",\"itemListElement\":[{\"@type\":\"ListItem\",\"position\":1,\"name\":\"Portada\",\"item\":\"https:\/\/www.vidasignificativa.org\/\"},{\"@type\":\"ListItem\",\"position\":2,\"name\":\"Re-encuentro con l@s ni\u00f1@s del Hogar Sta. Rosal\u00eda\"}]},{\"@type\":\"WebSite\",\"@id\":\"https:\/\/www.vidasignificativa.org\/#website\",\"url\":\"https:\/\/www.vidasignificativa.org\/\",\"name\":\"Vida Significativa\",\"description\":\"ONG\",\"publisher\":{\"@id\":\"https:\/\/www.vidasignificativa.org\/#organization\"},\"potentialAction\":[{\"@type\":\"SearchAction\",\"target\":{\"@type\":\"EntryPoint\",\"urlTemplate\":\"https:\/\/www.vidasignificativa.org\/?s={search_term_string}\"},\"query-input\":{\"@type\":\"PropertyValueSpecification\",\"valueRequired\":true,\"valueName\":\"search_term_string\"}}],\"inLanguage\":\"ca\"},{\"@type\":\"Organization\",\"@id\":\"https:\/\/www.vidasignificativa.org\/#organization\",\"name\":\"Vida Significativa\",\"url\":\"https:\/\/www.vidasignificativa.org\/\",\"logo\":{\"@type\":\"ImageObject\",\"inLanguage\":\"ca\",\"@id\":\"https:\/\/www.vidasignificativa.org\/#\/schema\/logo\/image\/\",\"url\":\"https:\/\/www.vidasignificativa.org\/wp-content\/uploads\/2024\/01\/vida-sginificativa-logo-700x700-1.jpg\",\"contentUrl\":\"https:\/\/www.vidasignificativa.org\/wp-content\/uploads\/2024\/01\/vida-sginificativa-logo-700x700-1.jpg\",\"width\":700,\"height\":700,\"caption\":\"Vida Significativa\"},\"image\":{\"@id\":\"https:\/\/www.vidasignificativa.org\/#\/schema\/logo\/image\/\"}},{\"@type\":\"Person\",\"@id\":\"https:\/\/www.vidasignificativa.org\/#\/schema\/person\/a44966fcddbd5126c638240188e9c27e\",\"name\":\"vidasignificativa\"}]}<\/script>\n<!-- \/ Yoast SEO plugin. -->","yoast_head_json":{"title":"Re-encuentro con l@s ni\u00f1@s del Hogar Sta. Rosal\u00eda - Vida Significativa","description":"El pasado 12 de junio pudimos re-encontrarnos con lxs ni\u00f1xs del Hogar Santa Rosal\u00eda de Tei\u00e0 (Barcelona).","robots":{"index":"index","follow":"follow","max-snippet":"max-snippet:-1","max-image-preview":"max-image-preview:large","max-video-preview":"max-video-preview:-1"},"canonical":"https:\/\/www.vidasignificativa.org\/cat\/re-encuentro-con-ls-nins-del-hogar-sta-rosalia\/","og_locale":"ca_ES","og_type":"article","og_title":"Re-encuentro con l@s ni\u00f1@s del Hogar Sta. Rosal\u00eda - Vida Significativa","og_description":"El pasado 12 de junio pudimos re-encontrarnos con lxs ni\u00f1xs del Hogar Santa Rosal\u00eda de Tei\u00e0 (Barcelona).","og_url":"https:\/\/www.vidasignificativa.org\/cat\/re-encuentro-con-ls-nins-del-hogar-sta-rosalia\/","og_site_name":"Vida Significativa","article_published_time":"2021-06-23T16:23:35+00:00","article_modified_time":"2021-06-25T16:43:15+00:00","og_image":[{"width":1600,"height":900,"url":"https:\/\/www.vidasignificativa.org\/wp-content\/uploads\/2021\/06\/IMG_20210622_175848.jpg","type":"image\/jpeg"}],"author":"vidasignificativa","twitter_card":"summary_large_image","twitter_misc":{"Escrit per":"vidasignificativa","Temps estimat de lectura":"3 minuts"},"schema":{"@context":"https:\/\/schema.org","@graph":[{"@type":"Article","@id":"https:\/\/www.vidasignificativa.org\/re-encuentro-con-ls-nins-del-hogar-sta-rosalia\/#article","isPartOf":{"@id":"https:\/\/www.vidasignificativa.org\/re-encuentro-con-ls-nins-del-hogar-sta-rosalia\/"},"author":{"name":"vidasignificativa","@id":"https:\/\/www.vidasignificativa.org\/#\/schema\/person\/a44966fcddbd5126c638240188e9c27e"},"headline":"Re-encuentro con l@s ni\u00f1@s del Hogar Sta. Rosal\u00eda","datePublished":"2021-06-23T16:23:35+00:00","dateModified":"2021-06-25T16:43:15+00:00","mainEntityOfPage":{"@id":"https:\/\/www.vidasignificativa.org\/re-encuentro-con-ls-nins-del-hogar-sta-rosalia\/"},"wordCount":716,"commentCount":0,"publisher":{"@id":"https:\/\/www.vidasignificativa.org\/#organization"},"image":{"@id":"https:\/\/www.vidasignificativa.org\/re-encuentro-con-ls-nins-del-hogar-sta-rosalia\/#primaryimage"},"thumbnailUrl":"https:\/\/www.vidasignificativa.org\/wp-content\/uploads\/2021\/06\/IMG_20210622_175848.jpg","keywords":["Altruismo","Solidaridad","Voluntariado","Vulnerabilidad"],"articleSection":["Noticias"],"inLanguage":"ca","potentialAction":[{"@type":"CommentAction","name":"Comment","target":["https:\/\/www.vidasignificativa.org\/re-encuentro-con-ls-nins-del-hogar-sta-rosalia\/#respond"]}]},{"@type":"WebPage","@id":"https:\/\/www.vidasignificativa.org\/re-encuentro-con-ls-nins-del-hogar-sta-rosalia\/","url":"https:\/\/www.vidasignificativa.org\/re-encuentro-con-ls-nins-del-hogar-sta-rosalia\/","name":"Re-encuentro con l@s ni\u00f1@s del Hogar Sta. Rosal\u00eda - Vida Significativa","isPartOf":{"@id":"https:\/\/www.vidasignificativa.org\/#website"},"primaryImageOfPage":{"@id":"https:\/\/www.vidasignificativa.org\/re-encuentro-con-ls-nins-del-hogar-sta-rosalia\/#primaryimage"},"image":{"@id":"https:\/\/www.vidasignificativa.org\/re-encuentro-con-ls-nins-del-hogar-sta-rosalia\/#primaryimage"},"thumbnailUrl":"https:\/\/www.vidasignificativa.org\/wp-content\/uploads\/2021\/06\/IMG_20210622_175848.jpg","datePublished":"2021-06-23T16:23:35+00:00","dateModified":"2021-06-25T16:43:15+00:00","description":"El pasado 12 de junio pudimos re-encontrarnos con lxs ni\u00f1xs del Hogar Santa Rosal\u00eda de Tei\u00e0 (Barcelona).","breadcrumb":{"@id":"https:\/\/www.vidasignificativa.org\/re-encuentro-con-ls-nins-del-hogar-sta-rosalia\/#breadcrumb"},"inLanguage":"ca","potentialAction":[{"@type":"ReadAction","target":["https:\/\/www.vidasignificativa.org\/re-encuentro-con-ls-nins-del-hogar-sta-rosalia\/"]}]},{"@type":"ImageObject","inLanguage":"ca","@id":"https:\/\/www.vidasignificativa.org\/re-encuentro-con-ls-nins-del-hogar-sta-rosalia\/#primaryimage","url":"https:\/\/www.vidasignificativa.org\/wp-content\/uploads\/2021\/06\/IMG_20210622_175848.jpg","contentUrl":"https:\/\/www.vidasignificativa.org\/wp-content\/uploads\/2021\/06\/IMG_20210622_175848.jpg","width":1600,"height":900},{"@type":"BreadcrumbList","@id":"https:\/\/www.vidasignificativa.org\/re-encuentro-con-ls-nins-del-hogar-sta-rosalia\/#breadcrumb","itemListElement":[{"@type":"ListItem","position":1,"name":"Portada","item":"https:\/\/www.vidasignificativa.org\/"},{"@type":"ListItem","position":2,"name":"Re-encuentro con l@s ni\u00f1@s del Hogar Sta. Rosal\u00eda"}]},{"@type":"WebSite","@id":"https:\/\/www.vidasignificativa.org\/#website","url":"https:\/\/www.vidasignificativa.org\/","name":"Vida Significativa","description":"ONG","publisher":{"@id":"https:\/\/www.vidasignificativa.org\/#organization"},"potentialAction":[{"@type":"SearchAction","target":{"@type":"EntryPoint","urlTemplate":"https:\/\/www.vidasignificativa.org\/?s={search_term_string}"},"query-input":{"@type":"PropertyValueSpecification","valueRequired":true,"valueName":"search_term_string"}}],"inLanguage":"ca"},{"@type":"Organization","@id":"https:\/\/www.vidasignificativa.org\/#organization","name":"Vida Significativa","url":"https:\/\/www.vidasignificativa.org\/","logo":{"@type":"ImageObject","inLanguage":"ca","@id":"https:\/\/www.vidasignificativa.org\/#\/schema\/logo\/image\/","url":"https:\/\/www.vidasignificativa.org\/wp-content\/uploads\/2024\/01\/vida-sginificativa-logo-700x700-1.jpg","contentUrl":"https:\/\/www.vidasignificativa.org\/wp-content\/uploads\/2024\/01\/vida-sginificativa-logo-700x700-1.jpg","width":700,"height":700,"caption":"Vida Significativa"},"image":{"@id":"https:\/\/www.vidasignificativa.org\/#\/schema\/logo\/image\/"}},{"@type":"Person","@id":"https:\/\/www.vidasignificativa.org\/#\/schema\/person\/a44966fcddbd5126c638240188e9c27e","name":"vidasignificativa"}]}},"_links":{"self":[{"href":"https:\/\/www.vidasignificativa.org\/cat\/wp-json\/wp\/v2\/posts\/3470"}],"collection":[{"href":"https:\/\/www.vidasignificativa.org\/cat\/wp-json\/wp\/v2\/posts"}],"about":[{"href":"https:\/\/www.vidasignificativa.org\/cat\/wp-json\/wp\/v2\/types\/post"}],"author":[{"embeddable":true,"href":"https:\/\/www.vidasignificativa.org\/cat\/wp-json\/wp\/v2\/users\/1"}],"replies":[{"embeddable":true,"href":"https:\/\/www.vidasignificativa.org\/cat\/wp-json\/wp\/v2\/comments?post=3470"}],"version-history":[{"count":0,"href":"https:\/\/www.vidasignificativa.org\/cat\/wp-json\/wp\/v2\/posts\/3470\/revisions"}],"wp:featuredmedia":[{"embeddable":true,"href":"https:\/\/www.vidasignificativa.org\/cat\/wp-json\/wp\/v2\/media\/3473"}],"wp:attachment":[{"href":"https:\/\/www.vidasignificativa.org\/cat\/wp-json\/wp\/v2\/media?parent=3470"}],"wp:term":[{"taxonomy":"category","embeddable":true,"href":"https:\/\/www.vidasignificativa.org\/cat\/wp-json\/wp\/v2\/categories?post=3470"},{"taxonomy":"post_tag","embeddable":true,"href":"https:\/\/www.vidasignificativa.org\/cat\/wp-json\/wp\/v2\/tags?post=3470"}],"curies":[{"name":"wp","href":"https:\/\/api.w.org\/{rel}","templated":true}]}}