{"id":3435,"date":"2021-05-21T09:18:32","date_gmt":"2021-05-21T08:18:32","guid":{"rendered":"https:\/\/www.vidasignificativa.org\/?p=3435"},"modified":"2021-05-28T09:31:02","modified_gmt":"2021-05-28T08:31:02","slug":"concierto-solidario-veus-evohe","status":"publish","type":"post","link":"https:\/\/www.vidasignificativa.org\/cat\/concierto-solidario-veus-evohe\/","title":{"rendered":"Concert Solidari Veus Evoh\u00e8"},"content":{"rendered":"<p><div class=\"fusion-fullwidth fullwidth-box fusion-builder-row-1 nonhundred-percent-fullwidth non-hundred-percent-height-scrolling\" style=\"--awb-background-position:left top;--awb-border-radius-top-left:0px;--awb-border-radius-top-right:0px;--awb-border-radius-bottom-right:0px;--awb-border-radius-bottom-left:0px;--awb-padding-top:20px;--awb-padding-bottom:20px;--awb-border-sizes-top:0px;--awb-border-sizes-bottom:0px;--awb-flex-wrap:wrap;\" ><div class=\"fusion-builder-row fusion-row\"><div class=\"fusion-layout-column fusion_builder_column fusion-builder-column-0 fusion_builder_column_1_1 1_1 fusion-one-full fusion-column-first fusion-column-last\" style=\"--awb-bg-size:cover;\"><div class=\"fusion-column-wrapper fusion-flex-column-wrapper-legacy\"><div class=\"fusion-sep-clear\"><\/div><div class=\"fusion-separator fusion-full-width-sep\" style=\"margin-left: auto;margin-right: auto;margin-top:5px;width:100%;\"><\/div><div class=\"fusion-sep-clear\"><\/div><div class=\"fusion-text fusion-text-1\"><h3>\u00abVET AQU\u00cd UN COR&#8230;\u00bb<\/h3>\n<\/div><div class=\"fusion-sep-clear\"><\/div><div class=\"fusion-separator fusion-clearfix\" style=\"float:left;margin-top:0px;margin-bottom:30px;width:100%;max-width:200px;\"><div class=\"fusion-separator-border sep-single sep-solid\" style=\"--awb-height:20px;--awb-amount:20px;--awb-sep-color:#fec96b;border-color:#fec96b;border-top-width:3px;\"><\/div><\/div><div class=\"fusion-sep-clear\"><\/div><div class=\"fusion-text fusion-text-2\"><p>El s\u00e1bado 12 de junio podremos disfrutar de un fant\u00e1stico concierto\/espect\u00e1culo a cargo de la coral <a class=\"notranslate\" tabindex=\"0\" href=\"https:\/\/www.instagram.com\/veusevohe\/\">@veusevohe<\/a>\u00a0que, en esta ocasi\u00f3n, colaborar\u00e1n con Vida Significativa donando el 10% de los beneficios obtenidos.<\/p>\n<p>Donaci\u00f3n que destinaremos a nuestros proyectos activos que necesitan m\u00e1s financiaci\u00f3n. Entre ellos, el de \u00abAlimentos frescos\u00bb para familias con menores y personas mayores en situaci\u00f3 de vulnerabilidad, \u00abApadrinamiento escolar\u00bb y \u00abCasas de Acogida\u00bb infantiles.<\/p>\n<p>Si quieres disfrutar del concierto y a la vez colaborar con nuestros proyectos solidarios puedes comprar tus entradas <a href=\"https:\/\/www.entrapolis.com\/entradas\/vet-aqui-un-cor\/14553\">aqu\u00ed<\/a>.<\/p>\n<p>El concierto es el s\u00e1bado 12 de junio, a las 19h, en el Auditori Municipal de Terrassa. Entradas: 10 euros.<\/p>\n<p>Gracias.<\/p>\n<\/div><div class=\"fusion-sep-clear\"><\/div><div class=\"fusion-separator fusion-full-width-sep\" style=\"margin-left: auto;margin-right: auto;margin-top:5px;width:100%;\"><\/div><div class=\"fusion-sep-clear\"><\/div><div class=\"fusion-image-element in-legacy-container\" style=\"--awb-caption-title-font-family:var(--h2_typography-font-family);--awb-caption-title-font-weight:var(--h2_typography-font-weight);--awb-caption-title-font-style:var(--h2_typography-font-style);--awb-caption-title-size:var(--h2_typography-font-size);--awb-caption-title-transform:var(--h2_typography-text-transform);--awb-caption-title-line-height:var(--h2_typography-line-height);--awb-caption-title-letter-spacing:var(--h2_typography-letter-spacing);\"><span class=\"fusion-imageframe imageframe-none imageframe-1 hover-type-none\"><img decoding=\"async\" width=\"600\" height=\"719\" title=\"Veus Evoh\u00e8 Petita\" src=\"https:\/\/www.vidasignificativa.org\/wp-content\/uploads\/2021\/05\/Veus-Evohe-Petita.jpg\" alt class=\"img-responsive wp-image-3437\" srcset=\"https:\/\/www.vidasignificativa.org\/wp-content\/uploads\/2021\/05\/Veus-Evohe-Petita-200x240.jpg 200w, https:\/\/www.vidasignificativa.org\/wp-content\/uploads\/2021\/05\/Veus-Evohe-Petita-400x479.jpg 400w, https:\/\/www.vidasignificativa.org\/wp-content\/uploads\/2021\/05\/Veus-Evohe-Petita.jpg 600w\" sizes=\"(max-width: 1024px) 100vw, 600px\" \/><\/span><\/div><div class=\"fusion-sep-clear\"><\/div><div class=\"fusion-separator fusion-full-width-sep\" style=\"margin-left: auto;margin-right: auto;margin-top:20px;margin-bottom:10px;width:100%;\"><\/div><div class=\"fusion-sep-clear\"><\/div><div class=\"fusion-clearfix\"><\/div><\/div><\/div><\/div><\/div><div class=\"fusion-fullwidth fullwidth-box fusion-builder-row-2 nonhundred-percent-fullwidth non-hundred-percent-height-scrolling\" style=\"--awb-background-position:left top;--awb-border-radius-top-left:0px;--awb-border-radius-top-right:0px;--awb-border-radius-bottom-right:0px;--awb-border-radius-bottom-left:0px;--awb-padding-top:30px;--awb-padding-bottom:150px;--awb-border-sizes-top:0px;--awb-border-sizes-bottom:0px;--awb-flex-wrap:wrap;\" ><div class=\"fusion-builder-row fusion-row\"><div class=\"fusion-layout-column fusion_builder_column fusion-builder-column-1 fusion_builder_column_1_1 1_1 fusion-one-full fusion-column-first fusion-column-last\" style=\"--awb-bg-size:cover;\"><div class=\"fusion-column-wrapper fusion-flex-column-wrapper-legacy\"><div class=\"fusion-sharing-box fusion-sharing-box-1 boxed-icons has-taglines layout-floated layout-medium-floated layout-small-floated\" style=\"background-color:rgba(255,255,255,0);padding:0;--awb-layout:row;--awb-alignment-small:space-between;\" data-title=\"Concierto Solidario Veus Evoh\u00e8\" data-description=\"&quot;VET AQU\u00cd UN COR...&quot; El s\u00e1bado 12 de junio podremos disfrutar de un fant\u00e1stico concierto\/espect\u00e1culo a cargo de la coral @veusevohe\u00a0que, en esta ocasi\u00f3n, colaborar\u00e1n con Vida Significativa donando el 10% de los beneficios obtenidos.Donaci\u00f3n que destinaremos a nuestros proyectos activos que necesitan m\u00e1s financiaci\u00f3n. Entre ellos, el de &quot;Alimentos\" data-link=\"https:\/\/www.vidasignificativa.org\/cat\/concierto-solidario-veus-evohe\/\"><h4 class=\"tagline\" style=\"color:#1e1e1e;\">Comparteix aquest article<\/h4><div class=\"fusion-social-networks sharingbox-shortcode-icon-wrapper sharingbox-shortcode-icon-wrapper-1 boxed-icons\"><span><a href=\"https:\/\/www.facebook.com\/sharer.php?u=https%3A%2F%2Fwww.vidasignificativa.org%2Fcat%2Fconcierto-solidario-veus-evohe%2F&amp;t=Concierto%20Solidario%20Veus%20Evoh%C3%A8\" target=\"_blank\" rel=\"noreferrer\" title=\"Facebook\" aria-label=\"Facebook\" data-placement=\"top\" data-toggle=\"tooltip\" data-title=\"Facebook\"><i class=\"fusion-social-network-icon fusion-tooltip fusion-facebook awb-icon-facebook\" style=\"color:#ffffff;background-color:#3b5998;border-color:#3b5998;border-radius:4px;\" aria-hidden=\"true\"><\/i><\/a><\/span><span><a href=\"https:\/\/twitter.com\/share?text=Concierto%20Solidario%20Veus%20Evoh%C3%A8&amp;url=https%3A%2F%2Fwww.vidasignificativa.org%2Fcat%2Fconcierto-solidario-veus-evohe%2F\" target=\"_blank\" rel=\"noopener noreferrer\" title=\"X\" aria-label=\"X\" data-placement=\"top\" data-toggle=\"tooltip\" data-title=\"X\"><i class=\"fusion-social-network-icon fusion-tooltip fusion-twitter awb-icon-twitter\" style=\"color:#ffffff;background-color:#000000;border-color:#000000;border-radius:4px;\" aria-hidden=\"true\"><\/i><\/a><\/span><span><a href=\"https:\/\/www.linkedin.com\/shareArticle?mini=true&amp;url=https%3A%2F%2Fwww.vidasignificativa.org%2Fcat%2Fconcierto-solidario-veus-evohe%2F&amp;title=Concierto%20Solidario%20Veus%20Evoh%C3%A8&amp;summary=%26quot%3BVET%20AQU%C3%8D%20UN%20COR...%26quot%3B%20%20%0D%0A%0D%0AEl%20s%C3%A1bado%2012%20de%20junio%20podremos%20disfrutar%20de%20un%20fant%C3%A1stico%20concierto%2Fespect%C3%A1culo%20a%20cargo%20de%20la%20coral%20%40veusevohe%C2%A0que%2C%20en%20esta%20ocasi%C3%B3n%2C%20colaborar%C3%A1n%20con%20Vida%20Significativa%20donando%20el%2010%25%20de%20los%20beneficios%20obtenidos.%0D%0A%0D%0ADonaci%C3%B3n%20que%20destinaremos%20a%20nuestros%20proyectos%20activos%20que%20necesitan%20m%C3%A1s%20financiaci%C3%B3n.%20Entre%20ellos%2C%20el%20de%20%26quot%3BAlimentos\" target=\"_blank\" rel=\"noopener noreferrer\" title=\"LinkedIn\" aria-label=\"LinkedIn\" data-placement=\"top\" data-toggle=\"tooltip\" data-title=\"LinkedIn\"><i class=\"fusion-social-network-icon fusion-tooltip fusion-linkedin awb-icon-linkedin\" style=\"color:#ffffff;background-color:#0077b5;border-color:#0077b5;border-radius:4px;\" aria-hidden=\"true\"><\/i><\/a><\/span><span><a href=\"https:\/\/api.whatsapp.com\/send?text=https%3A%2F%2Fwww.vidasignificativa.org%2Fcat%2Fconcierto-solidario-veus-evohe%2F\" target=\"_blank\" rel=\"noopener noreferrer\" title=\"WhatsApp\" aria-label=\"WhatsApp\" data-placement=\"top\" data-toggle=\"tooltip\" data-title=\"WhatsApp\"><i class=\"fusion-social-network-icon fusion-tooltip fusion-whatsapp awb-icon-whatsapp\" style=\"color:#ffffff;background-color:#77e878;border-color:#77e878;border-radius:4px;\" aria-hidden=\"true\"><\/i><\/a><\/span><\/div><\/div><div class=\"fusion-clearfix\"><\/div><\/div><\/div><\/div><\/div><\/p>","protected":false},"excerpt":{"rendered":"","protected":false},"author":1,"featured_media":3437,"comment_status":"open","ping_status":"closed","sticky":false,"template":"","format":"standard","meta":{"give_campaign_id":0,"footnotes":""},"categories":[98],"tags":[39,40,38,63],"yoast_head":"<!-- This site is optimized with the Yoast SEO plugin v24.0 - https:\/\/yoast.com\/wordpress\/plugins\/seo\/ -->\n<title>Concierto Solidario Veus Evoh\u00e8 - Vida Significativa<\/title>\n<meta name=\"description\" content=\"Concierto Soldario de la coral Veus d&#039;Evoh\u00e8 en Terrassa.\" \/>\n<meta name=\"robots\" content=\"index, follow, max-snippet:-1, max-image-preview:large, max-video-preview:-1\" \/>\n<link rel=\"canonical\" href=\"https:\/\/www.vidasignificativa.org\/cat\/concierto-solidario-veus-evohe\/\" \/>\n<meta property=\"og:locale\" content=\"ca_ES\" \/>\n<meta property=\"og:type\" content=\"article\" \/>\n<meta property=\"og:title\" content=\"Concierto Solidario Veus Evoh\u00e8 - Vida Significativa\" \/>\n<meta property=\"og:description\" content=\"Concierto Soldario de la coral Veus d&#039;Evoh\u00e8 en Terrassa.\" \/>\n<meta property=\"og:url\" content=\"https:\/\/www.vidasignificativa.org\/cat\/concierto-solidario-veus-evohe\/\" \/>\n<meta property=\"og:site_name\" content=\"Vida Significativa\" \/>\n<meta property=\"article:published_time\" content=\"2021-05-21T08:18:32+00:00\" \/>\n<meta property=\"article:modified_time\" content=\"2021-05-28T08:31:02+00:00\" \/>\n<meta property=\"og:image\" content=\"https:\/\/www.vidasignificativa.org\/wp-content\/uploads\/2021\/05\/Veus-Evohe-Petita.jpg\" \/>\n\t<meta property=\"og:image:width\" content=\"600\" \/>\n\t<meta property=\"og:image:height\" content=\"719\" \/>\n\t<meta property=\"og:image:type\" content=\"image\/jpeg\" \/>\n<meta name=\"author\" content=\"vidasignificativa\" \/>\n<meta name=\"twitter:card\" content=\"summary_large_image\" \/>\n<meta name=\"twitter:label1\" content=\"Escrit per\" \/>\n\t<meta name=\"twitter:data1\" content=\"vidasignificativa\" \/>\n\t<meta name=\"twitter:label2\" content=\"Temps estimat de lectura\" \/>\n\t<meta name=\"twitter:data2\" content=\"3 minuts\" \/>\n<script type=\"application\/ld+json\" class=\"yoast-schema-graph\">{\"@context\":\"https:\/\/schema.org\",\"@graph\":[{\"@type\":\"Article\",\"@id\":\"https:\/\/www.vidasignificativa.org\/concierto-solidario-veus-evohe\/#article\",\"isPartOf\":{\"@id\":\"https:\/\/www.vidasignificativa.org\/concierto-solidario-veus-evohe\/\"},\"author\":{\"name\":\"vidasignificativa\",\"@id\":\"https:\/\/www.vidasignificativa.org\/#\/schema\/person\/a44966fcddbd5126c638240188e9c27e\"},\"headline\":\"Concierto Solidario Veus Evoh\u00e8\",\"datePublished\":\"2021-05-21T08:18:32+00:00\",\"dateModified\":\"2021-05-28T08:31:02+00:00\",\"mainEntityOfPage\":{\"@id\":\"https:\/\/www.vidasignificativa.org\/concierto-solidario-veus-evohe\/\"},\"wordCount\":665,\"commentCount\":0,\"publisher\":{\"@id\":\"https:\/\/www.vidasignificativa.org\/#organization\"},\"image\":{\"@id\":\"https:\/\/www.vidasignificativa.org\/concierto-solidario-veus-evohe\/#primaryimage\"},\"thumbnailUrl\":\"https:\/\/www.vidasignificativa.org\/wp-content\/uploads\/2021\/05\/Veus-Evohe-Petita.jpg\",\"keywords\":[\"Altruismo\",\"Solidaridad\",\"Voluntariado\",\"Vulnerabilidad\"],\"articleSection\":[\"Noticias\"],\"inLanguage\":\"ca\",\"potentialAction\":[{\"@type\":\"CommentAction\",\"name\":\"Comment\",\"target\":[\"https:\/\/www.vidasignificativa.org\/concierto-solidario-veus-evohe\/#respond\"]}]},{\"@type\":\"WebPage\",\"@id\":\"https:\/\/www.vidasignificativa.org\/concierto-solidario-veus-evohe\/\",\"url\":\"https:\/\/www.vidasignificativa.org\/concierto-solidario-veus-evohe\/\",\"name\":\"Concierto Solidario Veus Evoh\u00e8 - Vida Significativa\",\"isPartOf\":{\"@id\":\"https:\/\/www.vidasignificativa.org\/#website\"},\"primaryImageOfPage\":{\"@id\":\"https:\/\/www.vidasignificativa.org\/concierto-solidario-veus-evohe\/#primaryimage\"},\"image\":{\"@id\":\"https:\/\/www.vidasignificativa.org\/concierto-solidario-veus-evohe\/#primaryimage\"},\"thumbnailUrl\":\"https:\/\/www.vidasignificativa.org\/wp-content\/uploads\/2021\/05\/Veus-Evohe-Petita.jpg\",\"datePublished\":\"2021-05-21T08:18:32+00:00\",\"dateModified\":\"2021-05-28T08:31:02+00:00\",\"description\":\"Concierto Soldario de la coral Veus d'Evoh\u00e8 en Terrassa.\",\"breadcrumb\":{\"@id\":\"https:\/\/www.vidasignificativa.org\/concierto-solidario-veus-evohe\/#breadcrumb\"},\"inLanguage\":\"ca\",\"potentialAction\":[{\"@type\":\"ReadAction\",\"target\":[\"https:\/\/www.vidasignificativa.org\/concierto-solidario-veus-evohe\/\"]}]},{\"@type\":\"ImageObject\",\"inLanguage\":\"ca\",\"@id\":\"https:\/\/www.vidasignificativa.org\/concierto-solidario-veus-evohe\/#primaryimage\",\"url\":\"https:\/\/www.vidasignificativa.org\/wp-content\/uploads\/2021\/05\/Veus-Evohe-Petita.jpg\",\"contentUrl\":\"https:\/\/www.vidasignificativa.org\/wp-content\/uploads\/2021\/05\/Veus-Evohe-Petita.jpg\",\"width\":600,\"height\":719},{\"@type\":\"BreadcrumbList\",\"@id\":\"https:\/\/www.vidasignificativa.org\/concierto-solidario-veus-evohe\/#breadcrumb\",\"itemListElement\":[{\"@type\":\"ListItem\",\"position\":1,\"name\":\"Portada\",\"item\":\"https:\/\/www.vidasignificativa.org\/\"},{\"@type\":\"ListItem\",\"position\":2,\"name\":\"Concierto Solidario Veus Evoh\u00e8\"}]},{\"@type\":\"WebSite\",\"@id\":\"https:\/\/www.vidasignificativa.org\/#website\",\"url\":\"https:\/\/www.vidasignificativa.org\/\",\"name\":\"Vida Significativa\",\"description\":\"ONG\",\"publisher\":{\"@id\":\"https:\/\/www.vidasignificativa.org\/#organization\"},\"potentialAction\":[{\"@type\":\"SearchAction\",\"target\":{\"@type\":\"EntryPoint\",\"urlTemplate\":\"https:\/\/www.vidasignificativa.org\/?s={search_term_string}\"},\"query-input\":{\"@type\":\"PropertyValueSpecification\",\"valueRequired\":true,\"valueName\":\"search_term_string\"}}],\"inLanguage\":\"ca\"},{\"@type\":\"Organization\",\"@id\":\"https:\/\/www.vidasignificativa.org\/#organization\",\"name\":\"Vida Significativa\",\"url\":\"https:\/\/www.vidasignificativa.org\/\",\"logo\":{\"@type\":\"ImageObject\",\"inLanguage\":\"ca\",\"@id\":\"https:\/\/www.vidasignificativa.org\/#\/schema\/logo\/image\/\",\"url\":\"https:\/\/www.vidasignificativa.org\/wp-content\/uploads\/2024\/01\/vida-sginificativa-logo-700x700-1.jpg\",\"contentUrl\":\"https:\/\/www.vidasignificativa.org\/wp-content\/uploads\/2024\/01\/vida-sginificativa-logo-700x700-1.jpg\",\"width\":700,\"height\":700,\"caption\":\"Vida Significativa\"},\"image\":{\"@id\":\"https:\/\/www.vidasignificativa.org\/#\/schema\/logo\/image\/\"}},{\"@type\":\"Person\",\"@id\":\"https:\/\/www.vidasignificativa.org\/#\/schema\/person\/a44966fcddbd5126c638240188e9c27e\",\"name\":\"vidasignificativa\"}]}<\/script>\n<!-- \/ Yoast SEO plugin. -->","yoast_head_json":{"title":"Concierto Solidario Veus Evoh\u00e8 - Vida Significativa","description":"Concierto Soldario de la coral Veus d'Evoh\u00e8 en Terrassa.","robots":{"index":"index","follow":"follow","max-snippet":"max-snippet:-1","max-image-preview":"max-image-preview:large","max-video-preview":"max-video-preview:-1"},"canonical":"https:\/\/www.vidasignificativa.org\/cat\/concierto-solidario-veus-evohe\/","og_locale":"ca_ES","og_type":"article","og_title":"Concierto Solidario Veus Evoh\u00e8 - Vida Significativa","og_description":"Concierto Soldario de la coral Veus d'Evoh\u00e8 en Terrassa.","og_url":"https:\/\/www.vidasignificativa.org\/cat\/concierto-solidario-veus-evohe\/","og_site_name":"Vida Significativa","article_published_time":"2021-05-21T08:18:32+00:00","article_modified_time":"2021-05-28T08:31:02+00:00","og_image":[{"width":600,"height":719,"url":"https:\/\/www.vidasignificativa.org\/wp-content\/uploads\/2021\/05\/Veus-Evohe-Petita.jpg","type":"image\/jpeg"}],"author":"vidasignificativa","twitter_card":"summary_large_image","twitter_misc":{"Escrit per":"vidasignificativa","Temps estimat de lectura":"3 minuts"},"schema":{"@context":"https:\/\/schema.org","@graph":[{"@type":"Article","@id":"https:\/\/www.vidasignificativa.org\/concierto-solidario-veus-evohe\/#article","isPartOf":{"@id":"https:\/\/www.vidasignificativa.org\/concierto-solidario-veus-evohe\/"},"author":{"name":"vidasignificativa","@id":"https:\/\/www.vidasignificativa.org\/#\/schema\/person\/a44966fcddbd5126c638240188e9c27e"},"headline":"Concierto Solidario Veus Evoh\u00e8","datePublished":"2021-05-21T08:18:32+00:00","dateModified":"2021-05-28T08:31:02+00:00","mainEntityOfPage":{"@id":"https:\/\/www.vidasignificativa.org\/concierto-solidario-veus-evohe\/"},"wordCount":665,"commentCount":0,"publisher":{"@id":"https:\/\/www.vidasignificativa.org\/#organization"},"image":{"@id":"https:\/\/www.vidasignificativa.org\/concierto-solidario-veus-evohe\/#primaryimage"},"thumbnailUrl":"https:\/\/www.vidasignificativa.org\/wp-content\/uploads\/2021\/05\/Veus-Evohe-Petita.jpg","keywords":["Altruismo","Solidaridad","Voluntariado","Vulnerabilidad"],"articleSection":["Noticias"],"inLanguage":"ca","potentialAction":[{"@type":"CommentAction","name":"Comment","target":["https:\/\/www.vidasignificativa.org\/concierto-solidario-veus-evohe\/#respond"]}]},{"@type":"WebPage","@id":"https:\/\/www.vidasignificativa.org\/concierto-solidario-veus-evohe\/","url":"https:\/\/www.vidasignificativa.org\/concierto-solidario-veus-evohe\/","name":"Concierto Solidario Veus Evoh\u00e8 - Vida Significativa","isPartOf":{"@id":"https:\/\/www.vidasignificativa.org\/#website"},"primaryImageOfPage":{"@id":"https:\/\/www.vidasignificativa.org\/concierto-solidario-veus-evohe\/#primaryimage"},"image":{"@id":"https:\/\/www.vidasignificativa.org\/concierto-solidario-veus-evohe\/#primaryimage"},"thumbnailUrl":"https:\/\/www.vidasignificativa.org\/wp-content\/uploads\/2021\/05\/Veus-Evohe-Petita.jpg","datePublished":"2021-05-21T08:18:32+00:00","dateModified":"2021-05-28T08:31:02+00:00","description":"Concierto Soldario de la coral Veus d'Evoh\u00e8 en Terrassa.","breadcrumb":{"@id":"https:\/\/www.vidasignificativa.org\/concierto-solidario-veus-evohe\/#breadcrumb"},"inLanguage":"ca","potentialAction":[{"@type":"ReadAction","target":["https:\/\/www.vidasignificativa.org\/concierto-solidario-veus-evohe\/"]}]},{"@type":"ImageObject","inLanguage":"ca","@id":"https:\/\/www.vidasignificativa.org\/concierto-solidario-veus-evohe\/#primaryimage","url":"https:\/\/www.vidasignificativa.org\/wp-content\/uploads\/2021\/05\/Veus-Evohe-Petita.jpg","contentUrl":"https:\/\/www.vidasignificativa.org\/wp-content\/uploads\/2021\/05\/Veus-Evohe-Petita.jpg","width":600,"height":719},{"@type":"BreadcrumbList","@id":"https:\/\/www.vidasignificativa.org\/concierto-solidario-veus-evohe\/#breadcrumb","itemListElement":[{"@type":"ListItem","position":1,"name":"Portada","item":"https:\/\/www.vidasignificativa.org\/"},{"@type":"ListItem","position":2,"name":"Concierto Solidario Veus Evoh\u00e8"}]},{"@type":"WebSite","@id":"https:\/\/www.vidasignificativa.org\/#website","url":"https:\/\/www.vidasignificativa.org\/","name":"Vida Significativa","description":"ONG","publisher":{"@id":"https:\/\/www.vidasignificativa.org\/#organization"},"potentialAction":[{"@type":"SearchAction","target":{"@type":"EntryPoint","urlTemplate":"https:\/\/www.vidasignificativa.org\/?s={search_term_string}"},"query-input":{"@type":"PropertyValueSpecification","valueRequired":true,"valueName":"search_term_string"}}],"inLanguage":"ca"},{"@type":"Organization","@id":"https:\/\/www.vidasignificativa.org\/#organization","name":"Vida Significativa","url":"https:\/\/www.vidasignificativa.org\/","logo":{"@type":"ImageObject","inLanguage":"ca","@id":"https:\/\/www.vidasignificativa.org\/#\/schema\/logo\/image\/","url":"https:\/\/www.vidasignificativa.org\/wp-content\/uploads\/2024\/01\/vida-sginificativa-logo-700x700-1.jpg","contentUrl":"https:\/\/www.vidasignificativa.org\/wp-content\/uploads\/2024\/01\/vida-sginificativa-logo-700x700-1.jpg","width":700,"height":700,"caption":"Vida Significativa"},"image":{"@id":"https:\/\/www.vidasignificativa.org\/#\/schema\/logo\/image\/"}},{"@type":"Person","@id":"https:\/\/www.vidasignificativa.org\/#\/schema\/person\/a44966fcddbd5126c638240188e9c27e","name":"vidasignificativa"}]}},"_links":{"self":[{"href":"https:\/\/www.vidasignificativa.org\/cat\/wp-json\/wp\/v2\/posts\/3435"}],"collection":[{"href":"https:\/\/www.vidasignificativa.org\/cat\/wp-json\/wp\/v2\/posts"}],"about":[{"href":"https:\/\/www.vidasignificativa.org\/cat\/wp-json\/wp\/v2\/types\/post"}],"author":[{"embeddable":true,"href":"https:\/\/www.vidasignificativa.org\/cat\/wp-json\/wp\/v2\/users\/1"}],"replies":[{"embeddable":true,"href":"https:\/\/www.vidasignificativa.org\/cat\/wp-json\/wp\/v2\/comments?post=3435"}],"version-history":[{"count":0,"href":"https:\/\/www.vidasignificativa.org\/cat\/wp-json\/wp\/v2\/posts\/3435\/revisions"}],"wp:featuredmedia":[{"embeddable":true,"href":"https:\/\/www.vidasignificativa.org\/cat\/wp-json\/wp\/v2\/media\/3437"}],"wp:attachment":[{"href":"https:\/\/www.vidasignificativa.org\/cat\/wp-json\/wp\/v2\/media?parent=3435"}],"wp:term":[{"taxonomy":"category","embeddable":true,"href":"https:\/\/www.vidasignificativa.org\/cat\/wp-json\/wp\/v2\/categories?post=3435"},{"taxonomy":"post_tag","embeddable":true,"href":"https:\/\/www.vidasignificativa.org\/cat\/wp-json\/wp\/v2\/tags?post=3435"}],"curies":[{"name":"wp","href":"https:\/\/api.w.org\/{rel}","templated":true}]}}