{"id":2113,"date":"2021-01-09T14:31:39","date_gmt":"2021-01-09T14:31:39","guid":{"rendered":"https:\/\/www.vidasignificativa.org\/?p=2113"},"modified":"2021-01-09T14:47:26","modified_gmt":"2021-01-09T14:47:26","slug":"130-ninas-y-ninos-del-maresme-se-benefician-de-la-tiona-solidaria","status":"publish","type":"post","link":"https:\/\/www.vidasignificativa.org\/cat\/130-ninas-y-ninos-del-maresme-se-benefician-de-la-tiona-solidaria\/","title":{"rendered":"130 ni\u00f1as y ni\u00f1os del Maresme se benefician de la Tiona Solidaria"},"content":{"rendered":"<p><div class=\"fusion-fullwidth fullwidth-box fusion-builder-row-1 nonhundred-percent-fullwidth non-hundred-percent-height-scrolling\" style=\"--awb-background-position:left top;--awb-border-radius-top-left:0px;--awb-border-radius-top-right:0px;--awb-border-radius-bottom-right:0px;--awb-border-radius-bottom-left:0px;--awb-padding-top:20px;--awb-padding-bottom:20px;--awb-border-sizes-top:0px;--awb-border-sizes-bottom:0px;--awb-flex-wrap:wrap;\" ><div class=\"fusion-builder-row fusion-row\"><div class=\"fusion-layout-column fusion_builder_column fusion-builder-column-0 fusion_builder_column_1_1 1_1 fusion-one-full fusion-column-first fusion-column-last\" style=\"--awb-bg-size:cover;\"><div class=\"fusion-column-wrapper fusion-flex-column-wrapper-legacy\"><div class=\"fusion-sep-clear\"><\/div><div class=\"fusion-separator fusion-full-width-sep\" style=\"margin-left: auto;margin-right: auto;margin-top:5px;width:100%;\"><\/div><div class=\"fusion-sep-clear\"><\/div><div class=\"fusion-text fusion-text-1\"><h3>UNA TIONA GENEROSA Y M\u00c1GICA<\/h3>\n<\/div><div class=\"fusion-sep-clear\"><\/div><div class=\"fusion-separator fusion-clearfix\" style=\"float:left;margin-top:0px;margin-bottom:30px;width:100%;max-width:200px;\"><div class=\"fusion-separator-border sep-single sep-solid\" style=\"--awb-height:20px;--awb-amount:20px;--awb-sep-color:#fec96b;border-color:#fec96b;border-top-width:3px;\"><\/div><\/div><div class=\"fusion-sep-clear\"><\/div><div class=\"fusion-text fusion-text-2\"><div class=\"kvgmc6g5 cxmmr5t8 oygrvhab hcukyx3x c1et5uql ii04i59q\"><\/div>\n<div class=\"o9v6fnle cxmmr5t8 oygrvhab hcukyx3x c1et5uql ii04i59q\">\n<div dir=\"auto\">\n<div class=\"kvgmc6g5 cxmmr5t8 oygrvhab hcukyx3x c1et5uql ii04i59q\">\n<div dir=\"auto\">El pasado domingo 3 de enero celebramos el \u00abCaga ti\u00f3\u00bb para 130 ni\u00f1@s del Maresme. Fue una gran fiesta para much@s de l@s peque\u00f1@s (\u00a1y para l@s mayores tambi\u00e9n!). La palabra G R A C I A S no dejaba de resonar por parte de las mam\u00e1s, los pap\u00e1s y ell@s mism@s. Una experiencia que recordaremos bonita, intensa, con nuestras miradas y en el tiempo.<\/div>\n<div dir=\"auto\"><\/div>\n<\/div>\n<div class=\"o9v6fnle cxmmr5t8 oygrvhab hcukyx3x c1et5uql ii04i59q\">\n<div dir=\"auto\">Sin m\u00e1s palabras, os dejamos un simb\u00f3lico resumen del d\u00eda y algunos de sus momentos culminantes y divertidos a trav\u00e9s de este v\u00eddeo.<\/div>\n<div dir=\"auto\"><\/div>\n<\/div>\n<div class=\"o9v6fnle cxmmr5t8 oygrvhab hcukyx3x c1et5uql ii04i59q\">\n<div dir=\"auto\">Muchas gracias a todas las personas voluntarias que regalaron su tiempo y dedicaci\u00f3n, su ternura y comprensi\u00f3n hacia esta infancia, que de hecho, representa a tod@s y a cada un@ de nosotr@s. Agradecimiento a todas las colaboraciones, donaciones, entidades y m\u00e1s que lo han hecho posible.<\/div>\n<div dir=\"auto\"><\/div>\n<\/div>\n<div class=\"o9v6fnle cxmmr5t8 oygrvhab hcukyx3x c1et5uql ii04i59q\">\n<div dir=\"auto\">Con el uno de cada uno, \u00a1lo cambiamos todo!<\/div>\n<\/div>\n<\/div>\n<\/div>\n<div class=\"o9v6fnle cxmmr5t8 oygrvhab hcukyx3x c1et5uql ii04i59q\">\n<div dir=\"auto\"><\/div>\n<\/div>\n<\/div><div class=\"fusion-sep-clear\"><\/div><div class=\"fusion-separator fusion-full-width-sep\" style=\"margin-left: auto;margin-right: auto;margin-top:5px;width:100%;\"><\/div><div class=\"fusion-sep-clear\"><\/div><div class=\"fusion-video fusion-youtube\" style=\"--awb-max-width:600px;--awb-max-height:360px;\" data-autoplay=\"1\"><div class=\"video-shortcode\"><div class=\"fluid-width-video-wrapper\" style=\"padding-top:60%;\" ><iframe title=\"YouTube video player 1\" src=\"https:\/\/www.youtube.com\/embed\/C4Fajap3bko?wmode=transparent&autoplay=0\" width=\"600\" height=\"360\" allowfullscreen allow=\"autoplay; fullscreen\"><\/iframe><\/div><\/div><\/div><div class=\"fusion-clearfix\"><\/div><\/div><\/div><\/div><\/div><div class=\"fusion-fullwidth fullwidth-box fusion-builder-row-2 nonhundred-percent-fullwidth non-hundred-percent-height-scrolling\" style=\"--awb-background-position:left top;--awb-border-radius-top-left:0px;--awb-border-radius-top-right:0px;--awb-border-radius-bottom-right:0px;--awb-border-radius-bottom-left:0px;--awb-padding-top:30px;--awb-padding-bottom:150px;--awb-border-sizes-top:0px;--awb-border-sizes-bottom:0px;--awb-flex-wrap:wrap;\" ><div class=\"fusion-builder-row fusion-row\"><div class=\"fusion-layout-column fusion_builder_column fusion-builder-column-1 fusion_builder_column_1_1 1_1 fusion-one-full fusion-column-first fusion-column-last\" style=\"--awb-bg-size:cover;\"><div class=\"fusion-column-wrapper fusion-flex-column-wrapper-legacy\"><div class=\"fusion-sharing-box fusion-sharing-box-1 boxed-icons has-taglines layout-floated layout-medium-floated layout-small-floated\" style=\"background-color:rgba(255,255,255,0);padding:0;--awb-layout:row;--awb-alignment-small:space-between;\" data-title=\"130 ni\u00f1as y ni\u00f1os del Maresme se benefician de la Tiona Solidaria\" data-description=\"UNA TIONA GENEROSA Y M\u00c1GICA El pasado domingo 3 de enero celebramos el &quot;Caga ti\u00f3&quot; para 130 ni\u00f1@s del Maresme. Fue una gran fiesta para much@s de l@s peque\u00f1@s (\u00a1y para l@s mayores\" data-link=\"https:\/\/www.vidasignificativa.org\/cat\/130-ninas-y-ninos-del-maresme-se-benefician-de-la-tiona-solidaria\/\"><h4 class=\"tagline\" style=\"color:#1e1e1e;\">Comparteix aquest article<\/h4><div class=\"fusion-social-networks sharingbox-shortcode-icon-wrapper sharingbox-shortcode-icon-wrapper-1 boxed-icons\"><span><a href=\"https:\/\/www.facebook.com\/sharer.php?u=https%3A%2F%2Fwww.vidasignificativa.org%2Fcat%2F130-ninas-y-ninos-del-maresme-se-benefician-de-la-tiona-solidaria%2F&amp;t=130%20ni%C3%B1as%20y%20ni%C3%B1os%20del%20Maresme%20se%20benefician%20de%20la%20Tiona%20Solidaria\" target=\"_blank\" rel=\"noreferrer\" title=\"Facebook\" aria-label=\"Facebook\" data-placement=\"top\" data-toggle=\"tooltip\" data-title=\"Facebook\"><i class=\"fusion-social-network-icon fusion-tooltip fusion-facebook awb-icon-facebook\" style=\"color:#ffffff;background-color:#3b5998;border-color:#3b5998;border-radius:4px;\" aria-hidden=\"true\"><\/i><\/a><\/span><span><a href=\"https:\/\/twitter.com\/share?text=130%20ni%C3%B1as%20y%20ni%C3%B1os%20del%20Maresme%20se%20benefician%20de%20la%20Tiona%20Solidaria&amp;url=https%3A%2F%2Fwww.vidasignificativa.org%2Fcat%2F130-ninas-y-ninos-del-maresme-se-benefician-de-la-tiona-solidaria%2F\" target=\"_blank\" rel=\"noopener noreferrer\" title=\"X\" aria-label=\"X\" data-placement=\"top\" data-toggle=\"tooltip\" data-title=\"X\"><i class=\"fusion-social-network-icon fusion-tooltip fusion-twitter awb-icon-twitter\" style=\"color:#ffffff;background-color:#000000;border-color:#000000;border-radius:4px;\" aria-hidden=\"true\"><\/i><\/a><\/span><span><a href=\"https:\/\/www.linkedin.com\/shareArticle?mini=true&amp;url=https%3A%2F%2Fwww.vidasignificativa.org%2Fcat%2F130-ninas-y-ninos-del-maresme-se-benefician-de-la-tiona-solidaria%2F&amp;title=130%20ni%C3%B1as%20y%20ni%C3%B1os%20del%20Maresme%20se%20benefician%20de%20la%20Tiona%20Solidaria&amp;summary=UNA%20TIONA%20GENEROSA%20Y%20M%C3%81GICA%20%20%0D%0A%0D%0A%0D%0A%0D%0A%0D%0AEl%20pasado%20domingo%203%20de%20enero%20celebramos%20el%20%26quot%3BCaga%20ti%C3%B3%26quot%3B%20para%20130%20ni%C3%B1%40s%20del%20Maresme.%20Fue%20una%20gran%20fiesta%20para%20much%40s%20de%20l%40s%20peque%C3%B1%40s%20%28%C2%A1y%20para%20l%40s%20mayores\" target=\"_blank\" rel=\"noopener noreferrer\" title=\"LinkedIn\" aria-label=\"LinkedIn\" data-placement=\"top\" data-toggle=\"tooltip\" data-title=\"LinkedIn\"><i class=\"fusion-social-network-icon fusion-tooltip fusion-linkedin awb-icon-linkedin\" style=\"color:#ffffff;background-color:#0077b5;border-color:#0077b5;border-radius:4px;\" aria-hidden=\"true\"><\/i><\/a><\/span><span><a href=\"https:\/\/api.whatsapp.com\/send?text=https%3A%2F%2Fwww.vidasignificativa.org%2Fcat%2F130-ninas-y-ninos-del-maresme-se-benefician-de-la-tiona-solidaria%2F\" target=\"_blank\" rel=\"noopener noreferrer\" title=\"WhatsApp\" aria-label=\"WhatsApp\" data-placement=\"top\" data-toggle=\"tooltip\" data-title=\"WhatsApp\"><i class=\"fusion-social-network-icon fusion-tooltip fusion-whatsapp awb-icon-whatsapp\" style=\"color:#ffffff;background-color:#77e878;border-color:#77e878;border-radius:4px;\" aria-hidden=\"true\"><\/i><\/a><\/span><\/div><\/div><div class=\"fusion-clearfix\"><\/div><\/div><\/div><\/div><\/div><\/p>","protected":false},"excerpt":{"rendered":"","protected":false},"author":1,"featured_media":2114,"comment_status":"open","ping_status":"closed","sticky":false,"template":"","format":"standard","meta":{"give_campaign_id":0,"footnotes":""},"categories":[98],"tags":[39,40,38,63],"yoast_head":"<!-- This site is optimized with the Yoast SEO plugin v24.0 - https:\/\/yoast.com\/wordpress\/plugins\/seo\/ -->\n<title>130 ni\u00f1as y ni\u00f1os del Maresme se benefician de la Tiona Solidaria - Vida Significativa<\/title>\n<meta name=\"description\" content=\"Todav\u00eda siento una especie de pinchazo en el coraz\u00f3n y ya han pasado m\u00e1s de tres semanas desde que fui a casa de esta familia. A veces, no se pueden hacer fotos de algunos espacios...\" \/>\n<meta name=\"robots\" content=\"index, follow, max-snippet:-1, max-image-preview:large, max-video-preview:-1\" \/>\n<link rel=\"canonical\" href=\"https:\/\/www.vidasignificativa.org\/cat\/130-ninas-y-ninos-del-maresme-se-benefician-de-la-tiona-solidaria\/\" \/>\n<meta property=\"og:locale\" content=\"ca_ES\" \/>\n<meta property=\"og:type\" content=\"article\" \/>\n<meta property=\"og:title\" content=\"130 ni\u00f1as y ni\u00f1os del Maresme se benefician de la Tiona Solidaria - Vida Significativa\" \/>\n<meta property=\"og:description\" content=\"Todav\u00eda siento una especie de pinchazo en el coraz\u00f3n y ya han pasado m\u00e1s de tres semanas desde que fui a casa de esta familia. A veces, no se pueden hacer fotos de algunos espacios...\" \/>\n<meta property=\"og:url\" content=\"https:\/\/www.vidasignificativa.org\/cat\/130-ninas-y-ninos-del-maresme-se-benefician-de-la-tiona-solidaria\/\" \/>\n<meta property=\"og:site_name\" content=\"Vida Significativa\" \/>\n<meta property=\"article:published_time\" content=\"2021-01-09T14:31:39+00:00\" \/>\n<meta property=\"article:modified_time\" content=\"2021-01-09T14:47:26+00:00\" \/>\n<meta property=\"og:image\" content=\"https:\/\/www.vidasignificativa.org\/wp-content\/uploads\/2021\/01\/21.01.08-petita.jpg\" \/>\n\t<meta property=\"og:image:width\" content=\"500\" \/>\n\t<meta property=\"og:image:height\" content=\"500\" \/>\n\t<meta property=\"og:image:type\" content=\"image\/jpeg\" \/>\n<meta name=\"author\" content=\"vidasignificativa\" \/>\n<meta name=\"twitter:card\" content=\"summary_large_image\" \/>\n<meta name=\"twitter:label1\" content=\"Escrit per\" \/>\n\t<meta name=\"twitter:data1\" content=\"vidasignificativa\" \/>\n\t<meta name=\"twitter:label2\" content=\"Temps estimat de lectura\" \/>\n\t<meta name=\"twitter:data2\" content=\"3 minuts\" \/>\n<script type=\"application\/ld+json\" class=\"yoast-schema-graph\">{\"@context\":\"https:\/\/schema.org\",\"@graph\":[{\"@type\":\"Article\",\"@id\":\"https:\/\/www.vidasignificativa.org\/cat\/130-ninas-y-ninos-del-maresme-se-benefician-de-la-tiona-solidaria\/#article\",\"isPartOf\":{\"@id\":\"https:\/\/www.vidasignificativa.org\/cat\/130-ninas-y-ninos-del-maresme-se-benefician-de-la-tiona-solidaria\/\"},\"author\":{\"name\":\"vidasignificativa\",\"@id\":\"https:\/\/www.vidasignificativa.org\/#\/schema\/person\/a44966fcddbd5126c638240188e9c27e\"},\"headline\":\"130 ni\u00f1as y ni\u00f1os del Maresme se benefician de la Tiona Solidaria\",\"datePublished\":\"2021-01-09T14:31:39+00:00\",\"dateModified\":\"2021-01-09T14:47:26+00:00\",\"mainEntityOfPage\":{\"@id\":\"https:\/\/www.vidasignificativa.org\/cat\/130-ninas-y-ninos-del-maresme-se-benefician-de-la-tiona-solidaria\/\"},\"wordCount\":615,\"commentCount\":0,\"publisher\":{\"@id\":\"https:\/\/www.vidasignificativa.org\/#organization\"},\"image\":{\"@id\":\"https:\/\/www.vidasignificativa.org\/cat\/130-ninas-y-ninos-del-maresme-se-benefician-de-la-tiona-solidaria\/#primaryimage\"},\"thumbnailUrl\":\"https:\/\/www.vidasignificativa.org\/wp-content\/uploads\/2021\/01\/21.01.08-petita.jpg\",\"keywords\":[\"Altruismo\",\"Solidaridad\",\"Voluntariado\",\"Vulnerabilidad\"],\"articleSection\":[\"Noticias\"],\"inLanguage\":\"ca\",\"potentialAction\":[{\"@type\":\"CommentAction\",\"name\":\"Comment\",\"target\":[\"https:\/\/www.vidasignificativa.org\/cat\/130-ninas-y-ninos-del-maresme-se-benefician-de-la-tiona-solidaria\/#respond\"]}]},{\"@type\":\"WebPage\",\"@id\":\"https:\/\/www.vidasignificativa.org\/cat\/130-ninas-y-ninos-del-maresme-se-benefician-de-la-tiona-solidaria\/\",\"url\":\"https:\/\/www.vidasignificativa.org\/cat\/130-ninas-y-ninos-del-maresme-se-benefician-de-la-tiona-solidaria\/\",\"name\":\"130 ni\u00f1as y ni\u00f1os del Maresme se benefician de la Tiona Solidaria - Vida Significativa\",\"isPartOf\":{\"@id\":\"https:\/\/www.vidasignificativa.org\/#website\"},\"primaryImageOfPage\":{\"@id\":\"https:\/\/www.vidasignificativa.org\/cat\/130-ninas-y-ninos-del-maresme-se-benefician-de-la-tiona-solidaria\/#primaryimage\"},\"image\":{\"@id\":\"https:\/\/www.vidasignificativa.org\/cat\/130-ninas-y-ninos-del-maresme-se-benefician-de-la-tiona-solidaria\/#primaryimage\"},\"thumbnailUrl\":\"https:\/\/www.vidasignificativa.org\/wp-content\/uploads\/2021\/01\/21.01.08-petita.jpg\",\"datePublished\":\"2021-01-09T14:31:39+00:00\",\"dateModified\":\"2021-01-09T14:47:26+00:00\",\"description\":\"Todav\u00eda siento una especie de pinchazo en el coraz\u00f3n y ya han pasado m\u00e1s de tres semanas desde que fui a casa de esta familia. A veces, no se pueden hacer fotos de algunos espacios...\",\"breadcrumb\":{\"@id\":\"https:\/\/www.vidasignificativa.org\/cat\/130-ninas-y-ninos-del-maresme-se-benefician-de-la-tiona-solidaria\/#breadcrumb\"},\"inLanguage\":\"ca\",\"potentialAction\":[{\"@type\":\"ReadAction\",\"target\":[\"https:\/\/www.vidasignificativa.org\/cat\/130-ninas-y-ninos-del-maresme-se-benefician-de-la-tiona-solidaria\/\"]}]},{\"@type\":\"ImageObject\",\"inLanguage\":\"ca\",\"@id\":\"https:\/\/www.vidasignificativa.org\/cat\/130-ninas-y-ninos-del-maresme-se-benefician-de-la-tiona-solidaria\/#primaryimage\",\"url\":\"https:\/\/www.vidasignificativa.org\/wp-content\/uploads\/2021\/01\/21.01.08-petita.jpg\",\"contentUrl\":\"https:\/\/www.vidasignificativa.org\/wp-content\/uploads\/2021\/01\/21.01.08-petita.jpg\",\"width\":500,\"height\":500},{\"@type\":\"BreadcrumbList\",\"@id\":\"https:\/\/www.vidasignificativa.org\/cat\/130-ninas-y-ninos-del-maresme-se-benefician-de-la-tiona-solidaria\/#breadcrumb\",\"itemListElement\":[{\"@type\":\"ListItem\",\"position\":1,\"name\":\"Portada\",\"item\":\"https:\/\/www.vidasignificativa.org\/\"},{\"@type\":\"ListItem\",\"position\":2,\"name\":\"130 ni\u00f1as y ni\u00f1os del Maresme se benefician de la Tiona Solidaria\"}]},{\"@type\":\"WebSite\",\"@id\":\"https:\/\/www.vidasignificativa.org\/#website\",\"url\":\"https:\/\/www.vidasignificativa.org\/\",\"name\":\"Vida Significativa\",\"description\":\"ONG\",\"publisher\":{\"@id\":\"https:\/\/www.vidasignificativa.org\/#organization\"},\"potentialAction\":[{\"@type\":\"SearchAction\",\"target\":{\"@type\":\"EntryPoint\",\"urlTemplate\":\"https:\/\/www.vidasignificativa.org\/?s={search_term_string}\"},\"query-input\":{\"@type\":\"PropertyValueSpecification\",\"valueRequired\":true,\"valueName\":\"search_term_string\"}}],\"inLanguage\":\"ca\"},{\"@type\":\"Organization\",\"@id\":\"https:\/\/www.vidasignificativa.org\/#organization\",\"name\":\"Vida Significativa\",\"url\":\"https:\/\/www.vidasignificativa.org\/\",\"logo\":{\"@type\":\"ImageObject\",\"inLanguage\":\"ca\",\"@id\":\"https:\/\/www.vidasignificativa.org\/#\/schema\/logo\/image\/\",\"url\":\"https:\/\/www.vidasignificativa.org\/wp-content\/uploads\/2024\/01\/vida-sginificativa-logo-700x700-1.jpg\",\"contentUrl\":\"https:\/\/www.vidasignificativa.org\/wp-content\/uploads\/2024\/01\/vida-sginificativa-logo-700x700-1.jpg\",\"width\":700,\"height\":700,\"caption\":\"Vida Significativa\"},\"image\":{\"@id\":\"https:\/\/www.vidasignificativa.org\/#\/schema\/logo\/image\/\"}},{\"@type\":\"Person\",\"@id\":\"https:\/\/www.vidasignificativa.org\/#\/schema\/person\/a44966fcddbd5126c638240188e9c27e\",\"name\":\"vidasignificativa\"}]}<\/script>\n<!-- \/ Yoast SEO plugin. -->","yoast_head_json":{"title":"130 ni\u00f1as y ni\u00f1os del Maresme se benefician de la Tiona Solidaria - Vida Significativa","description":"Todav\u00eda siento una especie de pinchazo en el coraz\u00f3n y ya han pasado m\u00e1s de tres semanas desde que fui a casa de esta familia. A veces, no se pueden hacer fotos de algunos espacios...","robots":{"index":"index","follow":"follow","max-snippet":"max-snippet:-1","max-image-preview":"max-image-preview:large","max-video-preview":"max-video-preview:-1"},"canonical":"https:\/\/www.vidasignificativa.org\/cat\/130-ninas-y-ninos-del-maresme-se-benefician-de-la-tiona-solidaria\/","og_locale":"ca_ES","og_type":"article","og_title":"130 ni\u00f1as y ni\u00f1os del Maresme se benefician de la Tiona Solidaria - Vida Significativa","og_description":"Todav\u00eda siento una especie de pinchazo en el coraz\u00f3n y ya han pasado m\u00e1s de tres semanas desde que fui a casa de esta familia. A veces, no se pueden hacer fotos de algunos espacios...","og_url":"https:\/\/www.vidasignificativa.org\/cat\/130-ninas-y-ninos-del-maresme-se-benefician-de-la-tiona-solidaria\/","og_site_name":"Vida Significativa","article_published_time":"2021-01-09T14:31:39+00:00","article_modified_time":"2021-01-09T14:47:26+00:00","og_image":[{"width":500,"height":500,"url":"https:\/\/www.vidasignificativa.org\/wp-content\/uploads\/2021\/01\/21.01.08-petita.jpg","type":"image\/jpeg"}],"author":"vidasignificativa","twitter_card":"summary_large_image","twitter_misc":{"Escrit per":"vidasignificativa","Temps estimat de lectura":"3 minuts"},"schema":{"@context":"https:\/\/schema.org","@graph":[{"@type":"Article","@id":"https:\/\/www.vidasignificativa.org\/cat\/130-ninas-y-ninos-del-maresme-se-benefician-de-la-tiona-solidaria\/#article","isPartOf":{"@id":"https:\/\/www.vidasignificativa.org\/cat\/130-ninas-y-ninos-del-maresme-se-benefician-de-la-tiona-solidaria\/"},"author":{"name":"vidasignificativa","@id":"https:\/\/www.vidasignificativa.org\/#\/schema\/person\/a44966fcddbd5126c638240188e9c27e"},"headline":"130 ni\u00f1as y ni\u00f1os del Maresme se benefician de la Tiona Solidaria","datePublished":"2021-01-09T14:31:39+00:00","dateModified":"2021-01-09T14:47:26+00:00","mainEntityOfPage":{"@id":"https:\/\/www.vidasignificativa.org\/cat\/130-ninas-y-ninos-del-maresme-se-benefician-de-la-tiona-solidaria\/"},"wordCount":615,"commentCount":0,"publisher":{"@id":"https:\/\/www.vidasignificativa.org\/#organization"},"image":{"@id":"https:\/\/www.vidasignificativa.org\/cat\/130-ninas-y-ninos-del-maresme-se-benefician-de-la-tiona-solidaria\/#primaryimage"},"thumbnailUrl":"https:\/\/www.vidasignificativa.org\/wp-content\/uploads\/2021\/01\/21.01.08-petita.jpg","keywords":["Altruismo","Solidaridad","Voluntariado","Vulnerabilidad"],"articleSection":["Noticias"],"inLanguage":"ca","potentialAction":[{"@type":"CommentAction","name":"Comment","target":["https:\/\/www.vidasignificativa.org\/cat\/130-ninas-y-ninos-del-maresme-se-benefician-de-la-tiona-solidaria\/#respond"]}]},{"@type":"WebPage","@id":"https:\/\/www.vidasignificativa.org\/cat\/130-ninas-y-ninos-del-maresme-se-benefician-de-la-tiona-solidaria\/","url":"https:\/\/www.vidasignificativa.org\/cat\/130-ninas-y-ninos-del-maresme-se-benefician-de-la-tiona-solidaria\/","name":"130 ni\u00f1as y ni\u00f1os del Maresme se benefician de la Tiona Solidaria - Vida Significativa","isPartOf":{"@id":"https:\/\/www.vidasignificativa.org\/#website"},"primaryImageOfPage":{"@id":"https:\/\/www.vidasignificativa.org\/cat\/130-ninas-y-ninos-del-maresme-se-benefician-de-la-tiona-solidaria\/#primaryimage"},"image":{"@id":"https:\/\/www.vidasignificativa.org\/cat\/130-ninas-y-ninos-del-maresme-se-benefician-de-la-tiona-solidaria\/#primaryimage"},"thumbnailUrl":"https:\/\/www.vidasignificativa.org\/wp-content\/uploads\/2021\/01\/21.01.08-petita.jpg","datePublished":"2021-01-09T14:31:39+00:00","dateModified":"2021-01-09T14:47:26+00:00","description":"Todav\u00eda siento una especie de pinchazo en el coraz\u00f3n y ya han pasado m\u00e1s de tres semanas desde que fui a casa de esta familia. A veces, no se pueden hacer fotos de algunos espacios...","breadcrumb":{"@id":"https:\/\/www.vidasignificativa.org\/cat\/130-ninas-y-ninos-del-maresme-se-benefician-de-la-tiona-solidaria\/#breadcrumb"},"inLanguage":"ca","potentialAction":[{"@type":"ReadAction","target":["https:\/\/www.vidasignificativa.org\/cat\/130-ninas-y-ninos-del-maresme-se-benefician-de-la-tiona-solidaria\/"]}]},{"@type":"ImageObject","inLanguage":"ca","@id":"https:\/\/www.vidasignificativa.org\/cat\/130-ninas-y-ninos-del-maresme-se-benefician-de-la-tiona-solidaria\/#primaryimage","url":"https:\/\/www.vidasignificativa.org\/wp-content\/uploads\/2021\/01\/21.01.08-petita.jpg","contentUrl":"https:\/\/www.vidasignificativa.org\/wp-content\/uploads\/2021\/01\/21.01.08-petita.jpg","width":500,"height":500},{"@type":"BreadcrumbList","@id":"https:\/\/www.vidasignificativa.org\/cat\/130-ninas-y-ninos-del-maresme-se-benefician-de-la-tiona-solidaria\/#breadcrumb","itemListElement":[{"@type":"ListItem","position":1,"name":"Portada","item":"https:\/\/www.vidasignificativa.org\/"},{"@type":"ListItem","position":2,"name":"130 ni\u00f1as y ni\u00f1os del Maresme se benefician de la Tiona Solidaria"}]},{"@type":"WebSite","@id":"https:\/\/www.vidasignificativa.org\/#website","url":"https:\/\/www.vidasignificativa.org\/","name":"Vida Significativa","description":"ONG","publisher":{"@id":"https:\/\/www.vidasignificativa.org\/#organization"},"potentialAction":[{"@type":"SearchAction","target":{"@type":"EntryPoint","urlTemplate":"https:\/\/www.vidasignificativa.org\/?s={search_term_string}"},"query-input":{"@type":"PropertyValueSpecification","valueRequired":true,"valueName":"search_term_string"}}],"inLanguage":"ca"},{"@type":"Organization","@id":"https:\/\/www.vidasignificativa.org\/#organization","name":"Vida Significativa","url":"https:\/\/www.vidasignificativa.org\/","logo":{"@type":"ImageObject","inLanguage":"ca","@id":"https:\/\/www.vidasignificativa.org\/#\/schema\/logo\/image\/","url":"https:\/\/www.vidasignificativa.org\/wp-content\/uploads\/2024\/01\/vida-sginificativa-logo-700x700-1.jpg","contentUrl":"https:\/\/www.vidasignificativa.org\/wp-content\/uploads\/2024\/01\/vida-sginificativa-logo-700x700-1.jpg","width":700,"height":700,"caption":"Vida Significativa"},"image":{"@id":"https:\/\/www.vidasignificativa.org\/#\/schema\/logo\/image\/"}},{"@type":"Person","@id":"https:\/\/www.vidasignificativa.org\/#\/schema\/person\/a44966fcddbd5126c638240188e9c27e","name":"vidasignificativa"}]}},"_links":{"self":[{"href":"https:\/\/www.vidasignificativa.org\/cat\/wp-json\/wp\/v2\/posts\/2113"}],"collection":[{"href":"https:\/\/www.vidasignificativa.org\/cat\/wp-json\/wp\/v2\/posts"}],"about":[{"href":"https:\/\/www.vidasignificativa.org\/cat\/wp-json\/wp\/v2\/types\/post"}],"author":[{"embeddable":true,"href":"https:\/\/www.vidasignificativa.org\/cat\/wp-json\/wp\/v2\/users\/1"}],"replies":[{"embeddable":true,"href":"https:\/\/www.vidasignificativa.org\/cat\/wp-json\/wp\/v2\/comments?post=2113"}],"version-history":[{"count":0,"href":"https:\/\/www.vidasignificativa.org\/cat\/wp-json\/wp\/v2\/posts\/2113\/revisions"}],"wp:featuredmedia":[{"embeddable":true,"href":"https:\/\/www.vidasignificativa.org\/cat\/wp-json\/wp\/v2\/media\/2114"}],"wp:attachment":[{"href":"https:\/\/www.vidasignificativa.org\/cat\/wp-json\/wp\/v2\/media?parent=2113"}],"wp:term":[{"taxonomy":"category","embeddable":true,"href":"https:\/\/www.vidasignificativa.org\/cat\/wp-json\/wp\/v2\/categories?post=2113"},{"taxonomy":"post_tag","embeddable":true,"href":"https:\/\/www.vidasignificativa.org\/cat\/wp-json\/wp\/v2\/tags?post=2113"}],"curies":[{"name":"wp","href":"https:\/\/api.w.org\/{rel}","templated":true}]}}