{"id":1784,"date":"2020-07-23T09:59:22","date_gmt":"2020-07-23T09:59:22","guid":{"rendered":"https:\/\/www.vidasignificativa.org\/?p=1784"},"modified":"2020-10-22T09:58:30","modified_gmt":"2020-10-22T09:58:30","slug":"alimentando-suenos","status":"publish","type":"post","link":"https:\/\/www.vidasignificativa.org\/cat\/alimentando-suenos\/","title":{"rendered":"ALIMENTANDO SUE\u00d1OS"},"content":{"rendered":"<p><div class=\"fusion-fullwidth fullwidth-box fusion-builder-row-1 nonhundred-percent-fullwidth non-hundred-percent-height-scrolling\" style=\"--awb-background-position:left top;--awb-border-radius-top-left:0px;--awb-border-radius-top-right:0px;--awb-border-radius-bottom-right:0px;--awb-border-radius-bottom-left:0px;--awb-padding-top:50px;--awb-padding-bottom:0px;--awb-border-sizes-top:0px;--awb-border-sizes-bottom:0px;--awb-flex-wrap:wrap;\" ><div class=\"fusion-builder-row fusion-row\"><div class=\"fusion-layout-column fusion_builder_column fusion-builder-column-0 fusion_builder_column_1_1 1_1 fusion-one-full fusion-column-first fusion-column-last\" style=\"--awb-bg-size:cover;\"><div class=\"fusion-column-wrapper fusion-flex-column-wrapper-legacy\"><div class=\"fusion-text fusion-text-1\"><h3>ALIMENTANDO SUE\u00d1OS<\/h3>\n<\/div><div class=\"fusion-sep-clear\"><\/div><div class=\"fusion-separator fusion-clearfix\" style=\"float:left;margin-top:0px;margin-bottom:30px;width:100%;max-width:200px;\"><div class=\"fusion-separator-border sep-single sep-solid\" style=\"--awb-height:20px;--awb-amount:20px;--awb-sep-color:#fec96b;border-color:#fec96b;border-top-width:3px;\"><\/div><\/div><div class=\"fusion-sep-clear\"><\/div><div class=\"fusion-text fusion-text-2\"><p>Dicen que hay personas PAS (Personas con Alta Sensibilidad). Es un concepto que se ha puesto muy de moda en la actualidad. Ahora resulta que todos somos PAS, o de Altas Capacidades, o Disl\u00e9xicos, o Hiperactivos o TEA (Trastornos del Espectro Autista.). Y si no somos nada de esto, no nos preocupemos que algo nos encuentran. Hay etiquetas para todos los gustos. Pero si hay que escoger una, me quedo con la de PAS.<\/p>\n<p>Sigo pensando que todos lo somos un poco.\u00a0 Quiz\u00e1 unos somos m\u00e1s sensibles a los ruidos o a la m\u00fasica, otros a la poes\u00eda, otros a las temperaturas, otros a la intuici\u00f3n y otros hipersensibles de coraz\u00f3n. He visto veinte veces E.T y sigo llorando cuando la vuelvo a ver. \u00a1Y mira que s\u00e9, que E.T no se muere! Cuando vuelvo a ver la pel\u00edcula, mis hijos me miran de reojo, y me preguntan: &#8211; \u00bfMam\u00e1, ya lloras?<\/p>\n<p>No s\u00e9, si lloro m\u00e1s cuando E.T se despide de Eliot o cuando est\u00e1 a punto de morirse. \u00bfSer\u00e1 por qu\u00e9 una parte de m\u00ed hubiera querido irse con \u00e9l? \u00bfO lloro de felicidad porque sus padres y amigos vuelven a por \u00e9l?<\/p>\n<p>La cuesti\u00f3n es:<\/p>\n<blockquote>\n<p>\u00bfSe puede llegar a llorar viendo c\u00f3mo se descarga una camioneta llena de alimentos sabiendo que ese mismo d\u00eda muchos ni\u00f1os y ni\u00f1as junto a sus padres y madres van a comer alimentos frescos y saludables?<\/p>\n<\/blockquote>\n<p>\u00a1Pues s\u00ed!<\/p>\n<p>De ni\u00f1a recuerdo reprimirme cada vez que ten\u00eda ganas de llorar. Pero me cost\u00f3 alg\u00fan tiempo entender que el llorar no siempre iba acompa\u00f1ado de tristeza. A veces lloraba porque alguna cosa me hac\u00eda sentir mal, por supuesto, pero otras, simplemente lloraba porque algo me emocionaba. Me aguantaba y me aguantaba hasta llegar a casa y soltarlo todo en mi habitaci\u00f3n. Y siendo sincera, ahora, como adulta lo sigo haciendo, pero menos. \u00a1Si hay que llorar, se llora! Aunque sigo buscando alg\u00fan rinconcito con algo de intimidad. Con esa mirada baja, con disimulo, haciendo ver que est\u00e1s haciendo otras cosas para que no se note demasiado. \u00a1Qu\u00e9 pu\u00f1eteras son las l\u00e1grimas! h\u00e1biles y escurridizas, pasando por ese mini agujerito que llamamos lagrimal. Poco tiempo nos consienten para prevenirnos de que la tormenta \u201cis comming\u201d. Un poco como la pel\u00edcula \u201cDEL REV\u00c9S\u201d, que se l\u00eda la de San Quint\u00edn, cuando no se le permite a la \u201cTristeza\u201d (esa ni\u00f1a de cara rechoncha con gafas y de piel azul) soltar y llorar todo lo que necesita.<\/p>\n<p>Pero sigo teniendo una peque\u00f1a man\u00eda. Cuando el torbellino emocional afloja, acostumbro a pasarlo por la mente razonadora (suena un poco Montessori, lo s\u00e9), pero me funciona para poner orden a esas 3.000 emociones que existen. Creo que incluso hay m\u00e1s.<\/p>\n<p>Y pienso: Vamos a ver, analicemos esta emoci\u00f3n, \u00bfPor qu\u00e9 lloras?<\/p>\n<\/div><div class=\"fusion-sep-clear\"><\/div><div class=\"fusion-separator fusion-full-width-sep\" style=\"margin-left: auto;margin-right: auto;margin-top:5px;width:100%;\"><\/div><div class=\"fusion-sep-clear\"><\/div><div class=\"fusion-clearfix\"><\/div><\/div><\/div><\/div><\/div><div class=\"fusion-fullwidth fullwidth-box fusion-builder-row-2 nonhundred-percent-fullwidth non-hundred-percent-height-scrolling\" style=\"--awb-background-position:left top;--awb-border-radius-top-left:0px;--awb-border-radius-top-right:0px;--awb-border-radius-bottom-right:0px;--awb-border-radius-bottom-left:0px;--awb-padding-top:20px;--awb-padding-bottom:20px;--awb-border-sizes-top:0px;--awb-border-sizes-bottom:0px;--awb-flex-wrap:wrap;\" ><div class=\"fusion-builder-row fusion-row\"><div class=\"fusion-layout-column fusion_builder_column fusion-builder-column-1 fusion_builder_column_1_1 1_1 fusion-one-full fusion-column-first fusion-column-last\" style=\"--awb-bg-size:cover;\"><div class=\"fusion-column-wrapper fusion-flex-column-wrapper-legacy\"><div class=\"fusion-text fusion-text-3\"><h3>ESTAS SON MIS CONCLUSIONES:<\/h3>\n<\/div><div class=\"fusion-sep-clear\"><\/div><div class=\"fusion-separator fusion-clearfix\" style=\"float:left;margin-top:0px;margin-bottom:30px;width:100%;max-width:200px;\"><div class=\"fusion-separator-border sep-single sep-solid\" style=\"--awb-height:20px;--awb-amount:20px;--awb-sep-color:#fec96b;border-color:#fec96b;border-top-width:3px;\"><\/div><\/div><div class=\"fusion-sep-clear\"><\/div><div class=\"fusion-text fusion-text-4\"><ul>\n<li>Lloro, por ver llegar a Pau (el pay\u00e9s), en su camioneta llena de fruta y verdura y pensar: \u00a1Guau! Uno m\u00e1s que se suma a Vida Significativa. Por participar, por ayudar, por facilitar, por dar un precio asequible y por imaginarme a todas esas familias con hijos e hijas en situaci\u00f3n vulnerable benefici\u00e1ndose de productos de proximidad, de buena calidad y ecol\u00f3gicos.<\/li>\n<li>Lloro de emoci\u00f3n, porque me siento bien. Es una sensaci\u00f3n extra\u00f1a. Aunque suene raro, es una sensaci\u00f3n incluso de recompensa. T\u00fa haces algo por alguien, y simplemente te sientes lleno, en plenitud. Dar algo a alguien que no conoces personalmente pero que sabes que lo necesita, genera una satisfacci\u00f3n indescriptible, una sensaci\u00f3n de logro, e incluso de paz.<\/li>\n<li>Lloro de emoci\u00f3n, porque se fortalece el compa\u00f1erismo. Antes de la llegada de esa camioneta llena de comida, ha habido llamadas, reuniones, cenas, charlas, ideas, risas, bajones\u2026 Pienso en todos los voluntarios, socios y colaboradores de Vida Significativa que incluso estando lejos han hecho posible este proyecto.<\/li>\n<li>Lloro de emoci\u00f3n, por haber llegado hasta aqu\u00ed, por superar miedos e incluso l\u00edmites.<\/li>\n<li>Lloro de emoci\u00f3n, por todo lo que tengo y de lo afortunados que son mis hijos. Nosotros s\u00ed podemos comprar alimentos frescos y ecol\u00f3gicos cada semana.<\/li>\n<li>Y tambi\u00e9n lloro de emoci\u00f3n cuando ellos tambi\u00e9n se vuelven agradecidos y nos acompa\u00f1an en algunos de nuestros proyectos.<\/li>\n<\/ul>\n<p>Como dijo Paulo Coelho: <em>\u201cLas l\u00e1grimas son palabras que necesitan ser escritas\u201d<\/em><\/p>\n<ul>\n<li>Y, por \u00faltimo, lloro de emoci\u00f3n, por encontrarme a mi amiga Pachu, con sus hijos, para dar soporte, para compartir un bonito acto, por amistad y que luego te diga:<\/li>\n<\/ul>\n<p>&#8211; \u00bfTe vienes a comer a casa?<\/p>\n<p>Escrito por Helena Ramon.<\/p>\n<\/div><div class=\"fusion-image-element in-legacy-container\" style=\"--awb-caption-title-font-family:var(--h2_typography-font-family);--awb-caption-title-font-weight:var(--h2_typography-font-weight);--awb-caption-title-font-style:var(--h2_typography-font-style);--awb-caption-title-size:var(--h2_typography-font-size);--awb-caption-title-transform:var(--h2_typography-text-transform);--awb-caption-title-line-height:var(--h2_typography-line-height);--awb-caption-title-letter-spacing:var(--h2_typography-letter-spacing);\"><span class=\"fusion-imageframe imageframe-none imageframe-1 hover-type-none\"><img decoding=\"async\" width=\"800\" height=\"800\" alt=\"donacio-aliments-premia\" title=\"Aliments Premi\u00e0 de Mar 21.7.20 Entrega\" src=\"https:\/\/www.vidasignificativa.org\/wp-content\/uploads\/2020\/07\/Aliments-Premi\u00e0-de-Mar-21.7.20-Entrega.png\" class=\"img-responsive wp-image-1777\" srcset=\"https:\/\/www.vidasignificativa.org\/wp-content\/uploads\/2020\/07\/Aliments-Premi\u00e0-de-Mar-21.7.20-Entrega-200x200.png 200w, https:\/\/www.vidasignificativa.org\/wp-content\/uploads\/2020\/07\/Aliments-Premi\u00e0-de-Mar-21.7.20-Entrega-400x400.png 400w, https:\/\/www.vidasignificativa.org\/wp-content\/uploads\/2020\/07\/Aliments-Premi\u00e0-de-Mar-21.7.20-Entrega-600x600.png 600w, https:\/\/www.vidasignificativa.org\/wp-content\/uploads\/2020\/07\/Aliments-Premi\u00e0-de-Mar-21.7.20-Entrega.png 800w\" sizes=\"(max-width: 1024px) 100vw, 800px\" \/><\/span><\/div><div class=\"fusion-clearfix\"><\/div><\/div><\/div><\/div><\/div><div class=\"fusion-fullwidth fullwidth-box fusion-builder-row-3 nonhundred-percent-fullwidth non-hundred-percent-height-scrolling\" style=\"--awb-background-position:left top;--awb-border-radius-top-left:0px;--awb-border-radius-top-right:0px;--awb-border-radius-bottom-right:0px;--awb-border-radius-bottom-left:0px;--awb-padding-top:30px;--awb-padding-bottom:150px;--awb-border-sizes-top:0px;--awb-border-sizes-bottom:0px;--awb-flex-wrap:wrap;\" ><div class=\"fusion-builder-row fusion-row\"><div class=\"fusion-layout-column fusion_builder_column fusion-builder-column-2 fusion_builder_column_1_1 1_1 fusion-one-full fusion-column-first fusion-column-last\" style=\"--awb-bg-size:cover;\"><div class=\"fusion-column-wrapper fusion-flex-column-wrapper-legacy\"><div class=\"fusion-sharing-box fusion-sharing-box-1 boxed-icons has-taglines layout-floated layout-medium-floated layout-small-floated\" style=\"background-color:rgba(255,255,255,0);padding:0;--awb-layout:row;--awb-alignment-small:space-between;\" data-title=\"ALIMENTANDO SUE\u00d1OS\" data-description=\"ALIMENTANDO SUE\u00d1OS Dicen que hay personas PAS (Personas con Alta Sensibilidad). Es un concepto que se ha puesto muy de moda en la actualidad. Ahora resulta que todos somos PAS, o de Altas Capacidades, o Disl\u00e9xicos, o Hiperactivos o TEA (Trastornos del Espectro Autista.). Y si no somos nada de esto, no nos preocupemos\" data-link=\"https:\/\/www.vidasignificativa.org\/cat\/alimentando-suenos\/\"><h4 class=\"tagline\" style=\"color:#1e1e1e;\">Comparteix aquest article<\/h4><div class=\"fusion-social-networks sharingbox-shortcode-icon-wrapper sharingbox-shortcode-icon-wrapper-1 boxed-icons\"><span><a href=\"https:\/\/www.facebook.com\/sharer.php?u=https%3A%2F%2Fwww.vidasignificativa.org%2Fcat%2Falimentando-suenos%2F&amp;t=ALIMENTANDO%20SUE%C3%91OS\" target=\"_blank\" rel=\"noreferrer\" title=\"Facebook\" aria-label=\"Facebook\" data-placement=\"top\" data-toggle=\"tooltip\" data-title=\"Facebook\"><i class=\"fusion-social-network-icon fusion-tooltip fusion-facebook awb-icon-facebook\" style=\"color:#ffffff;background-color:#3b5998;border-color:#3b5998;border-radius:4px;\" aria-hidden=\"true\"><\/i><\/a><\/span><span><a href=\"https:\/\/twitter.com\/share?text=ALIMENTANDO%20SUE%C3%91OS&amp;url=https%3A%2F%2Fwww.vidasignificativa.org%2Fcat%2Falimentando-suenos%2F\" target=\"_blank\" rel=\"noopener noreferrer\" title=\"X\" aria-label=\"X\" data-placement=\"top\" data-toggle=\"tooltip\" data-title=\"X\"><i class=\"fusion-social-network-icon fusion-tooltip fusion-twitter awb-icon-twitter\" style=\"color:#ffffff;background-color:#000000;border-color:#000000;border-radius:4px;\" aria-hidden=\"true\"><\/i><\/a><\/span><span><a href=\"https:\/\/www.linkedin.com\/shareArticle?mini=true&amp;url=https%3A%2F%2Fwww.vidasignificativa.org%2Fcat%2Falimentando-suenos%2F&amp;title=ALIMENTANDO%20SUE%C3%91OS&amp;summary=ALIMENTANDO%20SUE%C3%91OS%20%20%0D%0A%0D%0ADicen%20que%20hay%20personas%20PAS%20%28Personas%20con%20Alta%20Sensibilidad%29.%20Es%20un%20concepto%20que%20se%20ha%20puesto%20muy%20de%20moda%20en%20la%20actualidad.%20Ahora%20resulta%20que%20todos%20somos%20PAS%2C%20o%20de%20Altas%20Capacidades%2C%20o%20Disl%C3%A9xicos%2C%20o%20Hiperactivos%20o%20TEA%20%28Trastornos%20del%20Espectro%20Autista.%29.%20Y%20si%20no%20somos%20nada%20de%20esto%2C%20no%20nos%20preocupemos\" target=\"_blank\" rel=\"noopener noreferrer\" title=\"LinkedIn\" aria-label=\"LinkedIn\" data-placement=\"top\" data-toggle=\"tooltip\" data-title=\"LinkedIn\"><i class=\"fusion-social-network-icon fusion-tooltip fusion-linkedin awb-icon-linkedin\" style=\"color:#ffffff;background-color:#0077b5;border-color:#0077b5;border-radius:4px;\" aria-hidden=\"true\"><\/i><\/a><\/span><span><a href=\"https:\/\/api.whatsapp.com\/send?text=https%3A%2F%2Fwww.vidasignificativa.org%2Fcat%2Falimentando-suenos%2F\" target=\"_blank\" rel=\"noopener noreferrer\" title=\"WhatsApp\" aria-label=\"WhatsApp\" data-placement=\"top\" data-toggle=\"tooltip\" data-title=\"WhatsApp\"><i class=\"fusion-social-network-icon fusion-tooltip fusion-whatsapp awb-icon-whatsapp\" style=\"color:#ffffff;background-color:#77e878;border-color:#77e878;border-radius:4px;\" aria-hidden=\"true\"><\/i><\/a><\/span><\/div><\/div><div class=\"fusion-clearfix\"><\/div><\/div><\/div><\/div><\/div><\/p>","protected":false},"excerpt":{"rendered":"","protected":false},"author":1,"featured_media":1786,"comment_status":"open","ping_status":"closed","sticky":false,"template":"","format":"standard","meta":{"give_campaign_id":0,"footnotes":""},"categories":[79,36,25,60,51,50,49,37,26,62],"tags":[39,61,40,38,63],"yoast_head":"<!-- This site is optimized with the Yoast SEO plugin v24.0 - https:\/\/yoast.com\/wordpress\/plugins\/seo\/ -->\n<title>ALIMENTANDO SUE\u00d1OS - Vida Significativa<\/title>\n<meta name=\"description\" content=\"En Vida significativa colaboramos con distintos proyectos solidarios porque nos encanta ayudar a las personas que m\u00e1s lo necesitan.\" \/>\n<meta name=\"robots\" content=\"index, follow, max-snippet:-1, max-image-preview:large, max-video-preview:-1\" \/>\n<link rel=\"canonical\" href=\"https:\/\/www.vidasignificativa.org\/cat\/alimentando-suenos\/\" \/>\n<meta property=\"og:locale\" content=\"ca_ES\" \/>\n<meta property=\"og:type\" content=\"article\" \/>\n<meta property=\"og:title\" content=\"ALIMENTANDO SUE\u00d1OS - Vida Significativa\" \/>\n<meta property=\"og:description\" content=\"En Vida significativa colaboramos con distintos proyectos solidarios porque nos encanta ayudar a las personas que m\u00e1s lo necesitan.\" \/>\n<meta property=\"og:url\" content=\"https:\/\/www.vidasignificativa.org\/cat\/alimentando-suenos\/\" \/>\n<meta property=\"og:site_name\" content=\"Vida Significativa\" \/>\n<meta property=\"article:published_time\" content=\"2020-07-23T09:59:22+00:00\" \/>\n<meta property=\"article:modified_time\" content=\"2020-10-22T09:58:30+00:00\" \/>\n<meta property=\"og:image\" content=\"https:\/\/www.vidasignificativa.org\/wp-content\/uploads\/2020\/07\/Experi\u00e8ncia-Helena-R-21.7.20.jpg\" \/>\n\t<meta property=\"og:image:width\" content=\"800\" \/>\n\t<meta property=\"og:image:height\" content=\"800\" \/>\n\t<meta property=\"og:image:type\" content=\"image\/jpeg\" \/>\n<meta name=\"author\" content=\"vidasignificativa\" \/>\n<meta name=\"twitter:card\" content=\"summary_large_image\" \/>\n<meta name=\"twitter:label1\" content=\"Escrit per\" \/>\n\t<meta name=\"twitter:data1\" content=\"vidasignificativa\" \/>\n\t<meta name=\"twitter:label2\" content=\"Temps estimat de lectura\" \/>\n\t<meta name=\"twitter:data2\" content=\"8 minuts\" \/>\n<script type=\"application\/ld+json\" class=\"yoast-schema-graph\">{\"@context\":\"https:\/\/schema.org\",\"@graph\":[{\"@type\":\"Article\",\"@id\":\"https:\/\/www.vidasignificativa.org\/cat\/alimentando-suenos\/#article\",\"isPartOf\":{\"@id\":\"https:\/\/www.vidasignificativa.org\/cat\/alimentando-suenos\/\"},\"author\":{\"name\":\"vidasignificativa\",\"@id\":\"https:\/\/www.vidasignificativa.org\/#\/schema\/person\/a44966fcddbd5126c638240188e9c27e\"},\"headline\":\"ALIMENTANDO SUE\u00d1OS\",\"datePublished\":\"2020-07-23T09:59:22+00:00\",\"dateModified\":\"2020-10-22T09:58:30+00:00\",\"mainEntityOfPage\":{\"@id\":\"https:\/\/www.vidasignificativa.org\/cat\/alimentando-suenos\/\"},\"wordCount\":1644,\"commentCount\":0,\"publisher\":{\"@id\":\"https:\/\/www.vidasignificativa.org\/#organization\"},\"image\":{\"@id\":\"https:\/\/www.vidasignificativa.org\/cat\/alimentando-suenos\/#primaryimage\"},\"thumbnailUrl\":\"https:\/\/www.vidasignificativa.org\/wp-content\/uploads\/2020\/07\/Experi\u00e8ncia-Helena-R-21.7.20.jpg\",\"keywords\":[\"Altruismo\",\"Coronavirus\",\"Solidaridad\",\"Voluntariado\",\"Vulnerabilidad\"],\"articleSection\":[\"Alimentos frescos\",\"Altruismo\",\"Blog\",\"Coronavirus\",\"Infancia\",\"Ni\u00f1as\",\"Ni\u00f1os\",\"Solidaridad\",\"Voluntariado\",\"Vulnerabilidad\"],\"inLanguage\":\"ca\",\"potentialAction\":[{\"@type\":\"CommentAction\",\"name\":\"Comment\",\"target\":[\"https:\/\/www.vidasignificativa.org\/cat\/alimentando-suenos\/#respond\"]}]},{\"@type\":\"WebPage\",\"@id\":\"https:\/\/www.vidasignificativa.org\/cat\/alimentando-suenos\/\",\"url\":\"https:\/\/www.vidasignificativa.org\/cat\/alimentando-suenos\/\",\"name\":\"ALIMENTANDO SUE\u00d1OS - Vida Significativa\",\"isPartOf\":{\"@id\":\"https:\/\/www.vidasignificativa.org\/#website\"},\"primaryImageOfPage\":{\"@id\":\"https:\/\/www.vidasignificativa.org\/cat\/alimentando-suenos\/#primaryimage\"},\"image\":{\"@id\":\"https:\/\/www.vidasignificativa.org\/cat\/alimentando-suenos\/#primaryimage\"},\"thumbnailUrl\":\"https:\/\/www.vidasignificativa.org\/wp-content\/uploads\/2020\/07\/Experi\u00e8ncia-Helena-R-21.7.20.jpg\",\"datePublished\":\"2020-07-23T09:59:22+00:00\",\"dateModified\":\"2020-10-22T09:58:30+00:00\",\"description\":\"En Vida significativa colaboramos con distintos proyectos solidarios porque nos encanta ayudar a las personas que m\u00e1s lo necesitan.\",\"breadcrumb\":{\"@id\":\"https:\/\/www.vidasignificativa.org\/cat\/alimentando-suenos\/#breadcrumb\"},\"inLanguage\":\"ca\",\"potentialAction\":[{\"@type\":\"ReadAction\",\"target\":[\"https:\/\/www.vidasignificativa.org\/cat\/alimentando-suenos\/\"]}]},{\"@type\":\"ImageObject\",\"inLanguage\":\"ca\",\"@id\":\"https:\/\/www.vidasignificativa.org\/cat\/alimentando-suenos\/#primaryimage\",\"url\":\"https:\/\/www.vidasignificativa.org\/wp-content\/uploads\/2020\/07\/Experi\u00e8ncia-Helena-R-21.7.20.jpg\",\"contentUrl\":\"https:\/\/www.vidasignificativa.org\/wp-content\/uploads\/2020\/07\/Experi\u00e8ncia-Helena-R-21.7.20.jpg\",\"width\":800,\"height\":800,\"caption\":\"Experi\u00e8ncia-Helena-R\"},{\"@type\":\"BreadcrumbList\",\"@id\":\"https:\/\/www.vidasignificativa.org\/cat\/alimentando-suenos\/#breadcrumb\",\"itemListElement\":[{\"@type\":\"ListItem\",\"position\":1,\"name\":\"Portada\",\"item\":\"https:\/\/www.vidasignificativa.org\/\"},{\"@type\":\"ListItem\",\"position\":2,\"name\":\"ALIMENTANDO SUE\u00d1OS\"}]},{\"@type\":\"WebSite\",\"@id\":\"https:\/\/www.vidasignificativa.org\/#website\",\"url\":\"https:\/\/www.vidasignificativa.org\/\",\"name\":\"Vida Significativa\",\"description\":\"ONG\",\"publisher\":{\"@id\":\"https:\/\/www.vidasignificativa.org\/#organization\"},\"potentialAction\":[{\"@type\":\"SearchAction\",\"target\":{\"@type\":\"EntryPoint\",\"urlTemplate\":\"https:\/\/www.vidasignificativa.org\/?s={search_term_string}\"},\"query-input\":{\"@type\":\"PropertyValueSpecification\",\"valueRequired\":true,\"valueName\":\"search_term_string\"}}],\"inLanguage\":\"ca\"},{\"@type\":\"Organization\",\"@id\":\"https:\/\/www.vidasignificativa.org\/#organization\",\"name\":\"Vida Significativa\",\"url\":\"https:\/\/www.vidasignificativa.org\/\",\"logo\":{\"@type\":\"ImageObject\",\"inLanguage\":\"ca\",\"@id\":\"https:\/\/www.vidasignificativa.org\/#\/schema\/logo\/image\/\",\"url\":\"https:\/\/www.vidasignificativa.org\/wp-content\/uploads\/2024\/01\/vida-sginificativa-logo-700x700-1.jpg\",\"contentUrl\":\"https:\/\/www.vidasignificativa.org\/wp-content\/uploads\/2024\/01\/vida-sginificativa-logo-700x700-1.jpg\",\"width\":700,\"height\":700,\"caption\":\"Vida Significativa\"},\"image\":{\"@id\":\"https:\/\/www.vidasignificativa.org\/#\/schema\/logo\/image\/\"}},{\"@type\":\"Person\",\"@id\":\"https:\/\/www.vidasignificativa.org\/#\/schema\/person\/a44966fcddbd5126c638240188e9c27e\",\"name\":\"vidasignificativa\"}]}<\/script>\n<!-- \/ Yoast SEO plugin. -->","yoast_head_json":{"title":"ALIMENTANDO SUE\u00d1OS - Vida Significativa","description":"En Vida significativa colaboramos con distintos proyectos solidarios porque nos encanta ayudar a las personas que m\u00e1s lo necesitan.","robots":{"index":"index","follow":"follow","max-snippet":"max-snippet:-1","max-image-preview":"max-image-preview:large","max-video-preview":"max-video-preview:-1"},"canonical":"https:\/\/www.vidasignificativa.org\/cat\/alimentando-suenos\/","og_locale":"ca_ES","og_type":"article","og_title":"ALIMENTANDO SUE\u00d1OS - Vida Significativa","og_description":"En Vida significativa colaboramos con distintos proyectos solidarios porque nos encanta ayudar a las personas que m\u00e1s lo necesitan.","og_url":"https:\/\/www.vidasignificativa.org\/cat\/alimentando-suenos\/","og_site_name":"Vida Significativa","article_published_time":"2020-07-23T09:59:22+00:00","article_modified_time":"2020-10-22T09:58:30+00:00","og_image":[{"width":800,"height":800,"url":"https:\/\/www.vidasignificativa.org\/wp-content\/uploads\/2020\/07\/Experi\u00e8ncia-Helena-R-21.7.20.jpg","type":"image\/jpeg"}],"author":"vidasignificativa","twitter_card":"summary_large_image","twitter_misc":{"Escrit per":"vidasignificativa","Temps estimat de lectura":"8 minuts"},"schema":{"@context":"https:\/\/schema.org","@graph":[{"@type":"Article","@id":"https:\/\/www.vidasignificativa.org\/cat\/alimentando-suenos\/#article","isPartOf":{"@id":"https:\/\/www.vidasignificativa.org\/cat\/alimentando-suenos\/"},"author":{"name":"vidasignificativa","@id":"https:\/\/www.vidasignificativa.org\/#\/schema\/person\/a44966fcddbd5126c638240188e9c27e"},"headline":"ALIMENTANDO SUE\u00d1OS","datePublished":"2020-07-23T09:59:22+00:00","dateModified":"2020-10-22T09:58:30+00:00","mainEntityOfPage":{"@id":"https:\/\/www.vidasignificativa.org\/cat\/alimentando-suenos\/"},"wordCount":1644,"commentCount":0,"publisher":{"@id":"https:\/\/www.vidasignificativa.org\/#organization"},"image":{"@id":"https:\/\/www.vidasignificativa.org\/cat\/alimentando-suenos\/#primaryimage"},"thumbnailUrl":"https:\/\/www.vidasignificativa.org\/wp-content\/uploads\/2020\/07\/Experi\u00e8ncia-Helena-R-21.7.20.jpg","keywords":["Altruismo","Coronavirus","Solidaridad","Voluntariado","Vulnerabilidad"],"articleSection":["Alimentos frescos","Altruismo","Blog","Coronavirus","Infancia","Ni\u00f1as","Ni\u00f1os","Solidaridad","Voluntariado","Vulnerabilidad"],"inLanguage":"ca","potentialAction":[{"@type":"CommentAction","name":"Comment","target":["https:\/\/www.vidasignificativa.org\/cat\/alimentando-suenos\/#respond"]}]},{"@type":"WebPage","@id":"https:\/\/www.vidasignificativa.org\/cat\/alimentando-suenos\/","url":"https:\/\/www.vidasignificativa.org\/cat\/alimentando-suenos\/","name":"ALIMENTANDO SUE\u00d1OS - Vida Significativa","isPartOf":{"@id":"https:\/\/www.vidasignificativa.org\/#website"},"primaryImageOfPage":{"@id":"https:\/\/www.vidasignificativa.org\/cat\/alimentando-suenos\/#primaryimage"},"image":{"@id":"https:\/\/www.vidasignificativa.org\/cat\/alimentando-suenos\/#primaryimage"},"thumbnailUrl":"https:\/\/www.vidasignificativa.org\/wp-content\/uploads\/2020\/07\/Experi\u00e8ncia-Helena-R-21.7.20.jpg","datePublished":"2020-07-23T09:59:22+00:00","dateModified":"2020-10-22T09:58:30+00:00","description":"En Vida significativa colaboramos con distintos proyectos solidarios porque nos encanta ayudar a las personas que m\u00e1s lo necesitan.","breadcrumb":{"@id":"https:\/\/www.vidasignificativa.org\/cat\/alimentando-suenos\/#breadcrumb"},"inLanguage":"ca","potentialAction":[{"@type":"ReadAction","target":["https:\/\/www.vidasignificativa.org\/cat\/alimentando-suenos\/"]}]},{"@type":"ImageObject","inLanguage":"ca","@id":"https:\/\/www.vidasignificativa.org\/cat\/alimentando-suenos\/#primaryimage","url":"https:\/\/www.vidasignificativa.org\/wp-content\/uploads\/2020\/07\/Experi\u00e8ncia-Helena-R-21.7.20.jpg","contentUrl":"https:\/\/www.vidasignificativa.org\/wp-content\/uploads\/2020\/07\/Experi\u00e8ncia-Helena-R-21.7.20.jpg","width":800,"height":800,"caption":"Experi\u00e8ncia-Helena-R"},{"@type":"BreadcrumbList","@id":"https:\/\/www.vidasignificativa.org\/cat\/alimentando-suenos\/#breadcrumb","itemListElement":[{"@type":"ListItem","position":1,"name":"Portada","item":"https:\/\/www.vidasignificativa.org\/"},{"@type":"ListItem","position":2,"name":"ALIMENTANDO SUE\u00d1OS"}]},{"@type":"WebSite","@id":"https:\/\/www.vidasignificativa.org\/#website","url":"https:\/\/www.vidasignificativa.org\/","name":"Vida Significativa","description":"ONG","publisher":{"@id":"https:\/\/www.vidasignificativa.org\/#organization"},"potentialAction":[{"@type":"SearchAction","target":{"@type":"EntryPoint","urlTemplate":"https:\/\/www.vidasignificativa.org\/?s={search_term_string}"},"query-input":{"@type":"PropertyValueSpecification","valueRequired":true,"valueName":"search_term_string"}}],"inLanguage":"ca"},{"@type":"Organization","@id":"https:\/\/www.vidasignificativa.org\/#organization","name":"Vida Significativa","url":"https:\/\/www.vidasignificativa.org\/","logo":{"@type":"ImageObject","inLanguage":"ca","@id":"https:\/\/www.vidasignificativa.org\/#\/schema\/logo\/image\/","url":"https:\/\/www.vidasignificativa.org\/wp-content\/uploads\/2024\/01\/vida-sginificativa-logo-700x700-1.jpg","contentUrl":"https:\/\/www.vidasignificativa.org\/wp-content\/uploads\/2024\/01\/vida-sginificativa-logo-700x700-1.jpg","width":700,"height":700,"caption":"Vida Significativa"},"image":{"@id":"https:\/\/www.vidasignificativa.org\/#\/schema\/logo\/image\/"}},{"@type":"Person","@id":"https:\/\/www.vidasignificativa.org\/#\/schema\/person\/a44966fcddbd5126c638240188e9c27e","name":"vidasignificativa"}]}},"_links":{"self":[{"href":"https:\/\/www.vidasignificativa.org\/cat\/wp-json\/wp\/v2\/posts\/1784"}],"collection":[{"href":"https:\/\/www.vidasignificativa.org\/cat\/wp-json\/wp\/v2\/posts"}],"about":[{"href":"https:\/\/www.vidasignificativa.org\/cat\/wp-json\/wp\/v2\/types\/post"}],"author":[{"embeddable":true,"href":"https:\/\/www.vidasignificativa.org\/cat\/wp-json\/wp\/v2\/users\/1"}],"replies":[{"embeddable":true,"href":"https:\/\/www.vidasignificativa.org\/cat\/wp-json\/wp\/v2\/comments?post=1784"}],"version-history":[{"count":0,"href":"https:\/\/www.vidasignificativa.org\/cat\/wp-json\/wp\/v2\/posts\/1784\/revisions"}],"wp:featuredmedia":[{"embeddable":true,"href":"https:\/\/www.vidasignificativa.org\/cat\/wp-json\/wp\/v2\/media\/1786"}],"wp:attachment":[{"href":"https:\/\/www.vidasignificativa.org\/cat\/wp-json\/wp\/v2\/media?parent=1784"}],"wp:term":[{"taxonomy":"category","embeddable":true,"href":"https:\/\/www.vidasignificativa.org\/cat\/wp-json\/wp\/v2\/categories?post=1784"},{"taxonomy":"post_tag","embeddable":true,"href":"https:\/\/www.vidasignificativa.org\/cat\/wp-json\/wp\/v2\/tags?post=1784"}],"curies":[{"name":"wp","href":"https:\/\/api.w.org\/{rel}","templated":true}]}}