{"id":1617,"date":"2020-06-15T22:28:49","date_gmt":"2020-06-15T22:28:49","guid":{"rendered":"https:\/\/www.vidasignificativa.org\/?p=1617"},"modified":"2020-10-22T10:06:46","modified_gmt":"2020-10-22T10:06:46","slug":"cuando-uno-encuentra-el-camino-vidas-libres-despues-de-la-carcel","status":"publish","type":"post","link":"https:\/\/www.vidasignificativa.org\/cat\/cuando-uno-encuentra-el-camino-vidas-libres-despues-de-la-carcel\/","title":{"rendered":"Cuando uno encuentra el camino. Vidas libres despu\u00e9s de la c\u00e1rcel"},"content":{"rendered":"<p><div class=\"fusion-fullwidth fullwidth-box fusion-builder-row-1 nonhundred-percent-fullwidth non-hundred-percent-height-scrolling\" style=\"--awb-background-position:left top;--awb-border-radius-top-left:0px;--awb-border-radius-top-right:0px;--awb-border-radius-bottom-right:0px;--awb-border-radius-bottom-left:0px;--awb-padding-top:50px;--awb-padding-bottom:0px;--awb-border-sizes-top:0px;--awb-border-sizes-bottom:0px;--awb-flex-wrap:wrap;\" ><div class=\"fusion-builder-row fusion-row\"><div class=\"fusion-layout-column fusion_builder_column fusion-builder-column-0 fusion_builder_column_1_1 1_1 fusion-one-full fusion-column-first fusion-column-last\" style=\"--awb-bg-size:cover;\"><div class=\"fusion-column-wrapper fusion-flex-column-wrapper-legacy\"><div class=\"fusion-text fusion-text-1\"><h3>\u00bfQU\u00c9 HA SIGNIFICADO PARA M\u00cd \u00abPASAR P\u00c1GINA\u00bb?<\/h3>\n<\/div><div class=\"fusion-sep-clear\"><\/div><div class=\"fusion-separator fusion-clearfix\" style=\"float:left;margin-top:0px;margin-bottom:30px;width:100%;max-width:200px;\"><div class=\"fusion-separator-border sep-single sep-solid\" style=\"--awb-height:20px;--awb-amount:20px;--awb-sep-color:#fec96b;border-color:#fec96b;border-top-width:3px;\"><\/div><\/div><div class=\"fusion-sep-clear\"><\/div><div class=\"fusion-text fusion-text-2\"><div dir=\"auto\">Liberarse del resentimiento, del sentimiento de culpa y del victimismo ha hecho que mi vida, en todos sus aspectos, la viva de una manera diferente. Y gracias a ello he podido vivir y sentir cosas maravillosas.<\/div>\n<div dir=\"auto\"><\/div>\n<div dir=\"auto\">Recuerdo muchas cosas bonitas de todo el proceso, con sus momentos m\u00e1s dif\u00edciles y los m\u00e1s maravillosos de mi vida.\u00a0Uno de ellos fue las ganas de que todo el mundo se sintiera como yo, las ganas de que todos tuvieran la misma oportunidad que tuve yo de poder convertir el dolor en aprendizaje.<\/div>\n<div dir=\"auto\">Cuando entiendes que todo lo que te ha pasado forma parte del aprendizaje de tu vida y que lo mejor que puedes hacer con ello es darle la vuelta y darle un nuevo sentido para tener una vida plena.<\/div>\n<div dir=\"auto\"><\/div>\n<blockquote>\n<div dir=\"auto\">Es como hacer magia.<\/div>\n<\/blockquote>\n<div dir=\"auto\"><\/div>\n<div dir=\"auto\">Todo este aprendizaje me llev\u00f3 a que en un taller con <a href=\"http:\/\/www.xaviercaparros.com\" target=\"_blank\" rel=\"noopener noreferrer\">Xavier Caparr\u00f3s<\/a> del altruismo, adem\u00e1s viera claro que despu\u00e9s de haber sido v\u00edctima de abusos y malos tratos, la \u00fanica salida para poder cambiar las cosas era \u201cdarle la vuelta\u201d<\/div>\n<div dir=\"auto\"><\/div>\n<blockquote>\n<div dir=\"auto\">\u00bfY si hacemos este taller en un centro penitenciario? \u00bfY si intentamos dejar de juzgar lo que ya est\u00e1 juzgado y tratamos de que todos encuentren ese camino \u00fanico de liberaci\u00f3n para poder empezar una nueva vida, una vida libres?<\/div>\n<\/blockquote>\n<\/div><div class=\"fusion-sep-clear\"><\/div><div class=\"fusion-separator fusion-full-width-sep\" style=\"margin-left: auto;margin-right: auto;margin-top:5px;width:100%;\"><\/div><div class=\"fusion-sep-clear\"><\/div><div class=\"fusion-clearfix\"><\/div><\/div><\/div><\/div><\/div><div class=\"fusion-fullwidth fullwidth-box fusion-builder-row-2 nonhundred-percent-fullwidth non-hundred-percent-height-scrolling\" style=\"--awb-background-position:left top;--awb-border-radius-top-left:0px;--awb-border-radius-top-right:0px;--awb-border-radius-bottom-right:0px;--awb-border-radius-bottom-left:0px;--awb-padding-top:20px;--awb-padding-bottom:20px;--awb-border-sizes-top:0px;--awb-border-sizes-bottom:0px;--awb-flex-wrap:wrap;\" ><div class=\"fusion-builder-row fusion-row\"><div class=\"fusion-layout-column fusion_builder_column fusion-builder-column-1 fusion_builder_column_1_1 1_1 fusion-one-full fusion-column-first fusion-column-last\" style=\"--awb-bg-size:cover;\"><div class=\"fusion-column-wrapper fusion-flex-column-wrapper-legacy\"><div class=\"fusion-text fusion-text-3\"><h3>Llev\u00e9 mi boca al coraz\u00f3n y dej\u00e9 que \u00e9l se encargara de transmitir todo lo que sent\u00eda<\/h3>\n<\/div><div class=\"fusion-sep-clear\"><\/div><div class=\"fusion-separator fusion-clearfix\" style=\"float:left;margin-top:0px;margin-bottom:30px;width:100%;max-width:200px;\"><div class=\"fusion-separator-border sep-single sep-solid\" style=\"--awb-height:20px;--awb-amount:20px;--awb-sep-color:#fec96b;border-color:#fec96b;border-top-width:3px;\"><\/div><\/div><div class=\"fusion-sep-clear\"><\/div><div class=\"fusion-text fusion-text-4\"><div dir=\"auto\">No puedo explicar con palabras lo que sent\u00ed en aquella sala rodeados de personas que nos miraban a Xavier y a mi, que esperaban algo de nosotros, de nuestras palabras.\u00a0\u00a0Personas a las que quer\u00eda contarles tantas cosas y no sab\u00eda c\u00f3mo hacerlo. Y a las que estaba dispuesta a echar una mano sin pensar. Y decirles que se puede, que s\u00ed se puede.<\/div>\n<div dir=\"auto\"><\/div>\n<div dir=\"auto\">Me temblaba la voz, le dec\u00eda a Xavier, \u201cempieza t\u00fa\u201d y no sab\u00eda c\u00f3mo empezar pero llev\u00e9 mi boca al coraz\u00f3n y dej\u00e9 que \u00e9l se encargara de transmitir todo lo que sent\u00eda.<\/div>\n<div dir=\"auto\">\u201cFui una ni\u00f1a abusada y una mujer maltratada &#8230;..\u201d As\u00ed salieron mis primeras palabras, sin pensar qu\u00e9 podr\u00eda suceder all\u00ed despu\u00e9s de decirlas. Es verdad que al principio fue tenso y que las miradas eran de incomprensi\u00f3n pero seg\u00fan fui dejando que las palabras salieran, me sent\u00ed muy segura y, sobretodo, muy c\u00f3moda.<\/div>\n<div dir=\"auto\">Pude explicar el por qu\u00e9, el por qu\u00e9 hab\u00eda decidido mostrarles que el rencor, el dolor, la rabia, el odio, la tristeza no iban a hacer que me sintiera mejor, que lo \u00fanico que hab\u00eda hecho que me sintiera mejor era liberarme de todo eso e integrarlo de tal manera que ahora viv\u00eda libre y feliz. M\u00e1s libre que nunca.<\/div>\n<div dir=\"auto\">Era la primera vez que explicaba eso delante de tanta gente y m\u00e1s a\u00fan de gente que no me conoc\u00eda de nada, pero me sent\u00ed m\u00e1s c\u00f3moda que nunca y muy acompa\u00f1ada.<\/div>\n<div dir=\"auto\"><\/div>\n<div dir=\"auto\">Fue la primera vez en mi vida que no se me empa\u00f1aron los ojos ni se me puso un nudo en la garganta al contarlo. \u00bfPor qu\u00e9? Porque habl\u00e9 desde el aprendizaje, no desde el dolor.<\/div>\n<div dir=\"auto\"><\/div>\n<div dir=\"auto\">Compartir esa experiencia con Xavier y con todas las personas que estaban all\u00ed, para mi fue un regalo.\u00a0Uno de los grandes regalos que me ha dado la vida.<\/div>\n<blockquote>\n<div dir=\"auto\">Recuerdo salir del centro, mirar a Xavier y decirle que me sent\u00eda la mujer m\u00e1s afortunada del mundo, por fin todo ten\u00eda sentido. Y ahora \u00edbamos a ayudar a que \u201cel todo\u201d de otras personas tambi\u00e9n tuviera ese sentido que tanto necesitaban.<\/div>\n<\/blockquote>\n<div dir=\"auto\"><\/div>\n<div dir=\"auto\">Despu\u00e9s de ese d\u00eda, el taller, las visitas, las llamadas, las cartas, los dibujos y manualidades, los encuentros con familiares en las salas de espera, todo empez\u00f3 a formar parte de unos fines de semana llenos de momentos incre\u00edbles.<\/div>\n<div dir=\"auto\"><\/div>\n<div dir=\"auto\">Recuerdo a cada persona con la que he compartido aunque sea un minuto all\u00ed.\u00a0A los funcionarios y funcionarias que cada d\u00eda acompa\u00f1an, escuchan y apoyan a las familias que van de visita. A los familiares que tratan de llevar la situaci\u00f3n como pueden, sacando sonrisas en la entrada y a veces derrumb\u00e1ndose al salir, he sentido sus alegr\u00edas, sus inquietudes, sus miedos y sus l\u00e1grimas como si fueran m\u00edos y para m\u00ed, conocerles, ha sido un verdadero regalo. He intentado darles lo mejor de m\u00ed y que sintieran que de una manera u otra estaba ah\u00ed.<\/div>\n<div dir=\"auto\"><\/div>\n<div dir=\"auto\">De los chicos s\u00f3lo puedo decir cosas maravillosas. Hemos pasado momentos m\u00e1s dif\u00edciles que otros, es verdad. Pero nos hemos mantenido firmes en nuestros prop\u00f3sitos y eso ha hecho que hoy las cosas sean diferentes y que tengamos un mont\u00f3n de proyectos y cambios.<\/div>\n<div dir=\"auto\"><\/div>\n<blockquote>\n<div dir=\"auto\">Hemos caminamos juntos y hemos aprendido unos de otros.<\/div>\n<\/blockquote>\n<div dir=\"auto\"><\/div>\n<div dir=\"auto\">Hemos entendido que el \u00fanico camino para estar bien es tener una buena actitud para el cambio, confiar en nosotros, no juzgar, no criticar, entender que lo hicimos lo mejor que pudimos, que los dem\u00e1s lo hicieron lo mejor que pudieron, perdonar, perdonarnos, escucharnos, que todos tenemos una parte de responsabilidad en las cosas que pasan, dejar de ser v\u00edctimas y verdugos y liberarnos de todo lo que nos hac\u00eda quedarnos en el mismo lugar.\u00a0Hemos entendido que los \u00fanicos que podemos vernos como personas capaces somos nosotros mismos y que por ese camino todo ser\u00e1n regalos<\/div>\n<div dir=\"auto\"><\/div>\n<div dir=\"auto\">Hoy, ellos acompa\u00f1an a otros y esos \u201cotros\u201d a otros. Y es que cuando uno encuentra el camino, no camina solo.<\/div>\n<div dir=\"auto\"><\/div>\n<div dir=\"auto\">Experiencia de Mar\u00eda Prieto, voluntaria de Vida Significativa.<\/div>\n<\/div><div class=\"fusion-clearfix\"><\/div><\/div><\/div><\/div><\/div><div class=\"fusion-fullwidth fullwidth-box fusion-builder-row-3 nonhundred-percent-fullwidth non-hundred-percent-height-scrolling\" style=\"--awb-background-position:left top;--awb-border-radius-top-left:0px;--awb-border-radius-top-right:0px;--awb-border-radius-bottom-right:0px;--awb-border-radius-bottom-left:0px;--awb-padding-top:30px;--awb-padding-bottom:150px;--awb-border-sizes-top:0px;--awb-border-sizes-bottom:0px;--awb-flex-wrap:wrap;\" ><div class=\"fusion-builder-row fusion-row\"><div class=\"fusion-layout-column fusion_builder_column fusion-builder-column-2 fusion_builder_column_1_1 1_1 fusion-one-full fusion-column-first fusion-column-last\" style=\"--awb-bg-size:cover;\"><div class=\"fusion-column-wrapper fusion-flex-column-wrapper-legacy\"><div class=\"fusion-sharing-box fusion-sharing-box-1 boxed-icons has-taglines layout-floated layout-medium-floated layout-small-floated\" style=\"background-color:rgba(255,255,255,0);padding:0;--awb-layout:row;--awb-alignment-small:space-between;\" data-title=\"Cuando uno encuentra el camino. Vidas libres despu\u00e9s de la c\u00e1rcel\" data-description=\"\u00bfQU\u00c9 HA SIGNIFICADO PARA M\u00cd &quot;PASAR P\u00c1GINA&quot;? Liberarse del resentimiento, del sentimiento de culpa y del victimismo ha hecho que mi vida, en todos sus aspectos, la viva de una manera diferente. Y gracias a ello he podido vivir y sentir cosas maravillosas.Recuerdo muchas cosas bonitas de todo el proceso, con\" data-link=\"https:\/\/www.vidasignificativa.org\/cat\/cuando-uno-encuentra-el-camino-vidas-libres-despues-de-la-carcel\/\"><h4 class=\"tagline\" style=\"color:#1e1e1e;\">Comparteix aquest article<\/h4><div class=\"fusion-social-networks sharingbox-shortcode-icon-wrapper sharingbox-shortcode-icon-wrapper-1 boxed-icons\"><span><a href=\"https:\/\/www.facebook.com\/sharer.php?u=https%3A%2F%2Fwww.vidasignificativa.org%2Fcat%2Fcuando-uno-encuentra-el-camino-vidas-libres-despues-de-la-carcel%2F&amp;t=Cuando%20uno%20encuentra%20el%20camino.%20Vidas%20libres%20despu%C3%A9s%20de%20la%20c%C3%A1rcel\" target=\"_blank\" rel=\"noreferrer\" title=\"Facebook\" aria-label=\"Facebook\" data-placement=\"top\" data-toggle=\"tooltip\" data-title=\"Facebook\"><i class=\"fusion-social-network-icon fusion-tooltip fusion-facebook awb-icon-facebook\" style=\"color:#ffffff;background-color:#3b5998;border-color:#3b5998;border-radius:4px;\" aria-hidden=\"true\"><\/i><\/a><\/span><span><a href=\"https:\/\/twitter.com\/share?text=Cuando%20uno%20encuentra%20el%20camino.%20Vidas%20libres%20despu%C3%A9s%20de%20la%20c%C3%A1rcel&amp;url=https%3A%2F%2Fwww.vidasignificativa.org%2Fcat%2Fcuando-uno-encuentra-el-camino-vidas-libres-despues-de-la-carcel%2F\" target=\"_blank\" rel=\"noopener noreferrer\" title=\"X\" aria-label=\"X\" data-placement=\"top\" data-toggle=\"tooltip\" data-title=\"X\"><i class=\"fusion-social-network-icon fusion-tooltip fusion-twitter awb-icon-twitter\" style=\"color:#ffffff;background-color:#000000;border-color:#000000;border-radius:4px;\" aria-hidden=\"true\"><\/i><\/a><\/span><span><a href=\"https:\/\/www.linkedin.com\/shareArticle?mini=true&amp;url=https%3A%2F%2Fwww.vidasignificativa.org%2Fcat%2Fcuando-uno-encuentra-el-camino-vidas-libres-despues-de-la-carcel%2F&amp;title=Cuando%20uno%20encuentra%20el%20camino.%20Vidas%20libres%20despu%C3%A9s%20de%20la%20c%C3%A1rcel&amp;summary=%C2%BFQU%C3%89%20HA%20SIGNIFICADO%20PARA%20M%C3%8D%20%26quot%3BPASAR%20P%C3%81GINA%26quot%3B%3F%20%20%0D%0ALiberarse%20del%20resentimiento%2C%20del%20sentimiento%20de%20culpa%20y%20del%20victimismo%20ha%20hecho%20que%20mi%20vida%2C%20en%20todos%20sus%20aspectos%2C%20la%20viva%20de%20una%20manera%20diferente.%20Y%20gracias%20a%20ello%20he%20podido%20vivir%20y%20sentir%20cosas%20maravillosas.%0D%0A%0D%0ARecuerdo%20muchas%20cosas%20bonitas%20de%20todo%20el%20proceso%2C%20con\" target=\"_blank\" rel=\"noopener noreferrer\" title=\"LinkedIn\" aria-label=\"LinkedIn\" data-placement=\"top\" data-toggle=\"tooltip\" data-title=\"LinkedIn\"><i class=\"fusion-social-network-icon fusion-tooltip fusion-linkedin awb-icon-linkedin\" style=\"color:#ffffff;background-color:#0077b5;border-color:#0077b5;border-radius:4px;\" aria-hidden=\"true\"><\/i><\/a><\/span><span><a href=\"https:\/\/api.whatsapp.com\/send?text=https%3A%2F%2Fwww.vidasignificativa.org%2Fcat%2Fcuando-uno-encuentra-el-camino-vidas-libres-despues-de-la-carcel%2F\" target=\"_blank\" rel=\"noopener noreferrer\" title=\"WhatsApp\" aria-label=\"WhatsApp\" data-placement=\"top\" data-toggle=\"tooltip\" data-title=\"WhatsApp\"><i class=\"fusion-social-network-icon fusion-tooltip fusion-whatsapp awb-icon-whatsapp\" style=\"color:#ffffff;background-color:#77e878;border-color:#77e878;border-radius:4px;\" aria-hidden=\"true\"><\/i><\/a><\/span><\/div><\/div><div class=\"fusion-image-element in-legacy-container\" style=\"--awb-caption-title-font-family:var(--h2_typography-font-family);--awb-caption-title-font-weight:var(--h2_typography-font-weight);--awb-caption-title-font-style:var(--h2_typography-font-style);--awb-caption-title-size:var(--h2_typography-font-size);--awb-caption-title-transform:var(--h2_typography-text-transform);--awb-caption-title-line-height:var(--h2_typography-line-height);--awb-caption-title-letter-spacing:var(--h2_typography-letter-spacing);\"><span class=\"fusion-imageframe imageframe-none imageframe-1 hover-type-none\"><img decoding=\"async\" width=\"768\" height=\"768\" title=\"Pasar p\u00e1gina, Experiencia Mar\u00eda Prieto\" src=\"https:\/\/www.vidasignificativa.org\/wp-content\/uploads\/2020\/06\/Pasar-p\u00e1gina-Experiencia-Mar\u00eda-Prieto.jpg\" alt class=\"img-responsive wp-image-1618\" srcset=\"https:\/\/www.vidasignificativa.org\/wp-content\/uploads\/2020\/06\/Pasar-p\u00e1gina-Experiencia-Mar\u00eda-Prieto-200x200.jpg 200w, https:\/\/www.vidasignificativa.org\/wp-content\/uploads\/2020\/06\/Pasar-p\u00e1gina-Experiencia-Mar\u00eda-Prieto-400x400.jpg 400w, https:\/\/www.vidasignificativa.org\/wp-content\/uploads\/2020\/06\/Pasar-p\u00e1gina-Experiencia-Mar\u00eda-Prieto-600x600.jpg 600w, https:\/\/www.vidasignificativa.org\/wp-content\/uploads\/2020\/06\/Pasar-p\u00e1gina-Experiencia-Mar\u00eda-Prieto.jpg 768w\" sizes=\"(max-width: 1024px) 100vw, 768px\" \/><\/span><\/div><div class=\"fusion-clearfix\"><\/div><\/div><\/div><\/div><\/div><\/p>","protected":false},"excerpt":{"rendered":"","protected":false},"author":1,"featured_media":1656,"comment_status":"open","ping_status":"closed","sticky":false,"template":"","format":"standard","meta":{"give_campaign_id":0,"footnotes":""},"categories":[36,25,73,72,37,26,62],"tags":[39,75,77,76,74,78,40,38,63],"yoast_head":"<!-- This site is optimized with the Yoast SEO plugin v24.0 - https:\/\/yoast.com\/wordpress\/plugins\/seo\/ -->\n<title>Liberaci\u00f3n personal, una vida plena y feliz - Vida Significativa<\/title>\n<meta name=\"description\" content=\"Aprende a pasar p\u00e1gina y dejar atr\u00e1s aquellas cosas que te impiden avanzar. Aprende a liberarte para vivir una vida plena y feliz.\" \/>\n<meta name=\"robots\" content=\"index, follow, max-snippet:-1, max-image-preview:large, max-video-preview:-1\" \/>\n<link rel=\"canonical\" href=\"https:\/\/www.vidasignificativa.org\/cat\/cuando-uno-encuentra-el-camino-vidas-libres-despues-de-la-carcel\/\" \/>\n<meta property=\"og:locale\" content=\"ca_ES\" \/>\n<meta property=\"og:type\" content=\"article\" \/>\n<meta property=\"og:title\" content=\"Liberaci\u00f3n personal, una vida plena y feliz - Vida Significativa\" \/>\n<meta property=\"og:description\" content=\"Aprende a pasar p\u00e1gina y dejar atr\u00e1s aquellas cosas que te impiden avanzar. Aprende a liberarte para vivir una vida plena y feliz.\" \/>\n<meta property=\"og:url\" content=\"https:\/\/www.vidasignificativa.org\/cat\/cuando-uno-encuentra-el-camino-vidas-libres-despues-de-la-carcel\/\" \/>\n<meta property=\"og:site_name\" content=\"Vida Significativa\" \/>\n<meta property=\"article:published_time\" content=\"2020-06-15T22:28:49+00:00\" \/>\n<meta property=\"article:modified_time\" content=\"2020-10-22T10:06:46+00:00\" \/>\n<meta property=\"og:image\" content=\"https:\/\/www.vidasignificativa.org\/wp-content\/uploads\/2020\/06\/cage-freedom-jail-iron-Pet-supply-bird-supply-1576957-pxhere.com_.jpg\" \/>\n\t<meta property=\"og:image:width\" content=\"800\" \/>\n\t<meta property=\"og:image:height\" content=\"533\" \/>\n\t<meta property=\"og:image:type\" content=\"image\/jpeg\" \/>\n<meta name=\"author\" content=\"vidasignificativa\" \/>\n<meta name=\"twitter:card\" content=\"summary_large_image\" \/>\n<meta name=\"twitter:label1\" content=\"Escrit per\" \/>\n\t<meta name=\"twitter:data1\" content=\"vidasignificativa\" \/>\n\t<meta name=\"twitter:label2\" content=\"Temps estimat de lectura\" \/>\n\t<meta name=\"twitter:data2\" content=\"9 minuts\" \/>\n<script type=\"application\/ld+json\" class=\"yoast-schema-graph\">{\"@context\":\"https:\/\/schema.org\",\"@graph\":[{\"@type\":\"Article\",\"@id\":\"https:\/\/www.vidasignificativa.org\/cuando-uno-encuentra-el-camino-vidas-libres-despues-de-la-carcel\/#article\",\"isPartOf\":{\"@id\":\"https:\/\/www.vidasignificativa.org\/cuando-uno-encuentra-el-camino-vidas-libres-despues-de-la-carcel\/\"},\"author\":{\"name\":\"vidasignificativa\",\"@id\":\"https:\/\/www.vidasignificativa.org\/#\/schema\/person\/a44966fcddbd5126c638240188e9c27e\"},\"headline\":\"Cuando uno encuentra el camino. Vidas libres despu\u00e9s de la c\u00e1rcel\",\"datePublished\":\"2020-06-15T22:28:49+00:00\",\"dateModified\":\"2020-10-22T10:06:46+00:00\",\"mainEntityOfPage\":{\"@id\":\"https:\/\/www.vidasignificativa.org\/cuando-uno-encuentra-el-camino-vidas-libres-despues-de-la-carcel\/\"},\"wordCount\":1810,\"commentCount\":0,\"publisher\":{\"@id\":\"https:\/\/www.vidasignificativa.org\/#organization\"},\"image\":{\"@id\":\"https:\/\/www.vidasignificativa.org\/cuando-uno-encuentra-el-camino-vidas-libres-despues-de-la-carcel\/#primaryimage\"},\"thumbnailUrl\":\"https:\/\/www.vidasignificativa.org\/wp-content\/uploads\/2020\/06\/cage-freedom-jail-iron-Pet-supply-bird-supply-1576957-pxhere.com_.jpg\",\"keywords\":[\"Altruismo\",\"Centro penitenciario\",\"Libertad\",\"Presos\",\"Prisi\u00f3n\",\"Sanar\",\"Solidaridad\",\"Voluntariado\",\"Vulnerabilidad\"],\"articleSection\":[\"Altruismo\",\"Blog\",\"Libertad\",\"Prisi\u00f3n\",\"Solidaridad\",\"Voluntariado\",\"Vulnerabilidad\"],\"inLanguage\":\"ca\",\"potentialAction\":[{\"@type\":\"CommentAction\",\"name\":\"Comment\",\"target\":[\"https:\/\/www.vidasignificativa.org\/cuando-uno-encuentra-el-camino-vidas-libres-despues-de-la-carcel\/#respond\"]}]},{\"@type\":\"WebPage\",\"@id\":\"https:\/\/www.vidasignificativa.org\/cuando-uno-encuentra-el-camino-vidas-libres-despues-de-la-carcel\/\",\"url\":\"https:\/\/www.vidasignificativa.org\/cuando-uno-encuentra-el-camino-vidas-libres-despues-de-la-carcel\/\",\"name\":\"Liberaci\u00f3n personal, una vida plena y feliz - Vida Significativa\",\"isPartOf\":{\"@id\":\"https:\/\/www.vidasignificativa.org\/#website\"},\"primaryImageOfPage\":{\"@id\":\"https:\/\/www.vidasignificativa.org\/cuando-uno-encuentra-el-camino-vidas-libres-despues-de-la-carcel\/#primaryimage\"},\"image\":{\"@id\":\"https:\/\/www.vidasignificativa.org\/cuando-uno-encuentra-el-camino-vidas-libres-despues-de-la-carcel\/#primaryimage\"},\"thumbnailUrl\":\"https:\/\/www.vidasignificativa.org\/wp-content\/uploads\/2020\/06\/cage-freedom-jail-iron-Pet-supply-bird-supply-1576957-pxhere.com_.jpg\",\"datePublished\":\"2020-06-15T22:28:49+00:00\",\"dateModified\":\"2020-10-22T10:06:46+00:00\",\"description\":\"Aprende a pasar p\u00e1gina y dejar atr\u00e1s aquellas cosas que te impiden avanzar. Aprende a liberarte para vivir una vida plena y feliz.\",\"breadcrumb\":{\"@id\":\"https:\/\/www.vidasignificativa.org\/cuando-uno-encuentra-el-camino-vidas-libres-despues-de-la-carcel\/#breadcrumb\"},\"inLanguage\":\"ca\",\"potentialAction\":[{\"@type\":\"ReadAction\",\"target\":[\"https:\/\/www.vidasignificativa.org\/cuando-uno-encuentra-el-camino-vidas-libres-despues-de-la-carcel\/\"]}]},{\"@type\":\"ImageObject\",\"inLanguage\":\"ca\",\"@id\":\"https:\/\/www.vidasignificativa.org\/cuando-uno-encuentra-el-camino-vidas-libres-despues-de-la-carcel\/#primaryimage\",\"url\":\"https:\/\/www.vidasignificativa.org\/wp-content\/uploads\/2020\/06\/cage-freedom-jail-iron-Pet-supply-bird-supply-1576957-pxhere.com_.jpg\",\"contentUrl\":\"https:\/\/www.vidasignificativa.org\/wp-content\/uploads\/2020\/06\/cage-freedom-jail-iron-Pet-supply-bird-supply-1576957-pxhere.com_.jpg\",\"width\":800,\"height\":533},{\"@type\":\"BreadcrumbList\",\"@id\":\"https:\/\/www.vidasignificativa.org\/cuando-uno-encuentra-el-camino-vidas-libres-despues-de-la-carcel\/#breadcrumb\",\"itemListElement\":[{\"@type\":\"ListItem\",\"position\":1,\"name\":\"Portada\",\"item\":\"https:\/\/www.vidasignificativa.org\/\"},{\"@type\":\"ListItem\",\"position\":2,\"name\":\"Cuando uno encuentra el camino. Vidas libres despu\u00e9s de la c\u00e1rcel\"}]},{\"@type\":\"WebSite\",\"@id\":\"https:\/\/www.vidasignificativa.org\/#website\",\"url\":\"https:\/\/www.vidasignificativa.org\/\",\"name\":\"Vida Significativa\",\"description\":\"ONG\",\"publisher\":{\"@id\":\"https:\/\/www.vidasignificativa.org\/#organization\"},\"potentialAction\":[{\"@type\":\"SearchAction\",\"target\":{\"@type\":\"EntryPoint\",\"urlTemplate\":\"https:\/\/www.vidasignificativa.org\/?s={search_term_string}\"},\"query-input\":{\"@type\":\"PropertyValueSpecification\",\"valueRequired\":true,\"valueName\":\"search_term_string\"}}],\"inLanguage\":\"ca\"},{\"@type\":\"Organization\",\"@id\":\"https:\/\/www.vidasignificativa.org\/#organization\",\"name\":\"Vida Significativa\",\"url\":\"https:\/\/www.vidasignificativa.org\/\",\"logo\":{\"@type\":\"ImageObject\",\"inLanguage\":\"ca\",\"@id\":\"https:\/\/www.vidasignificativa.org\/#\/schema\/logo\/image\/\",\"url\":\"https:\/\/www.vidasignificativa.org\/wp-content\/uploads\/2024\/01\/vida-sginificativa-logo-700x700-1.jpg\",\"contentUrl\":\"https:\/\/www.vidasignificativa.org\/wp-content\/uploads\/2024\/01\/vida-sginificativa-logo-700x700-1.jpg\",\"width\":700,\"height\":700,\"caption\":\"Vida Significativa\"},\"image\":{\"@id\":\"https:\/\/www.vidasignificativa.org\/#\/schema\/logo\/image\/\"}},{\"@type\":\"Person\",\"@id\":\"https:\/\/www.vidasignificativa.org\/#\/schema\/person\/a44966fcddbd5126c638240188e9c27e\",\"name\":\"vidasignificativa\"}]}<\/script>\n<!-- \/ Yoast SEO plugin. -->","yoast_head_json":{"title":"Liberaci\u00f3n personal, una vida plena y feliz - Vida Significativa","description":"Aprende a pasar p\u00e1gina y dejar atr\u00e1s aquellas cosas que te impiden avanzar. Aprende a liberarte para vivir una vida plena y feliz.","robots":{"index":"index","follow":"follow","max-snippet":"max-snippet:-1","max-image-preview":"max-image-preview:large","max-video-preview":"max-video-preview:-1"},"canonical":"https:\/\/www.vidasignificativa.org\/cat\/cuando-uno-encuentra-el-camino-vidas-libres-despues-de-la-carcel\/","og_locale":"ca_ES","og_type":"article","og_title":"Liberaci\u00f3n personal, una vida plena y feliz - Vida Significativa","og_description":"Aprende a pasar p\u00e1gina y dejar atr\u00e1s aquellas cosas que te impiden avanzar. Aprende a liberarte para vivir una vida plena y feliz.","og_url":"https:\/\/www.vidasignificativa.org\/cat\/cuando-uno-encuentra-el-camino-vidas-libres-despues-de-la-carcel\/","og_site_name":"Vida Significativa","article_published_time":"2020-06-15T22:28:49+00:00","article_modified_time":"2020-10-22T10:06:46+00:00","og_image":[{"width":800,"height":533,"url":"https:\/\/www.vidasignificativa.org\/wp-content\/uploads\/2020\/06\/cage-freedom-jail-iron-Pet-supply-bird-supply-1576957-pxhere.com_.jpg","type":"image\/jpeg"}],"author":"vidasignificativa","twitter_card":"summary_large_image","twitter_misc":{"Escrit per":"vidasignificativa","Temps estimat de lectura":"9 minuts"},"schema":{"@context":"https:\/\/schema.org","@graph":[{"@type":"Article","@id":"https:\/\/www.vidasignificativa.org\/cuando-uno-encuentra-el-camino-vidas-libres-despues-de-la-carcel\/#article","isPartOf":{"@id":"https:\/\/www.vidasignificativa.org\/cuando-uno-encuentra-el-camino-vidas-libres-despues-de-la-carcel\/"},"author":{"name":"vidasignificativa","@id":"https:\/\/www.vidasignificativa.org\/#\/schema\/person\/a44966fcddbd5126c638240188e9c27e"},"headline":"Cuando uno encuentra el camino. Vidas libres despu\u00e9s de la c\u00e1rcel","datePublished":"2020-06-15T22:28:49+00:00","dateModified":"2020-10-22T10:06:46+00:00","mainEntityOfPage":{"@id":"https:\/\/www.vidasignificativa.org\/cuando-uno-encuentra-el-camino-vidas-libres-despues-de-la-carcel\/"},"wordCount":1810,"commentCount":0,"publisher":{"@id":"https:\/\/www.vidasignificativa.org\/#organization"},"image":{"@id":"https:\/\/www.vidasignificativa.org\/cuando-uno-encuentra-el-camino-vidas-libres-despues-de-la-carcel\/#primaryimage"},"thumbnailUrl":"https:\/\/www.vidasignificativa.org\/wp-content\/uploads\/2020\/06\/cage-freedom-jail-iron-Pet-supply-bird-supply-1576957-pxhere.com_.jpg","keywords":["Altruismo","Centro penitenciario","Libertad","Presos","Prisi\u00f3n","Sanar","Solidaridad","Voluntariado","Vulnerabilidad"],"articleSection":["Altruismo","Blog","Libertad","Prisi\u00f3n","Solidaridad","Voluntariado","Vulnerabilidad"],"inLanguage":"ca","potentialAction":[{"@type":"CommentAction","name":"Comment","target":["https:\/\/www.vidasignificativa.org\/cuando-uno-encuentra-el-camino-vidas-libres-despues-de-la-carcel\/#respond"]}]},{"@type":"WebPage","@id":"https:\/\/www.vidasignificativa.org\/cuando-uno-encuentra-el-camino-vidas-libres-despues-de-la-carcel\/","url":"https:\/\/www.vidasignificativa.org\/cuando-uno-encuentra-el-camino-vidas-libres-despues-de-la-carcel\/","name":"Liberaci\u00f3n personal, una vida plena y feliz - Vida Significativa","isPartOf":{"@id":"https:\/\/www.vidasignificativa.org\/#website"},"primaryImageOfPage":{"@id":"https:\/\/www.vidasignificativa.org\/cuando-uno-encuentra-el-camino-vidas-libres-despues-de-la-carcel\/#primaryimage"},"image":{"@id":"https:\/\/www.vidasignificativa.org\/cuando-uno-encuentra-el-camino-vidas-libres-despues-de-la-carcel\/#primaryimage"},"thumbnailUrl":"https:\/\/www.vidasignificativa.org\/wp-content\/uploads\/2020\/06\/cage-freedom-jail-iron-Pet-supply-bird-supply-1576957-pxhere.com_.jpg","datePublished":"2020-06-15T22:28:49+00:00","dateModified":"2020-10-22T10:06:46+00:00","description":"Aprende a pasar p\u00e1gina y dejar atr\u00e1s aquellas cosas que te impiden avanzar. Aprende a liberarte para vivir una vida plena y feliz.","breadcrumb":{"@id":"https:\/\/www.vidasignificativa.org\/cuando-uno-encuentra-el-camino-vidas-libres-despues-de-la-carcel\/#breadcrumb"},"inLanguage":"ca","potentialAction":[{"@type":"ReadAction","target":["https:\/\/www.vidasignificativa.org\/cuando-uno-encuentra-el-camino-vidas-libres-despues-de-la-carcel\/"]}]},{"@type":"ImageObject","inLanguage":"ca","@id":"https:\/\/www.vidasignificativa.org\/cuando-uno-encuentra-el-camino-vidas-libres-despues-de-la-carcel\/#primaryimage","url":"https:\/\/www.vidasignificativa.org\/wp-content\/uploads\/2020\/06\/cage-freedom-jail-iron-Pet-supply-bird-supply-1576957-pxhere.com_.jpg","contentUrl":"https:\/\/www.vidasignificativa.org\/wp-content\/uploads\/2020\/06\/cage-freedom-jail-iron-Pet-supply-bird-supply-1576957-pxhere.com_.jpg","width":800,"height":533},{"@type":"BreadcrumbList","@id":"https:\/\/www.vidasignificativa.org\/cuando-uno-encuentra-el-camino-vidas-libres-despues-de-la-carcel\/#breadcrumb","itemListElement":[{"@type":"ListItem","position":1,"name":"Portada","item":"https:\/\/www.vidasignificativa.org\/"},{"@type":"ListItem","position":2,"name":"Cuando uno encuentra el camino. Vidas libres despu\u00e9s de la c\u00e1rcel"}]},{"@type":"WebSite","@id":"https:\/\/www.vidasignificativa.org\/#website","url":"https:\/\/www.vidasignificativa.org\/","name":"Vida Significativa","description":"ONG","publisher":{"@id":"https:\/\/www.vidasignificativa.org\/#organization"},"potentialAction":[{"@type":"SearchAction","target":{"@type":"EntryPoint","urlTemplate":"https:\/\/www.vidasignificativa.org\/?s={search_term_string}"},"query-input":{"@type":"PropertyValueSpecification","valueRequired":true,"valueName":"search_term_string"}}],"inLanguage":"ca"},{"@type":"Organization","@id":"https:\/\/www.vidasignificativa.org\/#organization","name":"Vida Significativa","url":"https:\/\/www.vidasignificativa.org\/","logo":{"@type":"ImageObject","inLanguage":"ca","@id":"https:\/\/www.vidasignificativa.org\/#\/schema\/logo\/image\/","url":"https:\/\/www.vidasignificativa.org\/wp-content\/uploads\/2024\/01\/vida-sginificativa-logo-700x700-1.jpg","contentUrl":"https:\/\/www.vidasignificativa.org\/wp-content\/uploads\/2024\/01\/vida-sginificativa-logo-700x700-1.jpg","width":700,"height":700,"caption":"Vida Significativa"},"image":{"@id":"https:\/\/www.vidasignificativa.org\/#\/schema\/logo\/image\/"}},{"@type":"Person","@id":"https:\/\/www.vidasignificativa.org\/#\/schema\/person\/a44966fcddbd5126c638240188e9c27e","name":"vidasignificativa"}]}},"_links":{"self":[{"href":"https:\/\/www.vidasignificativa.org\/cat\/wp-json\/wp\/v2\/posts\/1617"}],"collection":[{"href":"https:\/\/www.vidasignificativa.org\/cat\/wp-json\/wp\/v2\/posts"}],"about":[{"href":"https:\/\/www.vidasignificativa.org\/cat\/wp-json\/wp\/v2\/types\/post"}],"author":[{"embeddable":true,"href":"https:\/\/www.vidasignificativa.org\/cat\/wp-json\/wp\/v2\/users\/1"}],"replies":[{"embeddable":true,"href":"https:\/\/www.vidasignificativa.org\/cat\/wp-json\/wp\/v2\/comments?post=1617"}],"version-history":[{"count":0,"href":"https:\/\/www.vidasignificativa.org\/cat\/wp-json\/wp\/v2\/posts\/1617\/revisions"}],"wp:featuredmedia":[{"embeddable":true,"href":"https:\/\/www.vidasignificativa.org\/cat\/wp-json\/wp\/v2\/media\/1656"}],"wp:attachment":[{"href":"https:\/\/www.vidasignificativa.org\/cat\/wp-json\/wp\/v2\/media?parent=1617"}],"wp:term":[{"taxonomy":"category","embeddable":true,"href":"https:\/\/www.vidasignificativa.org\/cat\/wp-json\/wp\/v2\/categories?post=1617"},{"taxonomy":"post_tag","embeddable":true,"href":"https:\/\/www.vidasignificativa.org\/cat\/wp-json\/wp\/v2\/tags?post=1617"}],"curies":[{"name":"wp","href":"https:\/\/api.w.org\/{rel}","templated":true}]}}