{"id":152,"date":"2020-01-25T10:18:19","date_gmt":"2020-01-25T10:18:19","guid":{"rendered":"http:\/\/www.vidasignificativa.org\/?p=152"},"modified":"2020-10-22T10:36:25","modified_gmt":"2020-10-22T10:36:25","slug":"caminata-junto-a-ninos-de-un-centro-residencial","status":"publish","type":"post","link":"https:\/\/www.vidasignificativa.org\/cat\/caminata-junto-a-ninos-de-un-centro-residencial\/","title":{"rendered":"Caminata junto a ni\u00f1@s de un centro residencial"},"content":{"rendered":"<p><div class=\"fusion-fullwidth fullwidth-box fusion-builder-row-1 nonhundred-percent-fullwidth non-hundred-percent-height-scrolling\" style=\"--awb-background-position:left top;--awb-border-radius-top-left:0px;--awb-border-radius-top-right:0px;--awb-border-radius-bottom-right:0px;--awb-border-radius-bottom-left:0px;--awb-padding-top:120px;--awb-padding-bottom:0px;--awb-border-sizes-top:0px;--awb-border-sizes-bottom:0px;--awb-flex-wrap:wrap;\" ><div class=\"fusion-builder-row fusion-row\"><div class=\"fusion-layout-column fusion_builder_column fusion-builder-column-0 fusion_builder_column_1_1 1_1 fusion-one-full fusion-column-first fusion-column-last\" style=\"--awb-bg-size:cover;\"><div class=\"fusion-column-wrapper fusion-flex-column-wrapper-legacy\"><div class=\"fusion-text fusion-text-1\"><h3>HACIENDO CAMINO CON PERSONAS INCRE\u00cdBLES<\/h3>\n<\/div><div class=\"fusion-sep-clear\"><\/div><div class=\"fusion-separator fusion-clearfix\" style=\"float:left;margin-top:0px;margin-bottom:30px;width:100%;max-width:200px;\"><div class=\"fusion-separator-border sep-single sep-solid\" style=\"--awb-height:20px;--awb-amount:20px;--awb-sep-color:#fec96b;border-color:#fec96b;border-top-width:3px;\"><\/div><\/div><div class=\"fusion-sep-clear\"><\/div><div class=\"fusion-text fusion-text-2\"><p>Cuando conectas con la naturaleza, todo fluye de forma distinta, con m\u00e1s expansi\u00f3n, apertura y ternura.<\/p>\n<p>Y fue as\u00ed como, voluntari@s de Vida Significativa, organizaron el tercer encuentro con l@s ni\u00f1@s de la casa residencial de Tei\u00e0 (y sus educadores), pero esta vez, con una propuesta distinta.<\/p>\n<blockquote>\n<p>\u00a1Nos vamos de excursi\u00f3n al Parque Natural de la Serralada Litoral!<\/p>\n<\/blockquote>\n<\/div><div class=\"fusion-sep-clear\"><\/div><div class=\"fusion-separator fusion-full-width-sep\" style=\"margin-left: auto;margin-right: auto;margin-top:5px;width:100%;\"><\/div><div class=\"fusion-sep-clear\"><\/div><div class=\"fusion-text fusion-text-3\"><p>El encuentro fue hermoso, muy agradable y con mucha conexi\u00f3n entre voluntari@s y ni\u00f1@s. El itinerario empezaba en el cementerio de Tei\u00e0 y ascend\u00eda por una pista forestal hasta la ermita de Sant Mateu. Recorrido con paradas de educaci\u00f3n ambiental conociendo algunas de las plantas medicinales, comestibles, t\u00f3xicas, invasoras\u2026 de la zona.<\/p>\n<\/div><div class=\"fusion-image-carousel fusion-image-carousel-auto fusion-image-carousel-1 fusion-carousel-border\"><div class=\"awb-carousel awb-swiper awb-swiper-carousel\" data-autoplay=\"yes\" data-columns=\"5\" data-itemmargin=\"13\" data-itemwidth=\"180\" data-touchscroll=\"no\" data-imagesize=\"auto\"><div class=\"swiper-wrapper awb-image-carousel-wrapper fusion-flex-align-items-center\"><div class=\"swiper-slide\"><div class=\"fusion-carousel-item-wrapper\"><div class=\"fusion-image-wrapper hover-type-none\"><img decoding=\"async\" width=\"1920\" height=\"2560\" src=\"https:\/\/www.vidasignificativa.org\/wp-content\/uploads\/2020\/01\/IMG20200125122907-scaled.jpg\" class=\"attachment-full size-full\" alt=\"excursi\u00f3n solidaria\" srcset=\"https:\/\/www.vidasignificativa.org\/wp-content\/uploads\/2020\/01\/IMG20200125122907-200x267.jpg 200w, https:\/\/www.vidasignificativa.org\/wp-content\/uploads\/2020\/01\/IMG20200125122907-400x533.jpg 400w, https:\/\/www.vidasignificativa.org\/wp-content\/uploads\/2020\/01\/IMG20200125122907-600x800.jpg 600w, https:\/\/www.vidasignificativa.org\/wp-content\/uploads\/2020\/01\/IMG20200125122907-800x1067.jpg 800w, https:\/\/www.vidasignificativa.org\/wp-content\/uploads\/2020\/01\/IMG20200125122907-1200x1600.jpg 1200w, https:\/\/www.vidasignificativa.org\/wp-content\/uploads\/2020\/01\/IMG20200125122907-scaled.jpg 1920w\" sizes=\"(min-width: 2200px) 100vw, (min-width: 1280px) 224px, (min-width: 1120px) 280px, (min-width: 960px) 373px, (min-width: 800px) 559px, (min-width: 640px) 800px, \" \/><\/div><\/div><\/div><div class=\"swiper-slide\"><div class=\"fusion-carousel-item-wrapper\"><div class=\"fusion-image-wrapper hover-type-none\"><img decoding=\"async\" width=\"2560\" height=\"1920\" src=\"https:\/\/www.vidasignificativa.org\/wp-content\/uploads\/2020\/01\/IMG20200125123722-scaled.jpg\" class=\"attachment-full size-full\" alt=\"excursi\u00f3n solidaria\" srcset=\"https:\/\/www.vidasignificativa.org\/wp-content\/uploads\/2020\/01\/IMG20200125123722-200x150.jpg 200w, https:\/\/www.vidasignificativa.org\/wp-content\/uploads\/2020\/01\/IMG20200125123722-400x300.jpg 400w, https:\/\/www.vidasignificativa.org\/wp-content\/uploads\/2020\/01\/IMG20200125123722-600x450.jpg 600w, https:\/\/www.vidasignificativa.org\/wp-content\/uploads\/2020\/01\/IMG20200125123722-800x600.jpg 800w, https:\/\/www.vidasignificativa.org\/wp-content\/uploads\/2020\/01\/IMG20200125123722-1200x900.jpg 1200w, https:\/\/www.vidasignificativa.org\/wp-content\/uploads\/2020\/01\/IMG20200125123722-scaled.jpg 2560w\" sizes=\"(min-width: 2200px) 100vw, (min-width: 1280px) 224px, (min-width: 1120px) 280px, (min-width: 960px) 373px, (min-width: 800px) 559px, (min-width: 640px) 800px, \" \/><\/div><\/div><\/div><div class=\"swiper-slide\"><div class=\"fusion-carousel-item-wrapper\"><div class=\"fusion-image-wrapper hover-type-none\"><img decoding=\"async\" width=\"1920\" height=\"2560\" src=\"https:\/\/www.vidasignificativa.org\/wp-content\/uploads\/2020\/01\/IMG20200125160131-scaled.jpg\" class=\"attachment-full size-full\" alt=\"plantas aromaticas\" srcset=\"https:\/\/www.vidasignificativa.org\/wp-content\/uploads\/2020\/01\/IMG20200125160131-200x267.jpg 200w, https:\/\/www.vidasignificativa.org\/wp-content\/uploads\/2020\/01\/IMG20200125160131-400x533.jpg 400w, https:\/\/www.vidasignificativa.org\/wp-content\/uploads\/2020\/01\/IMG20200125160131-600x800.jpg 600w, https:\/\/www.vidasignificativa.org\/wp-content\/uploads\/2020\/01\/IMG20200125160131-800x1067.jpg 800w, https:\/\/www.vidasignificativa.org\/wp-content\/uploads\/2020\/01\/IMG20200125160131-1200x1600.jpg 1200w, https:\/\/www.vidasignificativa.org\/wp-content\/uploads\/2020\/01\/IMG20200125160131-scaled.jpg 1920w\" sizes=\"(min-width: 2200px) 100vw, (min-width: 1280px) 224px, (min-width: 1120px) 280px, (min-width: 960px) 373px, (min-width: 800px) 559px, (min-width: 640px) 800px, \" \/><\/div><\/div><\/div><div class=\"swiper-slide\"><div class=\"fusion-carousel-item-wrapper\"><div class=\"fusion-image-wrapper hover-type-none\"><img decoding=\"async\" width=\"2560\" height=\"1920\" src=\"https:\/\/www.vidasignificativa.org\/wp-content\/uploads\/2020\/01\/IMG20200125145317-scaled.jpg\" class=\"attachment-full size-full\" alt=\"Actividades vida significativa\" srcset=\"https:\/\/www.vidasignificativa.org\/wp-content\/uploads\/2020\/01\/IMG20200125145317-200x150.jpg 200w, https:\/\/www.vidasignificativa.org\/wp-content\/uploads\/2020\/01\/IMG20200125145317-400x300.jpg 400w, https:\/\/www.vidasignificativa.org\/wp-content\/uploads\/2020\/01\/IMG20200125145317-600x450.jpg 600w, https:\/\/www.vidasignificativa.org\/wp-content\/uploads\/2020\/01\/IMG20200125145317-800x600.jpg 800w, https:\/\/www.vidasignificativa.org\/wp-content\/uploads\/2020\/01\/IMG20200125145317-1200x900.jpg 1200w, https:\/\/www.vidasignificativa.org\/wp-content\/uploads\/2020\/01\/IMG20200125145317-scaled.jpg 2560w\" sizes=\"(min-width: 2200px) 100vw, (min-width: 1280px) 224px, (min-width: 1120px) 280px, (min-width: 960px) 373px, (min-width: 800px) 559px, (min-width: 640px) 800px, \" \/><\/div><\/div><\/div><div class=\"swiper-slide\"><div class=\"fusion-carousel-item-wrapper\"><div class=\"fusion-image-wrapper hover-type-none\"><img decoding=\"async\" width=\"2560\" height=\"1920\" src=\"https:\/\/www.vidasignificativa.org\/wp-content\/uploads\/2020\/01\/IMG20200125162030-scaled.jpg\" class=\"attachment-full size-full\" alt=\"flores\" srcset=\"https:\/\/www.vidasignificativa.org\/wp-content\/uploads\/2020\/01\/IMG20200125162030-200x150.jpg 200w, https:\/\/www.vidasignificativa.org\/wp-content\/uploads\/2020\/01\/IMG20200125162030-400x300.jpg 400w, https:\/\/www.vidasignificativa.org\/wp-content\/uploads\/2020\/01\/IMG20200125162030-600x450.jpg 600w, https:\/\/www.vidasignificativa.org\/wp-content\/uploads\/2020\/01\/IMG20200125162030-800x600.jpg 800w, https:\/\/www.vidasignificativa.org\/wp-content\/uploads\/2020\/01\/IMG20200125162030-1200x900.jpg 1200w, https:\/\/www.vidasignificativa.org\/wp-content\/uploads\/2020\/01\/IMG20200125162030-scaled.jpg 2560w\" sizes=\"(min-width: 2200px) 100vw, (min-width: 1280px) 224px, (min-width: 1120px) 280px, (min-width: 960px) 373px, (min-width: 800px) 559px, (min-width: 640px) 800px, \" \/><\/div><\/div><\/div><div class=\"swiper-slide\"><div class=\"fusion-carousel-item-wrapper\"><div class=\"fusion-image-wrapper hover-type-none\"><img decoding=\"async\" width=\"2560\" height=\"1920\" src=\"https:\/\/www.vidasignificativa.org\/wp-content\/uploads\/2020\/01\/IMG20200125141154-scaled.jpg\" class=\"attachment-full size-full\" alt=\"caminata solidaria\" srcset=\"https:\/\/www.vidasignificativa.org\/wp-content\/uploads\/2020\/01\/IMG20200125141154-200x150.jpg 200w, https:\/\/www.vidasignificativa.org\/wp-content\/uploads\/2020\/01\/IMG20200125141154-400x300.jpg 400w, https:\/\/www.vidasignificativa.org\/wp-content\/uploads\/2020\/01\/IMG20200125141154-600x450.jpg 600w, https:\/\/www.vidasignificativa.org\/wp-content\/uploads\/2020\/01\/IMG20200125141154-800x600.jpg 800w, https:\/\/www.vidasignificativa.org\/wp-content\/uploads\/2020\/01\/IMG20200125141154-1200x900.jpg 1200w, https:\/\/www.vidasignificativa.org\/wp-content\/uploads\/2020\/01\/IMG20200125141154-scaled.jpg 2560w\" sizes=\"(min-width: 2200px) 100vw, (min-width: 1280px) 224px, (min-width: 1120px) 280px, (min-width: 960px) 373px, (min-width: 800px) 559px, (min-width: 640px) 800px, \" \/><\/div><\/div><\/div><\/div><div class=\"awb-swiper-button awb-swiper-button-prev\"><i class=\"awb-icon-angle-left\" aria-hidden=\"true\"><\/i><\/div><div class=\"awb-swiper-button awb-swiper-button-next\"><i class=\"awb-icon-angle-right\" aria-hidden=\"true\"><\/i><\/div><\/div><\/div><div class=\"fusion-clearfix\"><\/div><\/div><\/div><\/div><\/div><div class=\"fusion-fullwidth fullwidth-box fusion-builder-row-2 nonhundred-percent-fullwidth non-hundred-percent-height-scrolling\" style=\"--awb-background-position:left top;--awb-border-radius-top-left:0px;--awb-border-radius-top-right:0px;--awb-border-radius-bottom-right:0px;--awb-border-radius-bottom-left:0px;--awb-padding-top:20px;--awb-padding-bottom:20px;--awb-border-sizes-top:0px;--awb-border-sizes-bottom:0px;--awb-flex-wrap:wrap;\" ><div class=\"fusion-builder-row fusion-row\"><div class=\"fusion-layout-column fusion_builder_column fusion-builder-column-1 fusion_builder_column_1_1 1_1 fusion-one-full fusion-column-first fusion-column-last\" style=\"--awb-bg-size:cover;\"><div class=\"fusion-column-wrapper fusion-flex-column-wrapper-legacy\"><div class=\"fusion-text fusion-text-4\"><h3>AN\u00c9CDOTAS INESPERADAS<\/h3>\n<\/div><div class=\"fusion-sep-clear\"><\/div><div class=\"fusion-separator fusion-clearfix\" style=\"float:left;margin-top:0px;margin-bottom:30px;width:100%;max-width:200px;\"><div class=\"fusion-separator-border sep-single sep-solid\" style=\"--awb-height:20px;--awb-amount:20px;--awb-sep-color:#fec96b;border-color:#fec96b;border-top-width:3px;\"><\/div><\/div><div class=\"fusion-sep-clear\"><\/div><div class=\"fusion-text fusion-text-5\"><p>Una de las an\u00e9cdotas de la subida fue el encuentro con un cazador y sus colegas, que estaban realizando una cacer\u00eda de jabal\u00ed delante nuestro. L@s ni\u00f1@s, no se cortaron ni un pelo en manifestar su indignaci\u00f3n y les pidieron explicaciones del por qu\u00e9 estaban haciendo tal acci\u00f3n.<\/p>\n<blockquote>\n<p>\u00bfPor qu\u00e9 caz\u00e1is?<\/p>\n<p>\u00bfQu\u00e9 os han hecho los jabal\u00eds para que los mat\u00e9is?<\/p>\n<\/blockquote>\n<p>Ellos, sinti\u00e9ndose algo intimidados, no supieron justificar-lo ni responder demasiado. Y seguimos el camino con una sensaci\u00f3n extra\u00f1a. En fin\u2026<\/p>\n<p>Una vez en la cumbre y despu\u00e9s de dar de comer a los caballos, yeguas y burros que viven en la finca de la cima, comimos el almuerzo tod@s junt@s delante de la ermita rom\u00e1nica de Sant Mateu. Despu\u00e9s, empezaron los juegos de campo y m\u00e1s charlas y encuentros\u2026<\/p>\n<\/div><div class=\"fusion-image-element fusion-image-align-center in-legacy-container\" style=\"text-align:center;--awb-caption-title-font-family:var(--h2_typography-font-family);--awb-caption-title-font-weight:var(--h2_typography-font-weight);--awb-caption-title-font-style:var(--h2_typography-font-style);--awb-caption-title-size:var(--h2_typography-font-size);--awb-caption-title-transform:var(--h2_typography-text-transform);--awb-caption-title-line-height:var(--h2_typography-line-height);--awb-caption-title-letter-spacing:var(--h2_typography-letter-spacing);\"><div class=\"imageframe-align-center\"><span class=\"fusion-imageframe imageframe-none imageframe-1 hover-type-none\"><img decoding=\"async\" width=\"2560\" height=\"1920\" alt=\"excursi\u00f3n solidaria 2\" title=\"Excursi\u00f3n-solidaria\" src=\"http:\/\/www.vidasignificativa.org\/wp-content\/uploads\/2016\/08\/Excursi\u00f3n-solidaria-25.1.20-scaled.jpg\" class=\"img-responsive wp-image-1180\" srcset=\"https:\/\/www.vidasignificativa.org\/wp-content\/uploads\/2016\/08\/Excursi\u00f3n-solidaria-25.1.20-200x150.jpg 200w, https:\/\/www.vidasignificativa.org\/wp-content\/uploads\/2016\/08\/Excursi\u00f3n-solidaria-25.1.20-400x300.jpg 400w, https:\/\/www.vidasignificativa.org\/wp-content\/uploads\/2016\/08\/Excursi\u00f3n-solidaria-25.1.20-600x450.jpg 600w, https:\/\/www.vidasignificativa.org\/wp-content\/uploads\/2016\/08\/Excursi\u00f3n-solidaria-25.1.20-800x600.jpg 800w, https:\/\/www.vidasignificativa.org\/wp-content\/uploads\/2016\/08\/Excursi\u00f3n-solidaria-25.1.20-1200x900.jpg 1200w, https:\/\/www.vidasignificativa.org\/wp-content\/uploads\/2016\/08\/Excursi\u00f3n-solidaria-25.1.20-scaled.jpg 2560w\" sizes=\"(max-width: 1024px) 100vw, 1200px\" \/><\/span><\/div><\/div><div class=\"fusion-sep-clear\"><\/div><div class=\"fusion-separator fusion-full-width-sep\" style=\"margin-left: auto;margin-right: auto;margin-top:25px;width:100%;\"><\/div><div class=\"fusion-sep-clear\"><\/div><div class=\"fusion-text fusion-text-6\"><p>La bajada, por una pista alternativa y circular (para no repetir camino), fue r\u00e1pida. Sin darnos cuenta, llegamos al punto de partida y nos fundimos con abrazos y besos mientras nos despedimos de las ni\u00f1as y los ni\u00f1os del centro residencial.<\/p>\n<p>Una ni\u00f1a, <em>Princesa<\/em>, expresando sus pensamientos y sentimientos nos dijo:<\/p>\n<blockquote>\n<p>\u00bfVendr\u00e9is ma\u00f1ana a mi casa? Quiero ense\u00f1aros mis juguetes, quiero jugar otra vez con vosotros.<\/p>\n<\/blockquote>\n<p>\u00a1Gracias por este d\u00eda!<\/p>\n<p>Escrito por Laia Freixanet.<\/p>\n<\/div><div class=\"fusion-clearfix\"><\/div><\/div><\/div><\/div><\/div><div class=\"fusion-fullwidth fullwidth-box fusion-builder-row-3 nonhundred-percent-fullwidth non-hundred-percent-height-scrolling\" style=\"--awb-background-position:left top;--awb-border-radius-top-left:0px;--awb-border-radius-top-right:0px;--awb-border-radius-bottom-right:0px;--awb-border-radius-bottom-left:0px;--awb-padding-top:30px;--awb-padding-bottom:150px;--awb-border-sizes-top:0px;--awb-border-sizes-bottom:0px;--awb-flex-wrap:wrap;\" ><div class=\"fusion-builder-row fusion-row\"><div class=\"fusion-layout-column fusion_builder_column fusion-builder-column-2 fusion_builder_column_1_1 1_1 fusion-one-full fusion-column-first fusion-column-last\" style=\"--awb-bg-size:cover;\"><div class=\"fusion-column-wrapper fusion-flex-column-wrapper-legacy\"><div class=\"fusion-sharing-box fusion-sharing-box-1 boxed-icons has-taglines layout-floated layout-medium-floated layout-small-floated\" style=\"background-color:rgba(255,255,255,0);padding:0;--awb-layout:row;--awb-alignment-small:space-between;\" data-title=\"Caminata junto a ni\u00f1@s de un centro residencial\" data-description=\"HACIENDO CAMINO CON PERSONAS INCRE\u00cdBLES Cuando conectas con la naturaleza, todo fluye de forma distinta, con m\u00e1s expansi\u00f3n, apertura y ternura.Y fue as\u00ed como, voluntari@s de Vida Significativa, organizaron el tercer encuentro con l@s ni\u00f1@s de la casa residencial de Tei\u00e0 (y sus educadores), pero esta vez, con una propuesta distinta.\u00a1Nos vamos de excursi\u00f3n\" data-link=\"https:\/\/www.vidasignificativa.org\/cat\/caminata-junto-a-ninos-de-un-centro-residencial\/\"><h4 class=\"tagline\" style=\"color:#1e1e1e;\">Comparteix aquest article<\/h4><div class=\"fusion-social-networks sharingbox-shortcode-icon-wrapper sharingbox-shortcode-icon-wrapper-1 boxed-icons\"><span><a href=\"https:\/\/www.facebook.com\/sharer.php?u=https%3A%2F%2Fwww.vidasignificativa.org%2Fcat%2Fcaminata-junto-a-ninos-de-un-centro-residencial%2F&amp;t=Caminata%20junto%20a%20ni%C3%B1%40s%20de%20un%20centro%20residencial\" target=\"_blank\" rel=\"noreferrer\" title=\"Facebook\" aria-label=\"Facebook\" data-placement=\"top\" data-toggle=\"tooltip\" data-title=\"Facebook\"><i class=\"fusion-social-network-icon fusion-tooltip fusion-facebook awb-icon-facebook\" style=\"color:#ffffff;background-color:#3b5998;border-color:#3b5998;border-radius:4px;\" aria-hidden=\"true\"><\/i><\/a><\/span><span><a href=\"https:\/\/twitter.com\/share?text=Caminata%20junto%20a%20ni%C3%B1%40s%20de%20un%20centro%20residencial&amp;url=https%3A%2F%2Fwww.vidasignificativa.org%2Fcat%2Fcaminata-junto-a-ninos-de-un-centro-residencial%2F\" target=\"_blank\" rel=\"noopener noreferrer\" title=\"X\" aria-label=\"X\" data-placement=\"top\" data-toggle=\"tooltip\" data-title=\"X\"><i class=\"fusion-social-network-icon fusion-tooltip fusion-twitter awb-icon-twitter\" style=\"color:#ffffff;background-color:#000000;border-color:#000000;border-radius:4px;\" aria-hidden=\"true\"><\/i><\/a><\/span><span><a href=\"https:\/\/www.linkedin.com\/shareArticle?mini=true&amp;url=https%3A%2F%2Fwww.vidasignificativa.org%2Fcat%2Fcaminata-junto-a-ninos-de-un-centro-residencial%2F&amp;title=Caminata%20junto%20a%20ni%C3%B1%40s%20de%20un%20centro%20residencial&amp;summary=HACIENDO%20CAMINO%20CON%20PERSONAS%20INCRE%C3%8DBLES%20%20%0D%0A%0D%0ACuando%20conectas%20con%20la%20naturaleza%2C%20todo%20fluye%20de%20forma%20distinta%2C%20con%20m%C3%A1s%20expansi%C3%B3n%2C%20apertura%20y%20ternura.%0D%0A%0D%0AY%20fue%20as%C3%AD%20como%2C%20voluntari%40s%20de%20Vida%20Significativa%2C%20organizaron%20el%20tercer%20encuentro%20con%20l%40s%20ni%C3%B1%40s%20de%20la%20casa%20residencial%20de%20Tei%C3%A0%20%28y%20sus%20educadores%29%2C%20pero%20esta%20vez%2C%20con%20una%20propuesta%20distinta.%0D%0A%C2%A1Nos%20vamos%20de%20excursi%C3%B3n\" target=\"_blank\" rel=\"noopener noreferrer\" title=\"LinkedIn\" aria-label=\"LinkedIn\" data-placement=\"top\" data-toggle=\"tooltip\" data-title=\"LinkedIn\"><i class=\"fusion-social-network-icon fusion-tooltip fusion-linkedin awb-icon-linkedin\" style=\"color:#ffffff;background-color:#0077b5;border-color:#0077b5;border-radius:4px;\" aria-hidden=\"true\"><\/i><\/a><\/span><span><a href=\"https:\/\/api.whatsapp.com\/send?text=https%3A%2F%2Fwww.vidasignificativa.org%2Fcat%2Fcaminata-junto-a-ninos-de-un-centro-residencial%2F\" target=\"_blank\" rel=\"noopener noreferrer\" title=\"WhatsApp\" aria-label=\"WhatsApp\" data-placement=\"top\" data-toggle=\"tooltip\" data-title=\"WhatsApp\"><i class=\"fusion-social-network-icon fusion-tooltip fusion-whatsapp awb-icon-whatsapp\" style=\"color:#ffffff;background-color:#77e878;border-color:#77e878;border-radius:4px;\" aria-hidden=\"true\"><\/i><\/a><\/span><\/div><\/div><div class=\"fusion-clearfix\"><\/div><\/div><\/div><\/div><\/div><\/p>","protected":false},"excerpt":{"rendered":"","protected":false},"author":1,"featured_media":1180,"comment_status":"open","ping_status":"closed","sticky":false,"template":"","format":"standard","meta":{"give_campaign_id":0,"footnotes":""},"categories":[36,46,42,37,26],"tags":[39,47,40,38],"yoast_head":"<!-- This site is optimized with the Yoast SEO plugin v24.0 - https:\/\/yoast.com\/wordpress\/plugins\/seo\/ -->\n<title>Caminata junto a ni\u00f1@s de un centro residencial - Vida Significativa<\/title>\n<meta name=\"description\" content=\"Voluntari@s de Vida Significativa, organizaron el tercer encuentro con l@s ni\u00f1@s de la casa residencial de Tei\u00e0 para ir de caminata.\" \/>\n<meta name=\"robots\" content=\"index, follow, max-snippet:-1, max-image-preview:large, max-video-preview:-1\" \/>\n<link rel=\"canonical\" href=\"https:\/\/www.vidasignificativa.org\/cat\/caminata-junto-a-ninos-de-un-centro-residencial\/\" \/>\n<meta property=\"og:locale\" content=\"ca_ES\" \/>\n<meta property=\"og:type\" content=\"article\" \/>\n<meta property=\"og:title\" content=\"Caminata junto a ni\u00f1@s de un centro residencial - Vida Significativa\" \/>\n<meta property=\"og:description\" content=\"Voluntari@s de Vida Significativa, organizaron el tercer encuentro con l@s ni\u00f1@s de la casa residencial de Tei\u00e0 para ir de caminata.\" \/>\n<meta property=\"og:url\" content=\"https:\/\/www.vidasignificativa.org\/cat\/caminata-junto-a-ninos-de-un-centro-residencial\/\" \/>\n<meta property=\"og:site_name\" content=\"Vida Significativa\" \/>\n<meta property=\"article:published_time\" content=\"2020-01-25T10:18:19+00:00\" \/>\n<meta property=\"article:modified_time\" content=\"2020-10-22T10:36:25+00:00\" \/>\n<meta property=\"og:image\" content=\"https:\/\/www.vidasignificativa.org\/wp-content\/uploads\/2016\/08\/Excursi\u00f3n-solidaria-25.1.20-scaled.jpg\" \/>\n\t<meta property=\"og:image:width\" content=\"2560\" \/>\n\t<meta property=\"og:image:height\" content=\"1920\" \/>\n\t<meta property=\"og:image:type\" content=\"image\/jpeg\" \/>\n<meta name=\"author\" content=\"vidasignificativa\" \/>\n<meta name=\"twitter:card\" content=\"summary_large_image\" \/>\n<meta name=\"twitter:label1\" content=\"Escrit per\" \/>\n\t<meta name=\"twitter:data1\" content=\"vidasignificativa\" \/>\n\t<meta name=\"twitter:label2\" content=\"Temps estimat de lectura\" \/>\n\t<meta name=\"twitter:data2\" content=\"7 minuts\" \/>\n<script type=\"application\/ld+json\" class=\"yoast-schema-graph\">{\"@context\":\"https:\/\/schema.org\",\"@graph\":[{\"@type\":\"Article\",\"@id\":\"https:\/\/www.vidasignificativa.org\/caminata-junto-a-ninos-de-un-centro-residencial\/#article\",\"isPartOf\":{\"@id\":\"https:\/\/www.vidasignificativa.org\/caminata-junto-a-ninos-de-un-centro-residencial\/\"},\"author\":{\"name\":\"vidasignificativa\",\"@id\":\"https:\/\/www.vidasignificativa.org\/#\/schema\/person\/a44966fcddbd5126c638240188e9c27e\"},\"headline\":\"Caminata junto a ni\u00f1@s de un centro residencial\",\"datePublished\":\"2020-01-25T10:18:19+00:00\",\"dateModified\":\"2020-10-22T10:36:25+00:00\",\"mainEntityOfPage\":{\"@id\":\"https:\/\/www.vidasignificativa.org\/caminata-junto-a-ninos-de-un-centro-residencial\/\"},\"wordCount\":1320,\"commentCount\":0,\"publisher\":{\"@id\":\"https:\/\/www.vidasignificativa.org\/#organization\"},\"image\":{\"@id\":\"https:\/\/www.vidasignificativa.org\/caminata-junto-a-ninos-de-un-centro-residencial\/#primaryimage\"},\"thumbnailUrl\":\"https:\/\/www.vidasignificativa.org\/wp-content\/uploads\/2016\/08\/Excursi\u00f3n-solidaria-25.1.20-scaled.jpg\",\"keywords\":[\"Altruismo\",\"Excursi\u00f3n solidaria\",\"Solidaridad\",\"Voluntariado\"],\"articleSection\":[\"Altruismo\",\"Excursi\u00f3n solidaria\",\"Sensibilizaci\u00f3n\",\"Solidaridad\",\"Voluntariado\"],\"inLanguage\":\"ca\",\"potentialAction\":[{\"@type\":\"CommentAction\",\"name\":\"Comment\",\"target\":[\"https:\/\/www.vidasignificativa.org\/caminata-junto-a-ninos-de-un-centro-residencial\/#respond\"]}]},{\"@type\":\"WebPage\",\"@id\":\"https:\/\/www.vidasignificativa.org\/caminata-junto-a-ninos-de-un-centro-residencial\/\",\"url\":\"https:\/\/www.vidasignificativa.org\/caminata-junto-a-ninos-de-un-centro-residencial\/\",\"name\":\"Caminata junto a ni\u00f1@s de un centro residencial - Vida Significativa\",\"isPartOf\":{\"@id\":\"https:\/\/www.vidasignificativa.org\/#website\"},\"primaryImageOfPage\":{\"@id\":\"https:\/\/www.vidasignificativa.org\/caminata-junto-a-ninos-de-un-centro-residencial\/#primaryimage\"},\"image\":{\"@id\":\"https:\/\/www.vidasignificativa.org\/caminata-junto-a-ninos-de-un-centro-residencial\/#primaryimage\"},\"thumbnailUrl\":\"https:\/\/www.vidasignificativa.org\/wp-content\/uploads\/2016\/08\/Excursi\u00f3n-solidaria-25.1.20-scaled.jpg\",\"datePublished\":\"2020-01-25T10:18:19+00:00\",\"dateModified\":\"2020-10-22T10:36:25+00:00\",\"description\":\"Voluntari@s de Vida Significativa, organizaron el tercer encuentro con l@s ni\u00f1@s de la casa residencial de Tei\u00e0 para ir de caminata.\",\"breadcrumb\":{\"@id\":\"https:\/\/www.vidasignificativa.org\/caminata-junto-a-ninos-de-un-centro-residencial\/#breadcrumb\"},\"inLanguage\":\"ca\",\"potentialAction\":[{\"@type\":\"ReadAction\",\"target\":[\"https:\/\/www.vidasignificativa.org\/caminata-junto-a-ninos-de-un-centro-residencial\/\"]}]},{\"@type\":\"ImageObject\",\"inLanguage\":\"ca\",\"@id\":\"https:\/\/www.vidasignificativa.org\/caminata-junto-a-ninos-de-un-centro-residencial\/#primaryimage\",\"url\":\"https:\/\/www.vidasignificativa.org\/wp-content\/uploads\/2016\/08\/Excursi\u00f3n-solidaria-25.1.20-scaled.jpg\",\"contentUrl\":\"https:\/\/www.vidasignificativa.org\/wp-content\/uploads\/2016\/08\/Excursi\u00f3n-solidaria-25.1.20-scaled.jpg\",\"width\":2560,\"height\":1920,\"caption\":\"excursi\u00f3n solidaria 2\"},{\"@type\":\"BreadcrumbList\",\"@id\":\"https:\/\/www.vidasignificativa.org\/caminata-junto-a-ninos-de-un-centro-residencial\/#breadcrumb\",\"itemListElement\":[{\"@type\":\"ListItem\",\"position\":1,\"name\":\"Portada\",\"item\":\"https:\/\/www.vidasignificativa.org\/\"},{\"@type\":\"ListItem\",\"position\":2,\"name\":\"Caminata junto a ni\u00f1@s de un centro residencial\"}]},{\"@type\":\"WebSite\",\"@id\":\"https:\/\/www.vidasignificativa.org\/#website\",\"url\":\"https:\/\/www.vidasignificativa.org\/\",\"name\":\"Vida Significativa\",\"description\":\"ONG\",\"publisher\":{\"@id\":\"https:\/\/www.vidasignificativa.org\/#organization\"},\"potentialAction\":[{\"@type\":\"SearchAction\",\"target\":{\"@type\":\"EntryPoint\",\"urlTemplate\":\"https:\/\/www.vidasignificativa.org\/?s={search_term_string}\"},\"query-input\":{\"@type\":\"PropertyValueSpecification\",\"valueRequired\":true,\"valueName\":\"search_term_string\"}}],\"inLanguage\":\"ca\"},{\"@type\":\"Organization\",\"@id\":\"https:\/\/www.vidasignificativa.org\/#organization\",\"name\":\"Vida Significativa\",\"url\":\"https:\/\/www.vidasignificativa.org\/\",\"logo\":{\"@type\":\"ImageObject\",\"inLanguage\":\"ca\",\"@id\":\"https:\/\/www.vidasignificativa.org\/#\/schema\/logo\/image\/\",\"url\":\"https:\/\/www.vidasignificativa.org\/wp-content\/uploads\/2024\/01\/vida-sginificativa-logo-700x700-1.jpg\",\"contentUrl\":\"https:\/\/www.vidasignificativa.org\/wp-content\/uploads\/2024\/01\/vida-sginificativa-logo-700x700-1.jpg\",\"width\":700,\"height\":700,\"caption\":\"Vida Significativa\"},\"image\":{\"@id\":\"https:\/\/www.vidasignificativa.org\/#\/schema\/logo\/image\/\"}},{\"@type\":\"Person\",\"@id\":\"https:\/\/www.vidasignificativa.org\/#\/schema\/person\/a44966fcddbd5126c638240188e9c27e\",\"name\":\"vidasignificativa\"}]}<\/script>\n<!-- \/ Yoast SEO plugin. -->","yoast_head_json":{"title":"Caminata junto a ni\u00f1@s de un centro residencial - Vida Significativa","description":"Voluntari@s de Vida Significativa, organizaron el tercer encuentro con l@s ni\u00f1@s de la casa residencial de Tei\u00e0 para ir de caminata.","robots":{"index":"index","follow":"follow","max-snippet":"max-snippet:-1","max-image-preview":"max-image-preview:large","max-video-preview":"max-video-preview:-1"},"canonical":"https:\/\/www.vidasignificativa.org\/cat\/caminata-junto-a-ninos-de-un-centro-residencial\/","og_locale":"ca_ES","og_type":"article","og_title":"Caminata junto a ni\u00f1@s de un centro residencial - Vida Significativa","og_description":"Voluntari@s de Vida Significativa, organizaron el tercer encuentro con l@s ni\u00f1@s de la casa residencial de Tei\u00e0 para ir de caminata.","og_url":"https:\/\/www.vidasignificativa.org\/cat\/caminata-junto-a-ninos-de-un-centro-residencial\/","og_site_name":"Vida Significativa","article_published_time":"2020-01-25T10:18:19+00:00","article_modified_time":"2020-10-22T10:36:25+00:00","og_image":[{"width":2560,"height":1920,"url":"https:\/\/www.vidasignificativa.org\/wp-content\/uploads\/2016\/08\/Excursi\u00f3n-solidaria-25.1.20-scaled.jpg","type":"image\/jpeg"}],"author":"vidasignificativa","twitter_card":"summary_large_image","twitter_misc":{"Escrit per":"vidasignificativa","Temps estimat de lectura":"7 minuts"},"schema":{"@context":"https:\/\/schema.org","@graph":[{"@type":"Article","@id":"https:\/\/www.vidasignificativa.org\/caminata-junto-a-ninos-de-un-centro-residencial\/#article","isPartOf":{"@id":"https:\/\/www.vidasignificativa.org\/caminata-junto-a-ninos-de-un-centro-residencial\/"},"author":{"name":"vidasignificativa","@id":"https:\/\/www.vidasignificativa.org\/#\/schema\/person\/a44966fcddbd5126c638240188e9c27e"},"headline":"Caminata junto a ni\u00f1@s de un centro residencial","datePublished":"2020-01-25T10:18:19+00:00","dateModified":"2020-10-22T10:36:25+00:00","mainEntityOfPage":{"@id":"https:\/\/www.vidasignificativa.org\/caminata-junto-a-ninos-de-un-centro-residencial\/"},"wordCount":1320,"commentCount":0,"publisher":{"@id":"https:\/\/www.vidasignificativa.org\/#organization"},"image":{"@id":"https:\/\/www.vidasignificativa.org\/caminata-junto-a-ninos-de-un-centro-residencial\/#primaryimage"},"thumbnailUrl":"https:\/\/www.vidasignificativa.org\/wp-content\/uploads\/2016\/08\/Excursi\u00f3n-solidaria-25.1.20-scaled.jpg","keywords":["Altruismo","Excursi\u00f3n solidaria","Solidaridad","Voluntariado"],"articleSection":["Altruismo","Excursi\u00f3n solidaria","Sensibilizaci\u00f3n","Solidaridad","Voluntariado"],"inLanguage":"ca","potentialAction":[{"@type":"CommentAction","name":"Comment","target":["https:\/\/www.vidasignificativa.org\/caminata-junto-a-ninos-de-un-centro-residencial\/#respond"]}]},{"@type":"WebPage","@id":"https:\/\/www.vidasignificativa.org\/caminata-junto-a-ninos-de-un-centro-residencial\/","url":"https:\/\/www.vidasignificativa.org\/caminata-junto-a-ninos-de-un-centro-residencial\/","name":"Caminata junto a ni\u00f1@s de un centro residencial - Vida Significativa","isPartOf":{"@id":"https:\/\/www.vidasignificativa.org\/#website"},"primaryImageOfPage":{"@id":"https:\/\/www.vidasignificativa.org\/caminata-junto-a-ninos-de-un-centro-residencial\/#primaryimage"},"image":{"@id":"https:\/\/www.vidasignificativa.org\/caminata-junto-a-ninos-de-un-centro-residencial\/#primaryimage"},"thumbnailUrl":"https:\/\/www.vidasignificativa.org\/wp-content\/uploads\/2016\/08\/Excursi\u00f3n-solidaria-25.1.20-scaled.jpg","datePublished":"2020-01-25T10:18:19+00:00","dateModified":"2020-10-22T10:36:25+00:00","description":"Voluntari@s de Vida Significativa, organizaron el tercer encuentro con l@s ni\u00f1@s de la casa residencial de Tei\u00e0 para ir de caminata.","breadcrumb":{"@id":"https:\/\/www.vidasignificativa.org\/caminata-junto-a-ninos-de-un-centro-residencial\/#breadcrumb"},"inLanguage":"ca","potentialAction":[{"@type":"ReadAction","target":["https:\/\/www.vidasignificativa.org\/caminata-junto-a-ninos-de-un-centro-residencial\/"]}]},{"@type":"ImageObject","inLanguage":"ca","@id":"https:\/\/www.vidasignificativa.org\/caminata-junto-a-ninos-de-un-centro-residencial\/#primaryimage","url":"https:\/\/www.vidasignificativa.org\/wp-content\/uploads\/2016\/08\/Excursi\u00f3n-solidaria-25.1.20-scaled.jpg","contentUrl":"https:\/\/www.vidasignificativa.org\/wp-content\/uploads\/2016\/08\/Excursi\u00f3n-solidaria-25.1.20-scaled.jpg","width":2560,"height":1920,"caption":"excursi\u00f3n solidaria 2"},{"@type":"BreadcrumbList","@id":"https:\/\/www.vidasignificativa.org\/caminata-junto-a-ninos-de-un-centro-residencial\/#breadcrumb","itemListElement":[{"@type":"ListItem","position":1,"name":"Portada","item":"https:\/\/www.vidasignificativa.org\/"},{"@type":"ListItem","position":2,"name":"Caminata junto a ni\u00f1@s de un centro residencial"}]},{"@type":"WebSite","@id":"https:\/\/www.vidasignificativa.org\/#website","url":"https:\/\/www.vidasignificativa.org\/","name":"Vida Significativa","description":"ONG","publisher":{"@id":"https:\/\/www.vidasignificativa.org\/#organization"},"potentialAction":[{"@type":"SearchAction","target":{"@type":"EntryPoint","urlTemplate":"https:\/\/www.vidasignificativa.org\/?s={search_term_string}"},"query-input":{"@type":"PropertyValueSpecification","valueRequired":true,"valueName":"search_term_string"}}],"inLanguage":"ca"},{"@type":"Organization","@id":"https:\/\/www.vidasignificativa.org\/#organization","name":"Vida Significativa","url":"https:\/\/www.vidasignificativa.org\/","logo":{"@type":"ImageObject","inLanguage":"ca","@id":"https:\/\/www.vidasignificativa.org\/#\/schema\/logo\/image\/","url":"https:\/\/www.vidasignificativa.org\/wp-content\/uploads\/2024\/01\/vida-sginificativa-logo-700x700-1.jpg","contentUrl":"https:\/\/www.vidasignificativa.org\/wp-content\/uploads\/2024\/01\/vida-sginificativa-logo-700x700-1.jpg","width":700,"height":700,"caption":"Vida Significativa"},"image":{"@id":"https:\/\/www.vidasignificativa.org\/#\/schema\/logo\/image\/"}},{"@type":"Person","@id":"https:\/\/www.vidasignificativa.org\/#\/schema\/person\/a44966fcddbd5126c638240188e9c27e","name":"vidasignificativa"}]}},"_links":{"self":[{"href":"https:\/\/www.vidasignificativa.org\/cat\/wp-json\/wp\/v2\/posts\/152"}],"collection":[{"href":"https:\/\/www.vidasignificativa.org\/cat\/wp-json\/wp\/v2\/posts"}],"about":[{"href":"https:\/\/www.vidasignificativa.org\/cat\/wp-json\/wp\/v2\/types\/post"}],"author":[{"embeddable":true,"href":"https:\/\/www.vidasignificativa.org\/cat\/wp-json\/wp\/v2\/users\/1"}],"replies":[{"embeddable":true,"href":"https:\/\/www.vidasignificativa.org\/cat\/wp-json\/wp\/v2\/comments?post=152"}],"version-history":[{"count":0,"href":"https:\/\/www.vidasignificativa.org\/cat\/wp-json\/wp\/v2\/posts\/152\/revisions"}],"wp:featuredmedia":[{"embeddable":true,"href":"https:\/\/www.vidasignificativa.org\/cat\/wp-json\/wp\/v2\/media\/1180"}],"wp:attachment":[{"href":"https:\/\/www.vidasignificativa.org\/cat\/wp-json\/wp\/v2\/media?parent=152"}],"wp:term":[{"taxonomy":"category","embeddable":true,"href":"https:\/\/www.vidasignificativa.org\/cat\/wp-json\/wp\/v2\/categories?post=152"},{"taxonomy":"post_tag","embeddable":true,"href":"https:\/\/www.vidasignificativa.org\/cat\/wp-json\/wp\/v2\/tags?post=152"}],"curies":[{"name":"wp","href":"https:\/\/api.w.org\/{rel}","templated":true}]}}