{"id":147,"date":"2019-12-25T22:00:38","date_gmt":"2019-12-25T22:00:38","guid":{"rendered":"http:\/\/www.vidasignificativa.org\/?p=147"},"modified":"2020-10-22T10:42:42","modified_gmt":"2020-10-22T10:42:42","slug":"navidad-solidaria","status":"publish","type":"post","link":"https:\/\/www.vidasignificativa.org\/cat\/navidad-solidaria\/","title":{"rendered":"Navidad solidaria"},"content":{"rendered":"<p><div class=\"fusion-fullwidth fullwidth-box fusion-builder-row-1 nonhundred-percent-fullwidth non-hundred-percent-height-scrolling\" style=\"--awb-background-position:left top;--awb-border-radius-top-left:0px;--awb-border-radius-top-right:0px;--awb-border-radius-bottom-right:0px;--awb-border-radius-bottom-left:0px;--awb-padding-top:120px;--awb-padding-bottom:0px;--awb-border-sizes-top:0px;--awb-border-sizes-bottom:0px;--awb-flex-wrap:wrap;\" ><div class=\"fusion-builder-row fusion-row\"><div class=\"fusion-layout-column fusion_builder_column fusion-builder-column-0 fusion_builder_column_1_1 1_1 fusion-one-full fusion-column-first fusion-column-last\" style=\"--awb-bg-size:cover;\"><div class=\"fusion-column-wrapper fusion-flex-column-wrapper-legacy\"><div class=\"fusion-text fusion-text-1\"><p>COMIDA CALIENTE EN LOS HOGARES M\u00c1S VULNERABLES<\/p>\n<\/div><div class=\"fusion-sep-clear\"><\/div><div class=\"fusion-separator fusion-clearfix\" style=\"float:left;margin-top:0px;margin-bottom:30px;width:100%;max-width:200px;\"><div class=\"fusion-separator-border sep-single sep-solid\" style=\"--awb-height:20px;--awb-amount:20px;--awb-sep-color:#fec96b;border-color:#fec96b;border-top-width:3px;\"><\/div><\/div><div class=\"fusion-sep-clear\"><\/div><div class=\"fusion-text fusion-text-2\"><p>Durante todo el a\u00f1o colaboramos, hacemos campa\u00f1as y compramos alimentos frescos, como verdura, fruta, carne y pescado, para familias que no tienen satisfechas sus necesidades b\u00e1sicas.<\/p>\n<p>En la \u00e9poca de Navidad, adem\u00e1s, llevamos comida especial como turr\u00f3n, polvorones, chocolate, mazapanes para que dichas familias puedan celebrar las fiestas con la m\u00e1xima normalidad. Estas Navidades hemos podido llevar tambi\u00e9n pollos y huevos junto a los dulces citados con anterioridad. Como llevamos los alimentos a las casas de las familias que lo necesitan, nos abren la puerta de para en para y nos agradecen enormemente la visita. En esta ocasi\u00f3n, fueron varias las madres que nos recibieron llorando por la ilusi\u00f3n de poder pasar la Navidad en familia, con comida de calidad, incluidos los dulces t\u00edpicos de la Navidad, en estas fechas tan se\u00f1aladas.<\/p>\n<\/div><div class=\"fusion-sep-clear\"><\/div><div class=\"fusion-separator fusion-full-width-sep\" style=\"margin-left: auto;margin-right: auto;margin-top:20px;width:100%;\"><\/div><div class=\"fusion-sep-clear\"><\/div><div class=\"fusion-clearfix\"><\/div><\/div><\/div><\/div><\/div><div class=\"fusion-fullwidth fullwidth-box fusion-builder-row-2 nonhundred-percent-fullwidth non-hundred-percent-height-scrolling\" style=\"--awb-background-position:left top;--awb-border-radius-top-left:0px;--awb-border-radius-top-right:0px;--awb-border-radius-bottom-right:0px;--awb-border-radius-bottom-left:0px;--awb-padding-top:50px;--awb-padding-bottom:50px;--awb-border-sizes-top:0px;--awb-border-sizes-bottom:0px;--awb-flex-wrap:wrap;\" ><div class=\"fusion-builder-row fusion-row\"><div class=\"fusion-layout-column fusion_builder_column fusion-builder-column-1 fusion_builder_column_1_1 1_1 fusion-one-full fusion-column-first fusion-column-last\" style=\"--awb-bg-size:cover;\"><div class=\"fusion-column-wrapper fusion-flex-column-wrapper-legacy\"><div class=\"fusion-image-element fusion-image-align-center in-legacy-container\" style=\"text-align:center;--awb-caption-title-font-family:var(--h2_typography-font-family);--awb-caption-title-font-weight:var(--h2_typography-font-weight);--awb-caption-title-font-style:var(--h2_typography-font-style);--awb-caption-title-size:var(--h2_typography-font-size);--awb-caption-title-transform:var(--h2_typography-text-transform);--awb-caption-title-line-height:var(--h2_typography-line-height);--awb-caption-title-letter-spacing:var(--h2_typography-letter-spacing);\"><div class=\"imageframe-align-center\"><span class=\"fusion-imageframe imageframe-none imageframe-1 hover-type-none\"><img decoding=\"async\" width=\"2560\" height=\"1707\" alt=\"Navidad Solidaria 2019\" title=\"Navidad-Solidaria-2019\" src=\"http:\/\/www.vidasignificativa.org\/wp-content\/uploads\/2019\/12\/Navidad-Solidaria-2019-scaled.jpg\" class=\"img-responsive wp-image-1227\" srcset=\"https:\/\/www.vidasignificativa.org\/wp-content\/uploads\/2019\/12\/Navidad-Solidaria-2019-200x133.jpg 200w, https:\/\/www.vidasignificativa.org\/wp-content\/uploads\/2019\/12\/Navidad-Solidaria-2019-400x267.jpg 400w, https:\/\/www.vidasignificativa.org\/wp-content\/uploads\/2019\/12\/Navidad-Solidaria-2019-600x400.jpg 600w, https:\/\/www.vidasignificativa.org\/wp-content\/uploads\/2019\/12\/Navidad-Solidaria-2019-800x533.jpg 800w, https:\/\/www.vidasignificativa.org\/wp-content\/uploads\/2019\/12\/Navidad-Solidaria-2019-1200x800.jpg 1200w, https:\/\/www.vidasignificativa.org\/wp-content\/uploads\/2019\/12\/Navidad-Solidaria-2019-scaled.jpg 2560w\" sizes=\"(max-width: 1024px) 100vw, 1200px\" \/><\/span><\/div><\/div><div class=\"fusion-clearfix\"><\/div><\/div><\/div><\/div><\/div><div class=\"fusion-fullwidth fullwidth-box fusion-builder-row-3 nonhundred-percent-fullwidth non-hundred-percent-height-scrolling\" style=\"--awb-background-position:left top;--awb-border-radius-top-left:0px;--awb-border-radius-top-right:0px;--awb-border-radius-bottom-right:0px;--awb-border-radius-bottom-left:0px;--awb-padding-top:20px;--awb-padding-bottom:20px;--awb-border-sizes-top:0px;--awb-border-sizes-bottom:0px;--awb-flex-wrap:wrap;\" ><div class=\"fusion-builder-row fusion-row\"><div class=\"fusion-layout-column fusion_builder_column fusion-builder-column-2 fusion_builder_column_1_1 1_1 fusion-one-full fusion-column-first fusion-column-last\" style=\"--awb-bg-size:cover;\"><div class=\"fusion-column-wrapper fusion-flex-column-wrapper-legacy\"><div class=\"fusion-text fusion-text-3\"><p>NAVIDAD MULTICULTURAL<\/p>\n<\/div><div class=\"fusion-sep-clear\"><\/div><div class=\"fusion-separator fusion-clearfix\" style=\"float:left;margin-top:0px;margin-bottom:30px;width:100%;max-width:200px;\"><div class=\"fusion-separator-border sep-single sep-solid\" style=\"--awb-height:20px;--awb-amount:20px;--awb-sep-color:#fec96b;border-color:#fec96b;border-top-width:3px;\"><\/div><\/div><div class=\"fusion-sep-clear\"><\/div><div class=\"fusion-text fusion-text-4\"><p>Paralelamente, varios de los voluntarios de Vida Significativa, organizamos una comida el mismo d\u00eda de Navidad, e invitamos a personas que viven solas (sin familia o muy lejos de ella) y que agradecen pasar unas horas acompa\u00f1adas y con unos buenos manjares para comer. Como cada a\u00f1o, hemos disfrutado de momentos muy emotivos y hemos podido compartir un buen rato con personas de las que aprendemos un mont\u00f3n de cosas y nos dan muchas lecciones de vida.<\/p>\n<p>\u00a1Hasta el a\u00f1o pr\u00f3ximo!<\/p>\n<\/div><div class=\"fusion-clearfix\"><\/div><\/div><\/div><\/div><\/div><div class=\"fusion-fullwidth fullwidth-box fusion-builder-row-4 nonhundred-percent-fullwidth non-hundred-percent-height-scrolling\" style=\"--awb-background-position:left top;--awb-border-radius-top-left:0px;--awb-border-radius-top-right:0px;--awb-border-radius-bottom-right:0px;--awb-border-radius-bottom-left:0px;--awb-padding-top:30px;--awb-padding-bottom:150px;--awb-border-sizes-top:0px;--awb-border-sizes-bottom:0px;--awb-flex-wrap:wrap;\" ><div class=\"fusion-builder-row fusion-row\"><div class=\"fusion-layout-column fusion_builder_column fusion-builder-column-3 fusion_builder_column_1_1 1_1 fusion-one-full fusion-column-first fusion-column-last\" style=\"--awb-bg-size:cover;\"><div class=\"fusion-column-wrapper fusion-flex-column-wrapper-legacy\"><div class=\"fusion-sharing-box fusion-sharing-box-1 boxed-icons has-taglines layout-floated layout-medium-floated layout-small-floated\" style=\"background-color:rgba(255,255,255,0);padding:0;--awb-layout:row;--awb-alignment-small:space-between;\" data-title=\"Navidad solidaria\" data-description=\"COMIDA CALIENTE EN LOS HOGARES M\u00c1S VULNERABLES Durante todo el a\u00f1o colaboramos, hacemos campa\u00f1as y compramos alimentos frescos, como verdura, fruta, carne y pescado, para familias que no tienen satisfechas sus necesidades b\u00e1sicas.En la \u00e9poca de Navidad, adem\u00e1s, llevamos comida especial como turr\u00f3n, polvorones, chocolate, mazapanes para que dichas familias puedan celebrar las fiestas\" data-link=\"https:\/\/www.vidasignificativa.org\/cat\/navidad-solidaria\/\"><h4 class=\"tagline\" style=\"color:#1e1e1e;\">Comparteix aquest article<\/h4><div class=\"fusion-social-networks sharingbox-shortcode-icon-wrapper sharingbox-shortcode-icon-wrapper-1 boxed-icons\"><span><a href=\"https:\/\/www.facebook.com\/sharer.php?u=https%3A%2F%2Fwww.vidasignificativa.org%2Fcat%2Fnavidad-solidaria%2F&amp;t=Navidad%20solidaria\" target=\"_blank\" rel=\"noreferrer\" title=\"Facebook\" aria-label=\"Facebook\" data-placement=\"top\" data-toggle=\"tooltip\" data-title=\"Facebook\"><i class=\"fusion-social-network-icon fusion-tooltip fusion-facebook awb-icon-facebook\" style=\"color:#ffffff;background-color:#3b5998;border-color:#3b5998;border-radius:4px;\" aria-hidden=\"true\"><\/i><\/a><\/span><span><a href=\"https:\/\/twitter.com\/share?text=Navidad%20solidaria&amp;url=https%3A%2F%2Fwww.vidasignificativa.org%2Fcat%2Fnavidad-solidaria%2F\" target=\"_blank\" rel=\"noopener noreferrer\" title=\"X\" aria-label=\"X\" data-placement=\"top\" data-toggle=\"tooltip\" data-title=\"X\"><i class=\"fusion-social-network-icon fusion-tooltip fusion-twitter awb-icon-twitter\" style=\"color:#ffffff;background-color:#000000;border-color:#000000;border-radius:4px;\" aria-hidden=\"true\"><\/i><\/a><\/span><span><a href=\"https:\/\/www.linkedin.com\/shareArticle?mini=true&amp;url=https%3A%2F%2Fwww.vidasignificativa.org%2Fcat%2Fnavidad-solidaria%2F&amp;title=Navidad%20solidaria&amp;summary=COMIDA%20CALIENTE%20EN%20LOS%20HOGARES%20M%C3%81S%20VULNERABLES%20%20%0D%0A%0D%0ADurante%20todo%20el%20a%C3%B1o%20colaboramos%2C%20hacemos%20campa%C3%B1as%20y%20compramos%20alimentos%20frescos%2C%20como%20verdura%2C%20fruta%2C%20carne%20y%20pescado%2C%20para%20familias%20que%20no%20tienen%20satisfechas%20sus%20necesidades%20b%C3%A1sicas.%0D%0A%0D%0AEn%20la%20%C3%A9poca%20de%20Navidad%2C%20adem%C3%A1s%2C%20llevamos%20comida%20especial%20como%20turr%C3%B3n%2C%20polvorones%2C%20chocolate%2C%20mazapanes%20para%20que%20dichas%20familias%20puedan%20celebrar%20las%20fiestas\" target=\"_blank\" rel=\"noopener noreferrer\" title=\"LinkedIn\" aria-label=\"LinkedIn\" data-placement=\"top\" data-toggle=\"tooltip\" data-title=\"LinkedIn\"><i class=\"fusion-social-network-icon fusion-tooltip fusion-linkedin awb-icon-linkedin\" style=\"color:#ffffff;background-color:#0077b5;border-color:#0077b5;border-radius:4px;\" aria-hidden=\"true\"><\/i><\/a><\/span><span><a href=\"https:\/\/api.whatsapp.com\/send?text=https%3A%2F%2Fwww.vidasignificativa.org%2Fcat%2Fnavidad-solidaria%2F\" target=\"_blank\" rel=\"noopener noreferrer\" title=\"WhatsApp\" aria-label=\"WhatsApp\" data-placement=\"top\" data-toggle=\"tooltip\" data-title=\"WhatsApp\"><i class=\"fusion-social-network-icon fusion-tooltip fusion-whatsapp awb-icon-whatsapp\" style=\"color:#ffffff;background-color:#77e878;border-color:#77e878;border-radius:4px;\" aria-hidden=\"true\"><\/i><\/a><\/span><\/div><\/div><div class=\"fusion-clearfix\"><\/div><\/div><\/div><\/div><\/div><\/p>","protected":false},"excerpt":{"rendered":"","protected":false},"author":1,"featured_media":1227,"comment_status":"open","ping_status":"closed","sticky":false,"template":"","format":"standard","meta":{"give_campaign_id":0,"footnotes":""},"categories":[36,51,52,50,49,37,26],"tags":[39,53,54,40,38],"yoast_head":"<!-- This site is optimized with the Yoast SEO plugin v24.0 - https:\/\/yoast.com\/wordpress\/plugins\/seo\/ -->\n<title>Nuestro proyecto Navidad solidaria - Vida Significativa<\/title>\n<meta name=\"description\" content=\"Con nuestro proyecto Navidad Solidaria pretendemos ayudar a todas aquellas familias con menos recursos a tener una navidad mejor.\" \/>\n<meta name=\"robots\" content=\"index, follow, max-snippet:-1, max-image-preview:large, max-video-preview:-1\" \/>\n<link rel=\"canonical\" href=\"https:\/\/www.vidasignificativa.org\/cat\/navidad-solidaria\/\" \/>\n<meta property=\"og:locale\" content=\"ca_ES\" \/>\n<meta property=\"og:type\" content=\"article\" \/>\n<meta property=\"og:title\" content=\"Nuestro proyecto Navidad solidaria - Vida Significativa\" \/>\n<meta property=\"og:description\" content=\"Con nuestro proyecto Navidad Solidaria pretendemos ayudar a todas aquellas familias con menos recursos a tener una navidad mejor.\" \/>\n<meta property=\"og:url\" content=\"https:\/\/www.vidasignificativa.org\/cat\/navidad-solidaria\/\" \/>\n<meta property=\"og:site_name\" content=\"Vida Significativa\" \/>\n<meta property=\"article:published_time\" content=\"2019-12-25T22:00:38+00:00\" \/>\n<meta property=\"article:modified_time\" content=\"2020-10-22T10:42:42+00:00\" \/>\n<meta property=\"og:image\" content=\"https:\/\/www.vidasignificativa.org\/wp-content\/uploads\/2019\/12\/Navidad-Solidaria-2019-scaled.jpg\" \/>\n\t<meta property=\"og:image:width\" content=\"2560\" \/>\n\t<meta property=\"og:image:height\" content=\"1707\" \/>\n\t<meta property=\"og:image:type\" content=\"image\/jpeg\" \/>\n<meta name=\"author\" content=\"vidasignificativa\" \/>\n<meta name=\"twitter:card\" content=\"summary_large_image\" \/>\n<meta name=\"twitter:label1\" content=\"Escrit per\" \/>\n\t<meta name=\"twitter:data1\" content=\"vidasignificativa\" \/>\n\t<meta name=\"twitter:label2\" content=\"Temps estimat de lectura\" \/>\n\t<meta name=\"twitter:data2\" content=\"5 minuts\" \/>\n<script type=\"application\/ld+json\" class=\"yoast-schema-graph\">{\"@context\":\"https:\/\/schema.org\",\"@graph\":[{\"@type\":\"Article\",\"@id\":\"https:\/\/www.vidasignificativa.org\/navidad-solidaria\/#article\",\"isPartOf\":{\"@id\":\"https:\/\/www.vidasignificativa.org\/navidad-solidaria\/\"},\"author\":{\"name\":\"vidasignificativa\",\"@id\":\"https:\/\/www.vidasignificativa.org\/#\/schema\/person\/a44966fcddbd5126c638240188e9c27e\"},\"headline\":\"Navidad solidaria\",\"datePublished\":\"2019-12-25T22:00:38+00:00\",\"dateModified\":\"2020-10-22T10:42:42+00:00\",\"mainEntityOfPage\":{\"@id\":\"https:\/\/www.vidasignificativa.org\/navidad-solidaria\/\"},\"wordCount\":1087,\"commentCount\":0,\"publisher\":{\"@id\":\"https:\/\/www.vidasignificativa.org\/#organization\"},\"image\":{\"@id\":\"https:\/\/www.vidasignificativa.org\/navidad-solidaria\/#primaryimage\"},\"thumbnailUrl\":\"https:\/\/www.vidasignificativa.org\/wp-content\/uploads\/2019\/12\/Navidad-Solidaria-2019-scaled.jpg\",\"keywords\":[\"Altruismo\",\"Navidad\",\"Sensibilizar\",\"Solidaridad\",\"Voluntariado\"],\"articleSection\":[\"Altruismo\",\"Infancia\",\"Navidad\",\"Ni\u00f1as\",\"Ni\u00f1os\",\"Solidaridad\",\"Voluntariado\"],\"inLanguage\":\"ca\",\"potentialAction\":[{\"@type\":\"CommentAction\",\"name\":\"Comment\",\"target\":[\"https:\/\/www.vidasignificativa.org\/navidad-solidaria\/#respond\"]}]},{\"@type\":\"WebPage\",\"@id\":\"https:\/\/www.vidasignificativa.org\/navidad-solidaria\/\",\"url\":\"https:\/\/www.vidasignificativa.org\/navidad-solidaria\/\",\"name\":\"Nuestro proyecto Navidad solidaria - Vida Significativa\",\"isPartOf\":{\"@id\":\"https:\/\/www.vidasignificativa.org\/#website\"},\"primaryImageOfPage\":{\"@id\":\"https:\/\/www.vidasignificativa.org\/navidad-solidaria\/#primaryimage\"},\"image\":{\"@id\":\"https:\/\/www.vidasignificativa.org\/navidad-solidaria\/#primaryimage\"},\"thumbnailUrl\":\"https:\/\/www.vidasignificativa.org\/wp-content\/uploads\/2019\/12\/Navidad-Solidaria-2019-scaled.jpg\",\"datePublished\":\"2019-12-25T22:00:38+00:00\",\"dateModified\":\"2020-10-22T10:42:42+00:00\",\"description\":\"Con nuestro proyecto Navidad Solidaria pretendemos ayudar a todas aquellas familias con menos recursos a tener una navidad mejor.\",\"breadcrumb\":{\"@id\":\"https:\/\/www.vidasignificativa.org\/navidad-solidaria\/#breadcrumb\"},\"inLanguage\":\"ca\",\"potentialAction\":[{\"@type\":\"ReadAction\",\"target\":[\"https:\/\/www.vidasignificativa.org\/navidad-solidaria\/\"]}]},{\"@type\":\"ImageObject\",\"inLanguage\":\"ca\",\"@id\":\"https:\/\/www.vidasignificativa.org\/navidad-solidaria\/#primaryimage\",\"url\":\"https:\/\/www.vidasignificativa.org\/wp-content\/uploads\/2019\/12\/Navidad-Solidaria-2019-scaled.jpg\",\"contentUrl\":\"https:\/\/www.vidasignificativa.org\/wp-content\/uploads\/2019\/12\/Navidad-Solidaria-2019-scaled.jpg\",\"width\":2560,\"height\":1707,\"caption\":\"Navidad Solidaria 2019\"},{\"@type\":\"BreadcrumbList\",\"@id\":\"https:\/\/www.vidasignificativa.org\/navidad-solidaria\/#breadcrumb\",\"itemListElement\":[{\"@type\":\"ListItem\",\"position\":1,\"name\":\"Portada\",\"item\":\"https:\/\/www.vidasignificativa.org\/\"},{\"@type\":\"ListItem\",\"position\":2,\"name\":\"Navidad solidaria\"}]},{\"@type\":\"WebSite\",\"@id\":\"https:\/\/www.vidasignificativa.org\/#website\",\"url\":\"https:\/\/www.vidasignificativa.org\/\",\"name\":\"Vida Significativa\",\"description\":\"ONG\",\"publisher\":{\"@id\":\"https:\/\/www.vidasignificativa.org\/#organization\"},\"potentialAction\":[{\"@type\":\"SearchAction\",\"target\":{\"@type\":\"EntryPoint\",\"urlTemplate\":\"https:\/\/www.vidasignificativa.org\/?s={search_term_string}\"},\"query-input\":{\"@type\":\"PropertyValueSpecification\",\"valueRequired\":true,\"valueName\":\"search_term_string\"}}],\"inLanguage\":\"ca\"},{\"@type\":\"Organization\",\"@id\":\"https:\/\/www.vidasignificativa.org\/#organization\",\"name\":\"Vida Significativa\",\"url\":\"https:\/\/www.vidasignificativa.org\/\",\"logo\":{\"@type\":\"ImageObject\",\"inLanguage\":\"ca\",\"@id\":\"https:\/\/www.vidasignificativa.org\/#\/schema\/logo\/image\/\",\"url\":\"https:\/\/www.vidasignificativa.org\/wp-content\/uploads\/2024\/01\/vida-sginificativa-logo-700x700-1.jpg\",\"contentUrl\":\"https:\/\/www.vidasignificativa.org\/wp-content\/uploads\/2024\/01\/vida-sginificativa-logo-700x700-1.jpg\",\"width\":700,\"height\":700,\"caption\":\"Vida Significativa\"},\"image\":{\"@id\":\"https:\/\/www.vidasignificativa.org\/#\/schema\/logo\/image\/\"}},{\"@type\":\"Person\",\"@id\":\"https:\/\/www.vidasignificativa.org\/#\/schema\/person\/a44966fcddbd5126c638240188e9c27e\",\"name\":\"vidasignificativa\"}]}<\/script>\n<!-- \/ Yoast SEO plugin. -->","yoast_head_json":{"title":"Nuestro proyecto Navidad solidaria - Vida Significativa","description":"Con nuestro proyecto Navidad Solidaria pretendemos ayudar a todas aquellas familias con menos recursos a tener una navidad mejor.","robots":{"index":"index","follow":"follow","max-snippet":"max-snippet:-1","max-image-preview":"max-image-preview:large","max-video-preview":"max-video-preview:-1"},"canonical":"https:\/\/www.vidasignificativa.org\/cat\/navidad-solidaria\/","og_locale":"ca_ES","og_type":"article","og_title":"Nuestro proyecto Navidad solidaria - Vida Significativa","og_description":"Con nuestro proyecto Navidad Solidaria pretendemos ayudar a todas aquellas familias con menos recursos a tener una navidad mejor.","og_url":"https:\/\/www.vidasignificativa.org\/cat\/navidad-solidaria\/","og_site_name":"Vida Significativa","article_published_time":"2019-12-25T22:00:38+00:00","article_modified_time":"2020-10-22T10:42:42+00:00","og_image":[{"width":2560,"height":1707,"url":"https:\/\/www.vidasignificativa.org\/wp-content\/uploads\/2019\/12\/Navidad-Solidaria-2019-scaled.jpg","type":"image\/jpeg"}],"author":"vidasignificativa","twitter_card":"summary_large_image","twitter_misc":{"Escrit per":"vidasignificativa","Temps estimat de lectura":"5 minuts"},"schema":{"@context":"https:\/\/schema.org","@graph":[{"@type":"Article","@id":"https:\/\/www.vidasignificativa.org\/navidad-solidaria\/#article","isPartOf":{"@id":"https:\/\/www.vidasignificativa.org\/navidad-solidaria\/"},"author":{"name":"vidasignificativa","@id":"https:\/\/www.vidasignificativa.org\/#\/schema\/person\/a44966fcddbd5126c638240188e9c27e"},"headline":"Navidad solidaria","datePublished":"2019-12-25T22:00:38+00:00","dateModified":"2020-10-22T10:42:42+00:00","mainEntityOfPage":{"@id":"https:\/\/www.vidasignificativa.org\/navidad-solidaria\/"},"wordCount":1087,"commentCount":0,"publisher":{"@id":"https:\/\/www.vidasignificativa.org\/#organization"},"image":{"@id":"https:\/\/www.vidasignificativa.org\/navidad-solidaria\/#primaryimage"},"thumbnailUrl":"https:\/\/www.vidasignificativa.org\/wp-content\/uploads\/2019\/12\/Navidad-Solidaria-2019-scaled.jpg","keywords":["Altruismo","Navidad","Sensibilizar","Solidaridad","Voluntariado"],"articleSection":["Altruismo","Infancia","Navidad","Ni\u00f1as","Ni\u00f1os","Solidaridad","Voluntariado"],"inLanguage":"ca","potentialAction":[{"@type":"CommentAction","name":"Comment","target":["https:\/\/www.vidasignificativa.org\/navidad-solidaria\/#respond"]}]},{"@type":"WebPage","@id":"https:\/\/www.vidasignificativa.org\/navidad-solidaria\/","url":"https:\/\/www.vidasignificativa.org\/navidad-solidaria\/","name":"Nuestro proyecto Navidad solidaria - Vida Significativa","isPartOf":{"@id":"https:\/\/www.vidasignificativa.org\/#website"},"primaryImageOfPage":{"@id":"https:\/\/www.vidasignificativa.org\/navidad-solidaria\/#primaryimage"},"image":{"@id":"https:\/\/www.vidasignificativa.org\/navidad-solidaria\/#primaryimage"},"thumbnailUrl":"https:\/\/www.vidasignificativa.org\/wp-content\/uploads\/2019\/12\/Navidad-Solidaria-2019-scaled.jpg","datePublished":"2019-12-25T22:00:38+00:00","dateModified":"2020-10-22T10:42:42+00:00","description":"Con nuestro proyecto Navidad Solidaria pretendemos ayudar a todas aquellas familias con menos recursos a tener una navidad mejor.","breadcrumb":{"@id":"https:\/\/www.vidasignificativa.org\/navidad-solidaria\/#breadcrumb"},"inLanguage":"ca","potentialAction":[{"@type":"ReadAction","target":["https:\/\/www.vidasignificativa.org\/navidad-solidaria\/"]}]},{"@type":"ImageObject","inLanguage":"ca","@id":"https:\/\/www.vidasignificativa.org\/navidad-solidaria\/#primaryimage","url":"https:\/\/www.vidasignificativa.org\/wp-content\/uploads\/2019\/12\/Navidad-Solidaria-2019-scaled.jpg","contentUrl":"https:\/\/www.vidasignificativa.org\/wp-content\/uploads\/2019\/12\/Navidad-Solidaria-2019-scaled.jpg","width":2560,"height":1707,"caption":"Navidad Solidaria 2019"},{"@type":"BreadcrumbList","@id":"https:\/\/www.vidasignificativa.org\/navidad-solidaria\/#breadcrumb","itemListElement":[{"@type":"ListItem","position":1,"name":"Portada","item":"https:\/\/www.vidasignificativa.org\/"},{"@type":"ListItem","position":2,"name":"Navidad solidaria"}]},{"@type":"WebSite","@id":"https:\/\/www.vidasignificativa.org\/#website","url":"https:\/\/www.vidasignificativa.org\/","name":"Vida Significativa","description":"ONG","publisher":{"@id":"https:\/\/www.vidasignificativa.org\/#organization"},"potentialAction":[{"@type":"SearchAction","target":{"@type":"EntryPoint","urlTemplate":"https:\/\/www.vidasignificativa.org\/?s={search_term_string}"},"query-input":{"@type":"PropertyValueSpecification","valueRequired":true,"valueName":"search_term_string"}}],"inLanguage":"ca"},{"@type":"Organization","@id":"https:\/\/www.vidasignificativa.org\/#organization","name":"Vida Significativa","url":"https:\/\/www.vidasignificativa.org\/","logo":{"@type":"ImageObject","inLanguage":"ca","@id":"https:\/\/www.vidasignificativa.org\/#\/schema\/logo\/image\/","url":"https:\/\/www.vidasignificativa.org\/wp-content\/uploads\/2024\/01\/vida-sginificativa-logo-700x700-1.jpg","contentUrl":"https:\/\/www.vidasignificativa.org\/wp-content\/uploads\/2024\/01\/vida-sginificativa-logo-700x700-1.jpg","width":700,"height":700,"caption":"Vida Significativa"},"image":{"@id":"https:\/\/www.vidasignificativa.org\/#\/schema\/logo\/image\/"}},{"@type":"Person","@id":"https:\/\/www.vidasignificativa.org\/#\/schema\/person\/a44966fcddbd5126c638240188e9c27e","name":"vidasignificativa"}]}},"_links":{"self":[{"href":"https:\/\/www.vidasignificativa.org\/cat\/wp-json\/wp\/v2\/posts\/147"}],"collection":[{"href":"https:\/\/www.vidasignificativa.org\/cat\/wp-json\/wp\/v2\/posts"}],"about":[{"href":"https:\/\/www.vidasignificativa.org\/cat\/wp-json\/wp\/v2\/types\/post"}],"author":[{"embeddable":true,"href":"https:\/\/www.vidasignificativa.org\/cat\/wp-json\/wp\/v2\/users\/1"}],"replies":[{"embeddable":true,"href":"https:\/\/www.vidasignificativa.org\/cat\/wp-json\/wp\/v2\/comments?post=147"}],"version-history":[{"count":0,"href":"https:\/\/www.vidasignificativa.org\/cat\/wp-json\/wp\/v2\/posts\/147\/revisions"}],"wp:featuredmedia":[{"embeddable":true,"href":"https:\/\/www.vidasignificativa.org\/cat\/wp-json\/wp\/v2\/media\/1227"}],"wp:attachment":[{"href":"https:\/\/www.vidasignificativa.org\/cat\/wp-json\/wp\/v2\/media?parent=147"}],"wp:term":[{"taxonomy":"category","embeddable":true,"href":"https:\/\/www.vidasignificativa.org\/cat\/wp-json\/wp\/v2\/categories?post=147"},{"taxonomy":"post_tag","embeddable":true,"href":"https:\/\/www.vidasignificativa.org\/cat\/wp-json\/wp\/v2\/tags?post=147"}],"curies":[{"name":"wp","href":"https:\/\/api.w.org\/{rel}","templated":true}]}}