{"id":1199,"date":"2020-02-17T12:10:37","date_gmt":"2020-02-17T12:10:37","guid":{"rendered":"http:\/\/www.vidasignificativa.org\/?p=1199"},"modified":"2020-10-22T10:34:19","modified_gmt":"2020-10-22T10:34:19","slug":"formacion-en-el-centro-penitenciario-castellon-1","status":"publish","type":"post","link":"https:\/\/www.vidasignificativa.org\/cat\/formacion-en-el-centro-penitenciario-castellon-1\/","title":{"rendered":"Formaci\u00f3n en el centro penitenciario Castell\u00f3n I"},"content":{"rendered":"<p><div class=\"fusion-fullwidth fullwidth-box fusion-builder-row-1 nonhundred-percent-fullwidth non-hundred-percent-height-scrolling\" style=\"--awb-background-position:left top;--awb-border-radius-top-left:0px;--awb-border-radius-top-right:0px;--awb-border-radius-bottom-right:0px;--awb-border-radius-bottom-left:0px;--awb-padding-top:120px;--awb-padding-bottom:0px;--awb-border-sizes-top:0px;--awb-border-sizes-bottom:0px;--awb-flex-wrap:wrap;\" ><div class=\"fusion-builder-row fusion-row\"><div class=\"fusion-layout-column fusion_builder_column fusion-builder-column-0 fusion_builder_column_1_1 1_1 fusion-one-full fusion-column-first fusion-column-last\" style=\"--awb-bg-size:cover;\"><div class=\"fusion-column-wrapper fusion-flex-column-wrapper-legacy\"><div class=\"fusion-text fusion-text-1\"><h3>ESCUELA VICTORIA KENT<\/h3>\n<\/div><div class=\"fusion-sep-clear\"><\/div><div class=\"fusion-separator fusion-clearfix\" style=\"float:left;margin-top:0px;margin-bottom:30px;width:100%;max-width:200px;\"><div class=\"fusion-separator-border sep-single sep-solid\" style=\"--awb-height:20px;--awb-amount:20px;--awb-sep-color:#fec96b;border-color:#fec96b;border-top-width:3px;\"><\/div><\/div><div class=\"fusion-sep-clear\"><\/div><div class=\"fusion-text fusion-text-2\"><p>Visitamos el claustro de la Escuela de Adultos Victoria Kent del Centro Penitenciario Castell\u00f3n I, para hablar sobre nuestro proyecto en las prisiones \u201cPasar p\u00e1gina\u201d.<\/p>\n<p>Fue un regalo en toda regla poder compartir una jornada con un grupo de personas totalmente implicadas con su profesi\u00f3n, que van mucho m\u00e1s all\u00e1 de ser maestros para los alumnos i alumnas del Centro, sabedores que la parte humana es la m\u00e1s importante con mucha diferencia y que cualquier gesto, acci\u00f3n o comportamiento es un ejemplo y una motivaci\u00f3n para las personas que reciben las clases.<\/p>\n<\/div><div class=\"fusion-sep-clear\"><\/div><div class=\"fusion-separator fusion-full-width-sep\" style=\"margin-left: auto;margin-right: auto;margin-top:5px;width:100%;\"><\/div><div class=\"fusion-sep-clear\"><\/div><div class=\"fusion-clearfix\"><\/div><\/div><\/div><\/div><\/div><div class=\"fusion-fullwidth fullwidth-box fusion-builder-row-2 nonhundred-percent-fullwidth non-hundred-percent-height-scrolling\" style=\"--awb-background-position:left top;--awb-border-radius-top-left:0px;--awb-border-radius-top-right:0px;--awb-border-radius-bottom-right:0px;--awb-border-radius-bottom-left:0px;--awb-padding-top:50px;--awb-padding-bottom:50px;--awb-border-sizes-top:0px;--awb-border-sizes-bottom:0px;--awb-flex-wrap:wrap;\" ><div class=\"fusion-builder-row fusion-row\"><div class=\"fusion-layout-column fusion_builder_column fusion-builder-column-1 fusion_builder_column_1_1 1_1 fusion-one-full fusion-column-first fusion-column-last\" style=\"--awb-bg-size:cover;\"><div class=\"fusion-column-wrapper fusion-flex-column-wrapper-legacy\"><div class=\"fusion-image-element fusion-image-align-center in-legacy-container\" style=\"text-align:center;--awb-caption-title-font-family:var(--h2_typography-font-family);--awb-caption-title-font-weight:var(--h2_typography-font-weight);--awb-caption-title-font-style:var(--h2_typography-font-style);--awb-caption-title-size:var(--h2_typography-font-size);--awb-caption-title-transform:var(--h2_typography-text-transform);--awb-caption-title-line-height:var(--h2_typography-line-height);--awb-caption-title-letter-spacing:var(--h2_typography-letter-spacing);\"><div class=\"imageframe-align-center\"><span class=\"fusion-imageframe imageframe-none imageframe-1 hover-type-none\"><img decoding=\"async\" width=\"1024\" height=\"677\" alt=\"Docentres Centro penitenciario Castell\u00f3n I\" title=\"Docentres-Centro-penitenciario-Castell\u00f3n I\" src=\"http:\/\/www.vidasignificativa.org\/wp-content\/uploads\/2016\/08\/Docentres-Centro-penitenciario-Castell\u00f3n-I.jpg\" class=\"img-responsive wp-image-1177\" srcset=\"https:\/\/www.vidasignificativa.org\/wp-content\/uploads\/2016\/08\/Docentres-Centro-penitenciario-Castell\u00f3n-I-200x132.jpg 200w, https:\/\/www.vidasignificativa.org\/wp-content\/uploads\/2016\/08\/Docentres-Centro-penitenciario-Castell\u00f3n-I-400x264.jpg 400w, https:\/\/www.vidasignificativa.org\/wp-content\/uploads\/2016\/08\/Docentres-Centro-penitenciario-Castell\u00f3n-I-600x397.jpg 600w, https:\/\/www.vidasignificativa.org\/wp-content\/uploads\/2016\/08\/Docentres-Centro-penitenciario-Castell\u00f3n-I-800x529.jpg 800w, https:\/\/www.vidasignificativa.org\/wp-content\/uploads\/2016\/08\/Docentres-Centro-penitenciario-Castell\u00f3n-I.jpg 1024w\" sizes=\"(max-width: 1024px) 100vw, 1024px\" \/><\/span><\/div><\/div><div class=\"fusion-clearfix\"><\/div><\/div><\/div><\/div><\/div><div class=\"fusion-fullwidth fullwidth-box fusion-builder-row-3 nonhundred-percent-fullwidth non-hundred-percent-height-scrolling\" style=\"--awb-background-position:left top;--awb-border-radius-top-left:0px;--awb-border-radius-top-right:0px;--awb-border-radius-bottom-right:0px;--awb-border-radius-bottom-left:0px;--awb-padding-top:20px;--awb-padding-bottom:20px;--awb-border-sizes-top:0px;--awb-border-sizes-bottom:0px;--awb-flex-wrap:wrap;\" ><div class=\"fusion-builder-row fusion-row\"><div class=\"fusion-layout-column fusion_builder_column fusion-builder-column-2 fusion_builder_column_1_1 1_1 fusion-one-full fusion-column-first fusion-column-last\" style=\"--awb-bg-size:cover;\"><div class=\"fusion-column-wrapper fusion-flex-column-wrapper-legacy\"><div class=\"fusion-text fusion-text-3\"><h3>UNA PUERTA ENTRE LA PRISI\u00d3N Y EL EXTERIOR<\/h3>\n<\/div><div class=\"fusion-sep-clear\"><\/div><div class=\"fusion-separator fusion-clearfix\" style=\"float:left;margin-top:0px;margin-bottom:30px;width:100%;max-width:200px;\"><div class=\"fusion-separator-border sep-single sep-solid\" style=\"--awb-height:20px;--awb-amount:20px;--awb-sep-color:#fec96b;border-color:#fec96b;border-top-width:3px;\"><\/div><\/div><div class=\"fusion-sep-clear\"><\/div><div class=\"fusion-text fusion-text-4\"><p>Hablando tambi\u00e9n con algunas alumnas y alumnos nos confirmaron la entrega del equipo de docentes del Centro y hablaban de las clases como una puerta entre la prisi\u00f3n y el exterior. El \u00fanico lugar de la c\u00e1rcel donde se sent\u00edan realmente seres humanos y pod\u00edan expresar lo que sent\u00edan con absoluta tranquilidad.<\/p>\n<blockquote>\n<p>En fin, un viaje para el optimismo y una esperanza concreta encontrar lugares y personas tan comprometidas, que han encontrado su porqu\u00e9 en esta vida y se dedican plenamente a formar y reinsertar a sus alumnos a la sociedad.<\/p>\n<\/blockquote>\n<p>\u00a1Muchas gracias de coraz\u00f3n!<\/p>\n<\/div><div class=\"fusion-clearfix\"><\/div><\/div><\/div><\/div><\/div><div class=\"fusion-fullwidth fullwidth-box fusion-builder-row-4 nonhundred-percent-fullwidth non-hundred-percent-height-scrolling\" style=\"--awb-background-position:left top;--awb-border-radius-top-left:0px;--awb-border-radius-top-right:0px;--awb-border-radius-bottom-right:0px;--awb-border-radius-bottom-left:0px;--awb-padding-top:30px;--awb-padding-bottom:150px;--awb-border-sizes-top:0px;--awb-border-sizes-bottom:0px;--awb-flex-wrap:wrap;\" ><div class=\"fusion-builder-row fusion-row\"><div class=\"fusion-layout-column fusion_builder_column fusion-builder-column-3 fusion_builder_column_1_1 1_1 fusion-one-full fusion-column-first fusion-column-last\" style=\"--awb-bg-size:cover;\"><div class=\"fusion-column-wrapper fusion-flex-column-wrapper-legacy\"><div class=\"fusion-sharing-box fusion-sharing-box-1 boxed-icons has-taglines layout-floated layout-medium-floated layout-small-floated\" style=\"background-color:rgba(255,255,255,0);padding:0;--awb-layout:row;--awb-alignment-small:space-between;\" data-title=\"Formaci\u00f3n en el centro penitenciario Castell\u00f3n I\" data-description=\"ESCUELA VICTORIA KENT Visitamos el claustro de la Escuela de Adultos Victoria Kent del Centro Penitenciario Castell\u00f3n I, para hablar sobre nuestro proyecto en las prisiones \u201cPasar p\u00e1gina\u201d.Fue un regalo en toda regla poder compartir una jornada con un grupo de personas totalmente implicadas con su profesi\u00f3n, que van mucho m\u00e1s all\u00e1 de ser\" data-link=\"https:\/\/www.vidasignificativa.org\/cat\/formacion-en-el-centro-penitenciario-castellon-1\/\"><h4 class=\"tagline\" style=\"color:#1e1e1e;\">Comparteix aquest article<\/h4><div class=\"fusion-social-networks sharingbox-shortcode-icon-wrapper sharingbox-shortcode-icon-wrapper-1 boxed-icons\"><span><a href=\"https:\/\/www.facebook.com\/sharer.php?u=https%3A%2F%2Fwww.vidasignificativa.org%2Fcat%2Fformacion-en-el-centro-penitenciario-castellon-1%2F&amp;t=Formaci%C3%B3n%20en%20el%20centro%20penitenciario%20Castell%C3%B3n%20I\" target=\"_blank\" rel=\"noreferrer\" title=\"Facebook\" aria-label=\"Facebook\" data-placement=\"top\" data-toggle=\"tooltip\" data-title=\"Facebook\"><i class=\"fusion-social-network-icon fusion-tooltip fusion-facebook awb-icon-facebook\" style=\"color:#ffffff;background-color:#3b5998;border-color:#3b5998;border-radius:4px;\" aria-hidden=\"true\"><\/i><\/a><\/span><span><a href=\"https:\/\/twitter.com\/share?text=Formaci%C3%B3n%20en%20el%20centro%20penitenciario%20Castell%C3%B3n%20I&amp;url=https%3A%2F%2Fwww.vidasignificativa.org%2Fcat%2Fformacion-en-el-centro-penitenciario-castellon-1%2F\" target=\"_blank\" rel=\"noopener noreferrer\" title=\"X\" aria-label=\"X\" data-placement=\"top\" data-toggle=\"tooltip\" data-title=\"X\"><i class=\"fusion-social-network-icon fusion-tooltip fusion-twitter awb-icon-twitter\" style=\"color:#ffffff;background-color:#000000;border-color:#000000;border-radius:4px;\" aria-hidden=\"true\"><\/i><\/a><\/span><span><a href=\"https:\/\/www.linkedin.com\/shareArticle?mini=true&amp;url=https%3A%2F%2Fwww.vidasignificativa.org%2Fcat%2Fformacion-en-el-centro-penitenciario-castellon-1%2F&amp;title=Formaci%C3%B3n%20en%20el%20centro%20penitenciario%20Castell%C3%B3n%20I&amp;summary=ESCUELA%20VICTORIA%20KENT%20%20%0D%0A%0D%0AVisitamos%20el%20claustro%20de%20la%20Escuela%20de%20Adultos%20Victoria%20Kent%20del%20Centro%20Penitenciario%20Castell%C3%B3n%20I%2C%20para%20hablar%20sobre%20nuestro%20proyecto%20en%20las%20prisiones%20%E2%80%9CPasar%20p%C3%A1gina%E2%80%9D.%0D%0A%0D%0AFue%20un%20regalo%20en%20toda%20regla%20poder%20compartir%20una%20jornada%20con%20un%20grupo%20de%20personas%20totalmente%20implicadas%20con%20su%20profesi%C3%B3n%2C%20que%20van%20mucho%20m%C3%A1s%20all%C3%A1%20de%20ser\" target=\"_blank\" rel=\"noopener noreferrer\" title=\"LinkedIn\" aria-label=\"LinkedIn\" data-placement=\"top\" data-toggle=\"tooltip\" data-title=\"LinkedIn\"><i class=\"fusion-social-network-icon fusion-tooltip fusion-linkedin awb-icon-linkedin\" style=\"color:#ffffff;background-color:#0077b5;border-color:#0077b5;border-radius:4px;\" aria-hidden=\"true\"><\/i><\/a><\/span><span><a href=\"https:\/\/api.whatsapp.com\/send?text=https%3A%2F%2Fwww.vidasignificativa.org%2Fcat%2Fformacion-en-el-centro-penitenciario-castellon-1%2F\" target=\"_blank\" rel=\"noopener noreferrer\" title=\"WhatsApp\" aria-label=\"WhatsApp\" data-placement=\"top\" data-toggle=\"tooltip\" data-title=\"WhatsApp\"><i class=\"fusion-social-network-icon fusion-tooltip fusion-whatsapp awb-icon-whatsapp\" style=\"color:#ffffff;background-color:#77e878;border-color:#77e878;border-radius:4px;\" aria-hidden=\"true\"><\/i><\/a><\/span><\/div><\/div><div class=\"fusion-clearfix\"><\/div><\/div><\/div><\/div><\/div><\/p>","protected":false},"excerpt":{"rendered":"","protected":false},"author":1,"featured_media":1177,"comment_status":"open","ping_status":"closed","sticky":false,"template":"","format":"standard","meta":{"give_campaign_id":0,"footnotes":""},"categories":[36,41,43,42],"tags":[39,44,45],"yoast_head":"<!-- This site is optimized with the Yoast SEO plugin v24.0 - https:\/\/yoast.com\/wordpress\/plugins\/seo\/ -->\n<title>Formaci\u00f3n en el centro penitenciario Castell\u00f3n I - Vida Significativa<\/title>\n<meta name=\"description\" content=\"Formaci\u00f3n en el centro penitenciario. Fuimos al centro penitenciario de Castello I para hablar de nuestro proyecto.\" \/>\n<meta name=\"robots\" content=\"index, follow, max-snippet:-1, max-image-preview:large, max-video-preview:-1\" \/>\n<link rel=\"canonical\" href=\"https:\/\/www.vidasignificativa.org\/cat\/formacion-en-el-centro-penitenciario-castellon-1\/\" \/>\n<meta property=\"og:locale\" content=\"ca_ES\" \/>\n<meta property=\"og:type\" content=\"article\" \/>\n<meta property=\"og:title\" content=\"Formaci\u00f3n en el centro penitenciario Castell\u00f3n I - Vida Significativa\" \/>\n<meta property=\"og:description\" content=\"Formaci\u00f3n en el centro penitenciario. Fuimos al centro penitenciario de Castello I para hablar de nuestro proyecto.\" \/>\n<meta property=\"og:url\" content=\"https:\/\/www.vidasignificativa.org\/cat\/formacion-en-el-centro-penitenciario-castellon-1\/\" \/>\n<meta property=\"og:site_name\" content=\"Vida Significativa\" \/>\n<meta property=\"article:published_time\" content=\"2020-02-17T12:10:37+00:00\" \/>\n<meta property=\"article:modified_time\" content=\"2020-10-22T10:34:19+00:00\" \/>\n<meta property=\"og:image\" content=\"https:\/\/www.vidasignificativa.org\/wp-content\/uploads\/2016\/08\/Docentres-Centro-penitenciario-Castell\u00f3n-I.jpg\" \/>\n\t<meta property=\"og:image:width\" content=\"1024\" \/>\n\t<meta property=\"og:image:height\" content=\"677\" \/>\n\t<meta property=\"og:image:type\" content=\"image\/jpeg\" \/>\n<meta name=\"author\" content=\"vidasignificativa\" \/>\n<meta name=\"twitter:card\" content=\"summary_large_image\" \/>\n<meta name=\"twitter:label1\" content=\"Escrit per\" \/>\n\t<meta name=\"twitter:data1\" content=\"vidasignificativa\" \/>\n\t<meta name=\"twitter:label2\" content=\"Temps estimat de lectura\" \/>\n\t<meta name=\"twitter:data2\" content=\"5 minuts\" \/>\n<script type=\"application\/ld+json\" class=\"yoast-schema-graph\">{\"@context\":\"https:\/\/schema.org\",\"@graph\":[{\"@type\":\"Article\",\"@id\":\"https:\/\/www.vidasignificativa.org\/formacion-en-el-centro-penitenciario-castellon-1\/#article\",\"isPartOf\":{\"@id\":\"https:\/\/www.vidasignificativa.org\/formacion-en-el-centro-penitenciario-castellon-1\/\"},\"author\":{\"name\":\"vidasignificativa\",\"@id\":\"https:\/\/www.vidasignificativa.org\/#\/schema\/person\/a44966fcddbd5126c638240188e9c27e\"},\"headline\":\"Formaci\u00f3n en el centro penitenciario Castell\u00f3n I\",\"datePublished\":\"2020-02-17T12:10:37+00:00\",\"dateModified\":\"2020-10-22T10:34:19+00:00\",\"mainEntityOfPage\":{\"@id\":\"https:\/\/www.vidasignificativa.org\/formacion-en-el-centro-penitenciario-castellon-1\/\"},\"wordCount\":1067,\"commentCount\":0,\"publisher\":{\"@id\":\"https:\/\/www.vidasignificativa.org\/#organization\"},\"image\":{\"@id\":\"https:\/\/www.vidasignificativa.org\/formacion-en-el-centro-penitenciario-castellon-1\/#primaryimage\"},\"thumbnailUrl\":\"https:\/\/www.vidasignificativa.org\/wp-content\/uploads\/2016\/08\/Docentres-Centro-penitenciario-Castell\u00f3n-I.jpg\",\"keywords\":[\"Altruismo\",\"Formaci\u00f3n\",\"Formaci\u00f3n docentes prisi\u00f3n\"],\"articleSection\":[\"Altruismo\",\"Formaci\u00f3n\",\"Formaci\u00f3n maestros prisi\u00f3n\",\"Sensibilizaci\u00f3n\"],\"inLanguage\":\"ca\",\"potentialAction\":[{\"@type\":\"CommentAction\",\"name\":\"Comment\",\"target\":[\"https:\/\/www.vidasignificativa.org\/formacion-en-el-centro-penitenciario-castellon-1\/#respond\"]}]},{\"@type\":\"WebPage\",\"@id\":\"https:\/\/www.vidasignificativa.org\/formacion-en-el-centro-penitenciario-castellon-1\/\",\"url\":\"https:\/\/www.vidasignificativa.org\/formacion-en-el-centro-penitenciario-castellon-1\/\",\"name\":\"Formaci\u00f3n en el centro penitenciario Castell\u00f3n I - Vida Significativa\",\"isPartOf\":{\"@id\":\"https:\/\/www.vidasignificativa.org\/#website\"},\"primaryImageOfPage\":{\"@id\":\"https:\/\/www.vidasignificativa.org\/formacion-en-el-centro-penitenciario-castellon-1\/#primaryimage\"},\"image\":{\"@id\":\"https:\/\/www.vidasignificativa.org\/formacion-en-el-centro-penitenciario-castellon-1\/#primaryimage\"},\"thumbnailUrl\":\"https:\/\/www.vidasignificativa.org\/wp-content\/uploads\/2016\/08\/Docentres-Centro-penitenciario-Castell\u00f3n-I.jpg\",\"datePublished\":\"2020-02-17T12:10:37+00:00\",\"dateModified\":\"2020-10-22T10:34:19+00:00\",\"description\":\"Formaci\u00f3n en el centro penitenciario. Fuimos al centro penitenciario de Castello I para hablar de nuestro proyecto.\",\"breadcrumb\":{\"@id\":\"https:\/\/www.vidasignificativa.org\/formacion-en-el-centro-penitenciario-castellon-1\/#breadcrumb\"},\"inLanguage\":\"ca\",\"potentialAction\":[{\"@type\":\"ReadAction\",\"target\":[\"https:\/\/www.vidasignificativa.org\/formacion-en-el-centro-penitenciario-castellon-1\/\"]}]},{\"@type\":\"ImageObject\",\"inLanguage\":\"ca\",\"@id\":\"https:\/\/www.vidasignificativa.org\/formacion-en-el-centro-penitenciario-castellon-1\/#primaryimage\",\"url\":\"https:\/\/www.vidasignificativa.org\/wp-content\/uploads\/2016\/08\/Docentres-Centro-penitenciario-Castell\u00f3n-I.jpg\",\"contentUrl\":\"https:\/\/www.vidasignificativa.org\/wp-content\/uploads\/2016\/08\/Docentres-Centro-penitenciario-Castell\u00f3n-I.jpg\",\"width\":1024,\"height\":677,\"caption\":\"Docentres Centro penitenciario Castell\u00f3n I\"},{\"@type\":\"BreadcrumbList\",\"@id\":\"https:\/\/www.vidasignificativa.org\/formacion-en-el-centro-penitenciario-castellon-1\/#breadcrumb\",\"itemListElement\":[{\"@type\":\"ListItem\",\"position\":1,\"name\":\"Portada\",\"item\":\"https:\/\/www.vidasignificativa.org\/\"},{\"@type\":\"ListItem\",\"position\":2,\"name\":\"Formaci\u00f3n en el centro penitenciario Castell\u00f3n I\"}]},{\"@type\":\"WebSite\",\"@id\":\"https:\/\/www.vidasignificativa.org\/#website\",\"url\":\"https:\/\/www.vidasignificativa.org\/\",\"name\":\"Vida Significativa\",\"description\":\"ONG\",\"publisher\":{\"@id\":\"https:\/\/www.vidasignificativa.org\/#organization\"},\"potentialAction\":[{\"@type\":\"SearchAction\",\"target\":{\"@type\":\"EntryPoint\",\"urlTemplate\":\"https:\/\/www.vidasignificativa.org\/?s={search_term_string}\"},\"query-input\":{\"@type\":\"PropertyValueSpecification\",\"valueRequired\":true,\"valueName\":\"search_term_string\"}}],\"inLanguage\":\"ca\"},{\"@type\":\"Organization\",\"@id\":\"https:\/\/www.vidasignificativa.org\/#organization\",\"name\":\"Vida Significativa\",\"url\":\"https:\/\/www.vidasignificativa.org\/\",\"logo\":{\"@type\":\"ImageObject\",\"inLanguage\":\"ca\",\"@id\":\"https:\/\/www.vidasignificativa.org\/#\/schema\/logo\/image\/\",\"url\":\"https:\/\/www.vidasignificativa.org\/wp-content\/uploads\/2024\/01\/vida-sginificativa-logo-700x700-1.jpg\",\"contentUrl\":\"https:\/\/www.vidasignificativa.org\/wp-content\/uploads\/2024\/01\/vida-sginificativa-logo-700x700-1.jpg\",\"width\":700,\"height\":700,\"caption\":\"Vida Significativa\"},\"image\":{\"@id\":\"https:\/\/www.vidasignificativa.org\/#\/schema\/logo\/image\/\"}},{\"@type\":\"Person\",\"@id\":\"https:\/\/www.vidasignificativa.org\/#\/schema\/person\/a44966fcddbd5126c638240188e9c27e\",\"name\":\"vidasignificativa\"}]}<\/script>\n<!-- \/ Yoast SEO plugin. -->","yoast_head_json":{"title":"Formaci\u00f3n en el centro penitenciario Castell\u00f3n I - Vida Significativa","description":"Formaci\u00f3n en el centro penitenciario. Fuimos al centro penitenciario de Castello I para hablar de nuestro proyecto.","robots":{"index":"index","follow":"follow","max-snippet":"max-snippet:-1","max-image-preview":"max-image-preview:large","max-video-preview":"max-video-preview:-1"},"canonical":"https:\/\/www.vidasignificativa.org\/cat\/formacion-en-el-centro-penitenciario-castellon-1\/","og_locale":"ca_ES","og_type":"article","og_title":"Formaci\u00f3n en el centro penitenciario Castell\u00f3n I - Vida Significativa","og_description":"Formaci\u00f3n en el centro penitenciario. Fuimos al centro penitenciario de Castello I para hablar de nuestro proyecto.","og_url":"https:\/\/www.vidasignificativa.org\/cat\/formacion-en-el-centro-penitenciario-castellon-1\/","og_site_name":"Vida Significativa","article_published_time":"2020-02-17T12:10:37+00:00","article_modified_time":"2020-10-22T10:34:19+00:00","og_image":[{"width":1024,"height":677,"url":"https:\/\/www.vidasignificativa.org\/wp-content\/uploads\/2016\/08\/Docentres-Centro-penitenciario-Castell\u00f3n-I.jpg","type":"image\/jpeg"}],"author":"vidasignificativa","twitter_card":"summary_large_image","twitter_misc":{"Escrit per":"vidasignificativa","Temps estimat de lectura":"5 minuts"},"schema":{"@context":"https:\/\/schema.org","@graph":[{"@type":"Article","@id":"https:\/\/www.vidasignificativa.org\/formacion-en-el-centro-penitenciario-castellon-1\/#article","isPartOf":{"@id":"https:\/\/www.vidasignificativa.org\/formacion-en-el-centro-penitenciario-castellon-1\/"},"author":{"name":"vidasignificativa","@id":"https:\/\/www.vidasignificativa.org\/#\/schema\/person\/a44966fcddbd5126c638240188e9c27e"},"headline":"Formaci\u00f3n en el centro penitenciario Castell\u00f3n I","datePublished":"2020-02-17T12:10:37+00:00","dateModified":"2020-10-22T10:34:19+00:00","mainEntityOfPage":{"@id":"https:\/\/www.vidasignificativa.org\/formacion-en-el-centro-penitenciario-castellon-1\/"},"wordCount":1067,"commentCount":0,"publisher":{"@id":"https:\/\/www.vidasignificativa.org\/#organization"},"image":{"@id":"https:\/\/www.vidasignificativa.org\/formacion-en-el-centro-penitenciario-castellon-1\/#primaryimage"},"thumbnailUrl":"https:\/\/www.vidasignificativa.org\/wp-content\/uploads\/2016\/08\/Docentres-Centro-penitenciario-Castell\u00f3n-I.jpg","keywords":["Altruismo","Formaci\u00f3n","Formaci\u00f3n docentes prisi\u00f3n"],"articleSection":["Altruismo","Formaci\u00f3n","Formaci\u00f3n maestros prisi\u00f3n","Sensibilizaci\u00f3n"],"inLanguage":"ca","potentialAction":[{"@type":"CommentAction","name":"Comment","target":["https:\/\/www.vidasignificativa.org\/formacion-en-el-centro-penitenciario-castellon-1\/#respond"]}]},{"@type":"WebPage","@id":"https:\/\/www.vidasignificativa.org\/formacion-en-el-centro-penitenciario-castellon-1\/","url":"https:\/\/www.vidasignificativa.org\/formacion-en-el-centro-penitenciario-castellon-1\/","name":"Formaci\u00f3n en el centro penitenciario Castell\u00f3n I - Vida Significativa","isPartOf":{"@id":"https:\/\/www.vidasignificativa.org\/#website"},"primaryImageOfPage":{"@id":"https:\/\/www.vidasignificativa.org\/formacion-en-el-centro-penitenciario-castellon-1\/#primaryimage"},"image":{"@id":"https:\/\/www.vidasignificativa.org\/formacion-en-el-centro-penitenciario-castellon-1\/#primaryimage"},"thumbnailUrl":"https:\/\/www.vidasignificativa.org\/wp-content\/uploads\/2016\/08\/Docentres-Centro-penitenciario-Castell\u00f3n-I.jpg","datePublished":"2020-02-17T12:10:37+00:00","dateModified":"2020-10-22T10:34:19+00:00","description":"Formaci\u00f3n en el centro penitenciario. Fuimos al centro penitenciario de Castello I para hablar de nuestro proyecto.","breadcrumb":{"@id":"https:\/\/www.vidasignificativa.org\/formacion-en-el-centro-penitenciario-castellon-1\/#breadcrumb"},"inLanguage":"ca","potentialAction":[{"@type":"ReadAction","target":["https:\/\/www.vidasignificativa.org\/formacion-en-el-centro-penitenciario-castellon-1\/"]}]},{"@type":"ImageObject","inLanguage":"ca","@id":"https:\/\/www.vidasignificativa.org\/formacion-en-el-centro-penitenciario-castellon-1\/#primaryimage","url":"https:\/\/www.vidasignificativa.org\/wp-content\/uploads\/2016\/08\/Docentres-Centro-penitenciario-Castell\u00f3n-I.jpg","contentUrl":"https:\/\/www.vidasignificativa.org\/wp-content\/uploads\/2016\/08\/Docentres-Centro-penitenciario-Castell\u00f3n-I.jpg","width":1024,"height":677,"caption":"Docentres Centro penitenciario Castell\u00f3n I"},{"@type":"BreadcrumbList","@id":"https:\/\/www.vidasignificativa.org\/formacion-en-el-centro-penitenciario-castellon-1\/#breadcrumb","itemListElement":[{"@type":"ListItem","position":1,"name":"Portada","item":"https:\/\/www.vidasignificativa.org\/"},{"@type":"ListItem","position":2,"name":"Formaci\u00f3n en el centro penitenciario Castell\u00f3n I"}]},{"@type":"WebSite","@id":"https:\/\/www.vidasignificativa.org\/#website","url":"https:\/\/www.vidasignificativa.org\/","name":"Vida Significativa","description":"ONG","publisher":{"@id":"https:\/\/www.vidasignificativa.org\/#organization"},"potentialAction":[{"@type":"SearchAction","target":{"@type":"EntryPoint","urlTemplate":"https:\/\/www.vidasignificativa.org\/?s={search_term_string}"},"query-input":{"@type":"PropertyValueSpecification","valueRequired":true,"valueName":"search_term_string"}}],"inLanguage":"ca"},{"@type":"Organization","@id":"https:\/\/www.vidasignificativa.org\/#organization","name":"Vida Significativa","url":"https:\/\/www.vidasignificativa.org\/","logo":{"@type":"ImageObject","inLanguage":"ca","@id":"https:\/\/www.vidasignificativa.org\/#\/schema\/logo\/image\/","url":"https:\/\/www.vidasignificativa.org\/wp-content\/uploads\/2024\/01\/vida-sginificativa-logo-700x700-1.jpg","contentUrl":"https:\/\/www.vidasignificativa.org\/wp-content\/uploads\/2024\/01\/vida-sginificativa-logo-700x700-1.jpg","width":700,"height":700,"caption":"Vida Significativa"},"image":{"@id":"https:\/\/www.vidasignificativa.org\/#\/schema\/logo\/image\/"}},{"@type":"Person","@id":"https:\/\/www.vidasignificativa.org\/#\/schema\/person\/a44966fcddbd5126c638240188e9c27e","name":"vidasignificativa"}]}},"_links":{"self":[{"href":"https:\/\/www.vidasignificativa.org\/cat\/wp-json\/wp\/v2\/posts\/1199"}],"collection":[{"href":"https:\/\/www.vidasignificativa.org\/cat\/wp-json\/wp\/v2\/posts"}],"about":[{"href":"https:\/\/www.vidasignificativa.org\/cat\/wp-json\/wp\/v2\/types\/post"}],"author":[{"embeddable":true,"href":"https:\/\/www.vidasignificativa.org\/cat\/wp-json\/wp\/v2\/users\/1"}],"replies":[{"embeddable":true,"href":"https:\/\/www.vidasignificativa.org\/cat\/wp-json\/wp\/v2\/comments?post=1199"}],"version-history":[{"count":0,"href":"https:\/\/www.vidasignificativa.org\/cat\/wp-json\/wp\/v2\/posts\/1199\/revisions"}],"wp:featuredmedia":[{"embeddable":true,"href":"https:\/\/www.vidasignificativa.org\/cat\/wp-json\/wp\/v2\/media\/1177"}],"wp:attachment":[{"href":"https:\/\/www.vidasignificativa.org\/cat\/wp-json\/wp\/v2\/media?parent=1199"}],"wp:term":[{"taxonomy":"category","embeddable":true,"href":"https:\/\/www.vidasignificativa.org\/cat\/wp-json\/wp\/v2\/categories?post=1199"},{"taxonomy":"post_tag","embeddable":true,"href":"https:\/\/www.vidasignificativa.org\/cat\/wp-json\/wp\/v2\/tags?post=1199"}],"curies":[{"name":"wp","href":"https:\/\/api.w.org\/{rel}","templated":true}]}}